{"id":7601,"date":"2021-01-11T19:23:48","date_gmt":"2021-01-11T19:23:48","guid":{"rendered":"https:\/\/by-tv.co.uk\/?p=7601"},"modified":"2021-01-12T01:59:02","modified_gmt":"2021-01-12T01:59:02","slug":"ingilterede-rektor-atmalari-nasil-yapiliyor-politikacilar-bu-isin-neresinde-yer-aliyor","status":"publish","type":"post","link":"https:\/\/by-tv.co.uk\/en\/ingilterede-rektor-atmalari-nasil-yapiliyor-politikacilar-bu-isin-neresinde-yer-aliyor\/","title":{"rendered":"\u0130ngiltere&#8217;de rekt\u00f6r atamalar\u0131 nas\u0131l yap\u0131l\u0131yor? Politikac\u0131lar bu i\u015fin neresinde yer al\u0131yor?"},"content":{"rendered":"<p>Bo\u011fazi\u00e7i \u00dcniversitesi&#8217;ne, \u00fcniversite d\u0131\u015f\u0131ndan bir isim olan eski AK Parti \u0130stanbul Milletvekili Aday Aday\u0131 Prof.Dr. Melih Bulu&#8217;nun atanmas\u0131 T\u00fcrkiye&#8217;de yo\u011fun tart\u0131\u015fmalara sebep oldu. Kayyum rekt\u00f6r s\u00f6ylemleri dillendirilmeye ba\u015fland\u0131. Bo\u011fazi\u00e7i \u00dcniversitesi\u2019ne rekt\u00f6r olarak atanan Melih Bulu g\u00fcnlerdir protesto ediliyor. \u00d6te yandan \u0130ngiltere&#8217;deki en b\u00fcy\u00fck y\u00fcksek\u00f6\u011fretim sendikas\u0131 University and College Union (UCU)un baz\u0131 \u00fcyeleri de atamay\u0131 k\u0131nayan mesajlar yay\u0131mlad\u0131lar.<\/p>\n<h4>\u0130ngiltere rekt\u00f6r atamalar\u0131 nas\u0131l yap\u0131l\u0131yor ?&nbsp;<\/h4>\n<p>Bog\u0306azic\u0327i U\u0308niversitesi&#8217;ndeki rekto\u0308r atamas\u0131na gelen tepkiler bu is\u0327in du\u0308nyada nas\u0131l yap\u0131ld\u0131g\u0306\u0131 sorusunu da akla getirdi. Biz de Avrupa&#8217;n\u0131n o\u0308te yakas\u0131nda, I\u0307ngiltere&#8217;de, bu is\u0327ler nas\u0131l oluyor diye merak ettik ve konuyla ilgili bir video haz\u0131rlad\u0131k. <span style=\"font-size: 1.21429rem;\">UCL&#8217;de y\u00fcksek\u00f6\u011fretim alan\u0131nda ara\u015ft\u0131rmalar yapan Tugay Durak konu ile ilgili sorular\u0131m\u0131z\u0131 cevaplad\u0131.<\/span><br \/>\n<iframe loading=\"lazy\" src=\"https:\/\/www.youtube.com\/embed\/Eq3NiFLXOaE\" width=\"1280\" height=\"720\" frameborder=\"0\" allowfullscreen=\"allowfullscreen\"><\/iframe><br \/>\n&nbsp;<\/p>\n<h4>Kralic\u0327e Elizabeth&#8217;in k\u0131z\u0131 Anne 40 y\u0131ld\u0131r Londra \u00dcniversitesi&#8217;nin \u015eans\u00f6lyesi<\/h4>\n<p>\u0130ngiltere&#8217;de \u00fcniversitenin en tepesinde onursal bir makam\u0131 olan s\u0327anso\u0308lye (chancellor) genelde mezuniyet to\u0308renlerinde diplomay\u0131 veren u\u0308nlu\u0308 bir kis\u0327i oluyor. Mesela Londra U\u0308niversite&#8217;nin 40 y\u0131ld\u0131r s\u0327anso\u0308lyesi Kralic\u0327e Elizabeth&#8217;in k\u0131z\u0131 Anne&#8217;dir.<\/p><div id=\"briti-676185573\" class=\"briti-icerik\" style=\"margin-top: 5px;margin-bottom: 5px;\"><a href=\"https:\/\/piaryum.com\/services\/\" aria-label=\"piaryum banner\"><img loading=\"lazy\" decoding=\"async\" src=\"https:\/\/by-tv.co.uk\/wp-content\/uploads\/2025\/12\/Gemini_Generated_Image_g5yqr1g5yqr1g5yq.jpg\" alt=\"\"  width=\"2064\" height=\"1152\"   \/><\/a><\/div>\n<div id=\"attachment_7611\" style=\"width: 1300px\" class=\"wp-caption alignleft\"><img loading=\"lazy\" decoding=\"async\" aria-describedby=\"caption-attachment-7611\" class=\"wp-image-7611 size-full\" src=\"https:\/\/by-tv.co.uk\/wp-content\/uploads\/2021\/01\/HRH_cropped_0.jpg\" alt=\"\" width=\"1290\" height=\"726\" title=\"\"><p id=\"caption-attachment-7611\" class=\"wp-caption-text\">Prenses Anne HRH Princess Anne, Chancellor of the University of London<\/p><\/div>\n<p>U\u0308niversite yo\u0308netimi; idari ve mali is\u0327lerden sorumlu konsey (veya yo\u0308neticiler kurulu) ile akademik is\u0327lerden sorumlu senato (veya akademik kurul)&#8217;dan olus\u0327uyor. Konseyin en az yar\u0131s\u0131 u\u0308niversite d\u0131s\u0327\u0131ndakilerden dig\u0306er yar\u0131s\u0131 da rekto\u0308r, u\u0308niversite hocalar\u0131 ve o\u0308g\u0306rencilerden olus\u0327uyor.<\/p>\n<h4>Rekto\u0308ru\u0308n sec\u0327ilmesi, atanmas\u0131 ve denetlenmesi go\u0308revi konseye ait<\/h4>\n<p>Rekto\u0308ru\u0308n sec\u0327ilmesi, atanmas\u0131 ve denetlenmesi go\u0308revi konseye ait. Go\u0308revdeki rekto\u0308ru\u0308n go\u0308rev su\u0308resi bitmeden o\u0308nce konsey bir &#8220;arama timi&#8221; olus\u0327turup, du\u0308nyan\u0131n her yerinde hem akademik hem de idari olarak bas\u0327ar\u0131l\u0131 kis\u0327ilerle go\u0308ru\u0308s\u0327meler yap\u0131p en uygun rekto\u0308r aday\u0131n\u0131 bulup at\u0131yor.<\/p>\n<p>O\u0308rnek vermek gerekirse, e\u011fitim konusunda zaman zaman g\u00f6r\u00fc\u015flerine ba\u015fvurdu\u011fumuz ve \u0130ngiltere&#8217;de doktora yapan e\u011fitim ara\u015ft\u0131rmac\u0131s\u0131 Tugay Durak&#8217;\u0131n da okudu\u011fu&nbsp; University College London (UCL)&#8217;da, bu ay atanan yeni rekto\u0308r (president &amp; provost) Sidney U\u0308niversitesi&#8217;nin 8 y\u0131ll\u0131k rekto\u0308ru\u0308 olan du\u0308nyaca u\u0308nlu\u0308 Avustralyal\u0131 bir yo\u0308netici.<\/p>\n<blockquote class=\"twitter-tweet\">\n<p dir=\"ltr\" lang=\"en\">We are delighted to welcome Dr Michael Spence as our new President &amp; Provost today. &#8220;UCL is London\u2019s first and most comprehensive university and I\u2019m incredibly excited to be joining this remarkable community.\u201d \u2013 Dr Spence <a href=\"https:\/\/t.co\/RstRxfwry5\">https:\/\/t.co\/RstRxfwry5<\/a><\/p>\n<p>\u2014 UCL News (@uclnews) <a href=\"https:\/\/twitter.com\/uclnews\/status\/1348566940198035456?ref_src=twsrc%5Etfw\" target=\"_blank\" rel=\"noopener\">January 11, 2021<\/a><\/p><\/blockquote>\n<p><script async=\"\" src=\"https:\/\/platform.twitter.com\/widgets.js\" charset=\"utf-8\"><\/script><\/p>\n<h4>\u00dcniversite e\u011fitimi konusunda Avrupa&#8217;n\u0131n en \u00f6zerk \u00fclkesi \u0130ngiltere<\/h4>\n<p>Rekto\u0308ru\u0308n atama ile geldig\u0306i I\u0307ngiltere ayn\u0131 zamanda yu\u0308kseko\u0308g\u0306retim yo\u0308netimi konusunda Avrupa&#8217;n\u0131n en o\u0308zerk u\u0308lkesi, yani her u\u0308niversite kendi yo\u0308netiminden sorumlu ve rekto\u0308ru\u0308n ne sec\u0327ilmesi ne de atanmas\u0131 konusunda devletin hic\u0327bir mu\u0308dahalesi bulunmuyor.<\/p>\n<blockquote class=\"twitter-tweet\">\n<p dir=\"ltr\" lang=\"tr\">6\u20e3Rekt\u00f6r\u00fcn atama ile geldi\u011fi \u0130ngiltere ayn\u0131 zamanda Avrupa&#8217;n\u0131n y\u00fcksek\u00f6\u011fretim y\u00f6netimi konusunda en \u00f6zerk \u00fclkesi, yani her \u00fcniversite kendi y\u00f6netiminden sorumlu ve rekt\u00f6r\u00fcn ne se\u00e7ilmesi ne de atanmas\u0131 konusunda devletin hi\u00e7bir m\u00fcdahalesi bulunmuyor. <a href=\"https:\/\/t.co\/XdrUqt0YjC\">https:\/\/t.co\/XdrUqt0YjC<\/a> <a href=\"https:\/\/t.co\/o0s78JrBQM\">pic.twitter.com\/o0s78JrBQM<\/a><\/p>\n<p>\u2014 Tugay Durak (@tugay_durak) <a href=\"https:\/\/twitter.com\/tugay_durak\/status\/1348736852392603654?ref_src=twsrc%5Etfw\" target=\"_blank\" rel=\"noopener\">January 11, 2021<\/a><\/p><\/blockquote>\n<p><script async=\"\" src=\"https:\/\/platform.twitter.com\/widgets.js\" charset=\"utf-8\"><\/script><\/p>\n<div id=\"briti-1889438652\" class=\"briti-icerikten-sonra_2\" style=\"margin-top: 25px;margin-bottom: 25px;\"><a href=\"https:\/\/wa.me\/message\/NDZLLIOQT4H3O1\" aria-label=\"bytv reklam banner\"><img loading=\"lazy\" decoding=\"async\" src=\"https:\/\/by-tv.co.uk\/wp-content\/uploads\/2025\/12\/bytv-reklam-banner.jpg\" alt=\"\"  width=\"2376\" height=\"1008\"   \/><\/a><\/div>","protected":false},"excerpt":{"rendered":"<p>Bo\u011fazi\u00e7i \u00dcniversitesi&#8217;ne, \u00fcniversite d\u0131\u015f\u0131ndan bir isim olan eski AK Parti \u0130stanbul Milletvekili Aday Aday\u0131 Prof.Dr. Melih Bulu&#8217;nun atanmas\u0131 T\u00fcrkiye&#8217;de yo\u011fun tart\u0131\u015fmalara sebep oldu. Kayyum rekt\u00f6r s\u00f6ylemleri dillendirilmeye ba\u015fland\u0131. Bo\u011fazi\u00e7i \u00dcniversitesi\u2019ne rekt\u00f6r olarak atanan Melih Bulu g\u00fcnlerdir protesto ediliyor. \u00d6te yandan \u0130ngiltere&#8217;deki en b\u00fcy\u00fck y\u00fcksek\u00f6\u011fretim sendikas\u0131 University and College Union (UCU)un baz\u0131 \u00fcyeleri de atamay\u0131 k\u0131nayan mesajlar yay\u0131mlad\u0131lar. \u0130ngiltere rekt\u00f6r atamalar\u0131 nas\u0131l yap\u0131l\u0131yor ?&nbsp; Bog\u0306azic\u0327i U\u0308niversitesi&#8217;ndeki rekto\u0308r atamas\u0131na gelen tepkiler bu is\u0327in du\u0308nyada nas\u0131l yap\u0131ld\u0131g\u0306\u0131 sorusunu da akla getirdi. Biz de Avrupa&#8217;n\u0131n o\u0308te yakas\u0131nda, I\u0307ngiltere&#8217;de, bu is\u0327ler nas\u0131l oluyor diye merak ettik ve konuyla ilgili bir video haz\u0131rlad\u0131k. UCL&#8217;de y\u00fcksek\u00f6\u011fretim alan\u0131nda [&hellip;]<\/p>\n","protected":false},"author":1,"featured_media":7602,"comment_status":"open","ping_status":"open","sticky":false,"template":"","format":"video","meta":{"ngg_post_thumbnail":0,"footnotes":""},"categories":[15],"tags":[2527,709,2528,2529,2526,1424,1336,2530],"class_list":["post-7601","post","type-post","status-publish","format-video","has-post-thumbnail","hentry","category-ingiltere","tag-bogazici-universitesi","tag-cambridge","tag-melih-bulu","tag-ozerklik","tag-rektor-atamalari","tag-tugay-durak","tag-ucl","tag-yok","post_format-post-format-video"],"_links":{"self":[{"href":"https:\/\/by-tv.co.uk\/en\/wp-json\/wp\/v2\/posts\/7601","targetHints":{"allow":["GET"]}}],"collection":[{"href":"https:\/\/by-tv.co.uk\/en\/wp-json\/wp\/v2\/posts"}],"about":[{"href":"https:\/\/by-tv.co.uk\/en\/wp-json\/wp\/v2\/types\/post"}],"author":[{"embeddable":true,"href":"https:\/\/by-tv.co.uk\/en\/wp-json\/wp\/v2\/users\/1"}],"replies":[{"embeddable":true,"href":"https:\/\/by-tv.co.uk\/en\/wp-json\/wp\/v2\/comments?post=7601"}],"version-history":[{"count":0,"href":"https:\/\/by-tv.co.uk\/en\/wp-json\/wp\/v2\/posts\/7601\/revisions"}],"wp:featuredmedia":[{"embeddable":true,"href":"https:\/\/by-tv.co.uk\/en\/wp-json\/wp\/v2\/media\/7602"}],"wp:attachment":[{"href":"https:\/\/by-tv.co.uk\/en\/wp-json\/wp\/v2\/media?parent=7601"}],"wp:term":[{"taxonomy":"category","embeddable":true,"href":"https:\/\/by-tv.co.uk\/en\/wp-json\/wp\/v2\/categories?post=7601"},{"taxonomy":"post_tag","embeddable":true,"href":"https:\/\/by-tv.co.uk\/en\/wp-json\/wp\/v2\/tags?post=7601"}],"curies":[{"name":"wp","href":"https:\/\/api.w.org\/{rel}","templated":true}]}}