{"id":7491,"date":"2021-01-06T18:16:08","date_gmt":"2021-01-06T18:16:08","guid":{"rendered":"https:\/\/by-tv.co.uk\/?p=7491"},"modified":"2021-01-06T18:16:08","modified_gmt":"2021-01-06T18:16:08","slug":"londra-stansted-havaalani-yari-zamanli-calisacak","status":"publish","type":"post","link":"https:\/\/by-tv.co.uk\/en\/londra-stansted-havaalani-yari-zamanli-calisacak\/","title":{"rendered":"Londra Stansted Havaalan\u0131, yar\u0131 zamanl\u0131 \u00e7al\u0131\u015facak"},"content":{"rendered":"<p>Londra Stansted Havaalan\u0131, \u0130ngiltere&#8217;de 3. kez ilan edilen ulusal karantina sonras\u0131nda u\u00e7u\u015flar\u0131n azalmas\u0131 sebebiyle havaalan\u0131 \u00e7al\u0131\u015fma saatlerinde radikal de\u011fi\u015fikli\u011fe gitti.&nbsp;<\/p>\n<p>Stansted Havaalan\u0131, s\u0131n\u0131rl\u0131 u\u00e7u\u015f program\u0131 nedeniyle terminalin 11 Ocak Pazartesi g\u00fcn\u00fcnden itibaren 17:00 &#8211; 05:00 saatleri aras\u0131nda kapanaca\u011f\u0131n\u0131 duyurdu. U\u00e7u\u015flar\u0131n \u00e7o\u011fu iptal edildi ve havaliman\u0131na gelenler i\u00e7in yeni kurallar uygulanmaya ba\u015fland\u0131. Bu saatlerde terminal binas\u0131na eri\u015fim olmayacak ve yolculara sabah 5&#8217;ten \u00f6nce havaalan\u0131na gelmemeleri s\u00f6ylendi.<\/p>\n<p>Yeni k\u0131s\u0131tlamalara g\u00f6re yaln\u0131zca evden ayr\u0131lmak i\u00e7in yasal olarak izin verilen bir nedeninizin oldu\u011fu durumlarda Birle\u015fik Krall\u0131k i\u00e7inde veya uluslararas\u0131 seyahat edebilirsiniz.<\/p><div id=\"briti-3902845484\" class=\"briti-icerik\" style=\"margin-top: 5px;margin-bottom: 5px;\"><a href=\"https:\/\/piaryum.com\/services\/\" aria-label=\"piaryum banner\"><img loading=\"lazy\" decoding=\"async\" src=\"https:\/\/by-tv.co.uk\/wp-content\/uploads\/2025\/12\/Gemini_Generated_Image_g5yqr1g5yqr1g5yq.jpg\" alt=\"\"  width=\"2064\" height=\"1152\"   \/><\/a><\/div>\n<p>Ba\u015fbakan Boris Johnson Pazartesi gecesi, \u00fclkenin 6 Ocak \u00c7ar\u015famba g\u00fcn\u00fcnden en az \u015eubat ortas\u0131na kadar kapat\u0131laca\u011f\u0131n\u0131 duyurdu.<\/p>\n<blockquote class=\"twitter-tweet\">\n<p dir=\"ltr\" lang=\"en\">\u26d4 During the current period of significantly reduced flight schedules, <a href=\"https:\/\/twitter.com\/STN_Airport?ref_src=twsrc%5Etfw\" target=\"_blank\" rel=\"noopener\">@STN_Airport<\/a> is closed overnight between 17:00 &amp; 05:00 from 11.01.21.<br \/>\nBe aware that during these hours there&#8217;s NO access to the terminal building &amp; you shouldn&#8217;t arrive at the airport before 5:00am. Thank you <a href=\"https:\/\/t.co\/HqZ3KzSWl7\">pic.twitter.com\/HqZ3KzSWl7<\/a><\/p>\n<p>\u2014 London Stansted Airport (@STN_Airport) <a href=\"https:\/\/twitter.com\/STN_Airport\/status\/1346372873829670913?ref_src=twsrc%5Etfw\" target=\"_blank\" rel=\"noopener\">January 5, 2021<\/a><\/p><\/blockquote>\n<p><script async=\"\" src=\"https:\/\/platform.twitter.com\/widgets.js\" charset=\"utf-8\"><\/script><\/p>\n<p>&nbsp;<\/p>\n<div id=\"briti-1001238164\" class=\"briti-icerikten-sonra_2\" style=\"margin-top: 25px;margin-bottom: 25px;\"><a href=\"https:\/\/wa.me\/message\/NDZLLIOQT4H3O1\" aria-label=\"bytv reklam banner\"><img loading=\"lazy\" decoding=\"async\" src=\"https:\/\/by-tv.co.uk\/wp-content\/uploads\/2025\/12\/bytv-reklam-banner.jpg\" alt=\"\"  width=\"2376\" height=\"1008\"   \/><\/a><\/div>","protected":false},"excerpt":{"rendered":"<p>Londra Stansted Havaalan\u0131, \u0130ngiltere&#8217;de 3. kez ilan edilen ulusal karantina sonras\u0131nda u\u00e7u\u015flar\u0131n azalmas\u0131 sebebiyle havaalan\u0131 \u00e7al\u0131\u015fma saatlerinde radikal de\u011fi\u015fikli\u011fe gitti.&nbsp; Stansted Havaalan\u0131, s\u0131n\u0131rl\u0131 u\u00e7u\u015f program\u0131 nedeniyle terminalin 11 Ocak Pazartesi g\u00fcn\u00fcnden itibaren 17:00 &#8211; 05:00 saatleri aras\u0131nda kapanaca\u011f\u0131n\u0131 duyurdu. U\u00e7u\u015flar\u0131n \u00e7o\u011fu iptal edildi ve havaliman\u0131na gelenler i\u00e7in yeni kurallar uygulanmaya ba\u015fland\u0131. Bu saatlerde terminal binas\u0131na eri\u015fim olmayacak ve yolculara sabah 5&#8217;ten \u00f6nce havaalan\u0131na gelmemeleri s\u00f6ylendi. Yeni k\u0131s\u0131tlamalara g\u00f6re yaln\u0131zca evden ayr\u0131lmak i\u00e7in yasal olarak izin verilen bir nedeninizin oldu\u011fu durumlarda Birle\u015fik Krall\u0131k i\u00e7inde veya uluslararas\u0131 seyahat edebilirsiniz. Ba\u015fbakan Boris Johnson Pazartesi gecesi, \u00fclkenin 6 Ocak \u00c7ar\u015famba g\u00fcn\u00fcnden en az \u015eubat [&hellip;]<\/p>\n","protected":false},"author":1,"featured_media":0,"comment_status":"open","ping_status":"open","sticky":false,"template":"","format":"standard","meta":{"ngg_post_thumbnail":0,"footnotes":""},"categories":[15],"tags":[2502],"class_list":["post-7491","post","type-post","status-publish","format-standard","hentry","category-ingiltere","tag-londra-stansted-havaalani"],"_links":{"self":[{"href":"https:\/\/by-tv.co.uk\/en\/wp-json\/wp\/v2\/posts\/7491","targetHints":{"allow":["GET"]}}],"collection":[{"href":"https:\/\/by-tv.co.uk\/en\/wp-json\/wp\/v2\/posts"}],"about":[{"href":"https:\/\/by-tv.co.uk\/en\/wp-json\/wp\/v2\/types\/post"}],"author":[{"embeddable":true,"href":"https:\/\/by-tv.co.uk\/en\/wp-json\/wp\/v2\/users\/1"}],"replies":[{"embeddable":true,"href":"https:\/\/by-tv.co.uk\/en\/wp-json\/wp\/v2\/comments?post=7491"}],"version-history":[{"count":0,"href":"https:\/\/by-tv.co.uk\/en\/wp-json\/wp\/v2\/posts\/7491\/revisions"}],"wp:attachment":[{"href":"https:\/\/by-tv.co.uk\/en\/wp-json\/wp\/v2\/media?parent=7491"}],"wp:term":[{"taxonomy":"category","embeddable":true,"href":"https:\/\/by-tv.co.uk\/en\/wp-json\/wp\/v2\/categories?post=7491"},{"taxonomy":"post_tag","embeddable":true,"href":"https:\/\/by-tv.co.uk\/en\/wp-json\/wp\/v2\/tags?post=7491"}],"curies":[{"name":"wp","href":"https:\/\/api.w.org\/{rel}","templated":true}]}}