{"id":7480,"date":"2021-01-06T13:42:20","date_gmt":"2021-01-06T13:42:20","guid":{"rendered":"https:\/\/by-tv.co.uk\/?p=7480"},"modified":"2021-01-06T13:42:20","modified_gmt":"2021-01-06T13:42:20","slug":"ingilterede-bbc-ders-yayinlarina-basliyor","status":"publish","type":"post","link":"https:\/\/by-tv.co.uk\/en\/ingilterede-bbc-ders-yayinlarina-basliyor\/","title":{"rendered":"\u0130ngiltere&#8217;de BBC, Ders Yay\u0131nlar\u0131na Ba\u015fl\u0131yor"},"content":{"rendered":"<p><strong class=\"klink\">LONDRA<\/strong>&nbsp;&#8211; Yeni tip koronavir\u00fcs (Kovid-19) vakalar\u0131n\u0131n h\u0131zl\u0131 bir \u015fekilde artmas\u0131 nedeniyle yeniden karantiya giren \u0130ngiltere&#8217;de&nbsp;<strong class=\"klink\">BBC<\/strong>, uzaktan&nbsp;<strong class=\"klink\">e\u011fitim<\/strong>&nbsp;programlar\u0131 yay\u0131nlamaya ba\u015flayacak.<\/p>\n<p>\u00dclkede 5 Ocak&#8217;ta ba\u015flayan karantina kapsam\u0131nda okullar kapat\u0131l\u0131rken, e\u011fitimin BBC \u00fczerinden uzaktan s\u00fcrd\u00fcr\u00fclece\u011fi a\u00e7\u0131kland\u0131.<\/p>\n<p>T\u00fcrkiye&#8217;deki TRT EBA benzeri uygulama, 11 Ocak&#8217;ta ba\u015flayacak ve&nbsp;<strong class=\"klink\">ders<\/strong>ler m\u00fcfredat\u0131 takip edecek.<\/p><div id=\"briti-1695186627\" class=\"briti-icerik\" style=\"margin-top: 5px;margin-bottom: 5px;\"><a href=\"https:\/\/piaryum.com\/services\/\" aria-label=\"piaryum banner\"><img loading=\"lazy\" decoding=\"async\" src=\"https:\/\/by-tv.co.uk\/wp-content\/uploads\/2025\/12\/Gemini_Generated_Image_g5yqr1g5yqr1g5yq.jpg\" alt=\"\"  width=\"2064\" height=\"1152\"   \/><\/a><\/div>\n<blockquote class=\"twitter-tweet\">\n<p dir=\"ltr\" lang=\"en\">Pre-shoolers present? \ud83d\ude33<\/p>\n<p>These shows will support the class of 2021! \ud83d\ude4c<\/p>\n<p>Streaming on iPlayer now along with <a href=\"https:\/\/twitter.com\/bbcbitesize?ref_src=twsrc%5Etfw\" target=\"_blank\" rel=\"noopener\">@bbcbitesize<\/a> \u2764\ufe0f<a href=\"https:\/\/twitter.com\/hashtag\/homeschooling?src=hash&amp;ref_src=twsrc%5Etfw\" target=\"_blank\" rel=\"noopener\">#homeschooling<\/a> \ud83d\udc69\u200d\ud83c\udfeb <a href=\"https:\/\/twitter.com\/hashtag\/lockdown?src=hash&amp;ref_src=twsrc%5Etfw\" target=\"_blank\" rel=\"noopener\">#lockdown<\/a> \ud83d\udc68\ud83c\udffc\u200d\ud83c\udfeb <a href=\"https:\/\/t.co\/eKKZeSTlgI\">pic.twitter.com\/eKKZeSTlgI<\/a><\/p>\n<p>\u2014 CBeebies Grown-Ups \ud83c\udf89 (@CBeebiesHQ) <a href=\"https:\/\/twitter.com\/CBeebiesHQ\/status\/1346436565095084034?ref_src=twsrc%5Etfw\" target=\"_blank\" rel=\"noopener\">January 5, 2021<\/a><\/p><\/blockquote>\n<p><script async=\"\" src=\"https:\/\/platform.twitter.com\/widgets.js\" charset=\"utf-8\"><\/script><\/p>\n<p>\u00d6ncelikle BBC&#8217;nin \u00e7ocuk kanal\u0131 CBBC, hafta i\u00e7i her g\u00fcn saat 9.00&#8217;dan itibaren 3 saatlik bir ilkokul program\u0131 yay\u0131n\u0131 yapacak.<\/p>\n<p>BBC 2 ise hafta i\u00e7i her g\u00fcn en az 2 saatlik programla orta \u00f6\u011fretim \u00f6\u011frencilerine yard\u0131m edecek.<\/p>\n<p>Bu sayede internetleri olmasa bile t\u00fcm \u00e7ocuklar\u0131n m\u00fcfredata dayal\u0131 \u00f6\u011frenime eri\u015febilmeleri sa\u011flanacak.<\/p>\n<p>Derslere, BBC&#8217;nin interaktif dijital yay\u0131n\u0131 BBC Red Button \u00fczerinden de eri\u015filebilecek.<\/p>\n<p>BBC Genel M\u00fcd\u00fcr\u00fc Tim Davie, konuya ili\u015fkin a\u00e7\u0131klamas\u0131nda, \u0130ngiltere&#8217;deki \u00e7ocuklara kendi \u00fclkelerinin okul m\u00fcfredat\u0131n\u0131 takip etme f\u0131rsat\u0131 sa\u011flaman\u0131n, BBC&#8217;nin 2020&#8217;deki \u00f6nceliklerinden biri oldu\u011funu belirterek, &#8220;E\u011fitim kesinlikle hayati \u00f6nem ta\u015f\u0131yor. BBC \u00fcst\u00fcne d\u00fc\u015feni yapacak.&#8221; dedi.<\/p>\n<p><img loading=\"lazy\" decoding=\"async\" class=\"alignleft size-full wp-image-7481\" src=\"https:\/\/by-tv.co.uk\/wp-content\/uploads\/2021\/01\/Ekran-Goruntusu-149.png\" alt=\"\" width=\"1188\" height=\"834\" title=\"\"><\/p>\n<p><strong>Dijital, K\u00fclt\u00fcr, Medya ve Spor Bakan\u0131&nbsp;<strong class=\"klink\">Oliver Dowden<\/strong><\/strong>&nbsp;ise BBC&#8217;nin karantina s\u0131ras\u0131nda evde kalmaya devam ederken \u00e7ocuklar\u0131n \u00f6\u011frenmesine yard\u0131mc\u0131 olaca\u011f\u0131n\u0131 vurgulayarak &#8220;Bu (yay\u0131nlar), ebeveynler i\u00e7in bir can simidi olacak. BBC&#8217;nin \u00fcst\u00fcne d\u00fc\u015feni yapmas\u0131n\u0131 memnuniyetle kar\u015f\u0131l\u0131yorum.&#8221; ifadesini kulland\u0131.<\/p>\n<p><strong>DAHA \u00d6NCE DERSLER SADECE \u0130NTERNET \u00dcZER\u0130NDEN TAK\u0130P ED\u0130L\u0130YORDU<\/strong><\/p>\n<p>\u0130ngiltere&#8217;de okullar\u0131n ge\u00e7en y\u0131l 20 Mart&#8217;ta tatil edilmesiyle devlet okullar\u0131nda e\u011fitim-\u00f6\u011fretim g\u00f6ren \u00f6\u011frenciler, bir ay ders yapamam\u0131\u015f, bu s\u0131rada da BBC, m\u00fcfredata uygun olarak 14 haftal\u0131k i\u00e7erik \u00fcretmi\u015fti.<\/p>\n<p>Ancak bu dersler, TV yay\u0131n\u0131 yoluyla de\u011fil internetten BBC Bitesize platformu ve BBC iPlayer \u00fczerinden payla\u015f\u0131lm\u0131\u015ft\u0131.<\/p>\n<p>Evlerinde bilgisayar ve interneti olmayan \u00e7ocuklar\u0131n derslere eri\u015fiminde sorunlar ya\u015fanm\u0131\u015f ve \u00e7ocuklara tablet ve 4G internet sa\u011flanaca\u011f\u0131 ifade edilmi\u015fti.<\/p>\n<div id=\"briti-27247876\" class=\"briti-icerikten-sonra_2\" style=\"margin-top: 25px;margin-bottom: 25px;\"><a href=\"https:\/\/wa.me\/message\/NDZLLIOQT4H3O1\" aria-label=\"bytv reklam banner\"><img loading=\"lazy\" decoding=\"async\" src=\"https:\/\/by-tv.co.uk\/wp-content\/uploads\/2025\/12\/bytv-reklam-banner.jpg\" alt=\"\"  width=\"2376\" height=\"1008\"   \/><\/a><\/div>","protected":false},"excerpt":{"rendered":"<p>LONDRA&nbsp;&#8211; Yeni tip koronavir\u00fcs (Kovid-19) vakalar\u0131n\u0131n h\u0131zl\u0131 bir \u015fekilde artmas\u0131 nedeniyle yeniden karantiya giren \u0130ngiltere&#8217;de&nbsp;BBC, uzaktan&nbsp;e\u011fitim&nbsp;programlar\u0131 yay\u0131nlamaya ba\u015flayacak. \u00dclkede 5 Ocak&#8217;ta ba\u015flayan karantina kapsam\u0131nda okullar kapat\u0131l\u0131rken, e\u011fitimin BBC \u00fczerinden uzaktan s\u00fcrd\u00fcr\u00fclece\u011fi a\u00e7\u0131kland\u0131. T\u00fcrkiye&#8217;deki TRT EBA benzeri uygulama, 11 Ocak&#8217;ta ba\u015flayacak ve&nbsp;dersler m\u00fcfredat\u0131 takip edecek. Pre-shoolers present? \ud83d\ude33 These shows will support the class of 2021! \ud83d\ude4c Streaming on iPlayer now along with @bbcbitesize \u2764\ufe0f#homeschooling \ud83d\udc69\u200d\ud83c\udfeb #lockdown \ud83d\udc68\ud83c\udffc\u200d\ud83c\udfeb pic.twitter.com\/eKKZeSTlgI \u2014 CBeebies Grown-Ups \ud83c\udf89 (@CBeebiesHQ) January 5, 2021 \u00d6ncelikle BBC&#8217;nin \u00e7ocuk kanal\u0131 CBBC, hafta i\u00e7i her g\u00fcn saat 9.00&#8217;dan itibaren 3 saatlik bir ilkokul program\u0131 yay\u0131n\u0131 yapacak. BBC 2 ise hafta i\u00e7i [&hellip;]<\/p>\n","protected":false},"author":1,"featured_media":7482,"comment_status":"open","ping_status":"open","sticky":false,"template":"","format":"standard","meta":{"ngg_post_thumbnail":0,"footnotes":""},"categories":[15,1519],"tags":[2501,2500,1483,2119,1482],"class_list":["post-7480","post","type-post","status-publish","format-standard","has-post-thumbnail","hentry","category-ingiltere","category-egitim","tag-bbc-bitesize","tag-bbc-egitim","tag-online-egitim","tag-trt-eba","tag-uzaktan-egitim"],"_links":{"self":[{"href":"https:\/\/by-tv.co.uk\/en\/wp-json\/wp\/v2\/posts\/7480","targetHints":{"allow":["GET"]}}],"collection":[{"href":"https:\/\/by-tv.co.uk\/en\/wp-json\/wp\/v2\/posts"}],"about":[{"href":"https:\/\/by-tv.co.uk\/en\/wp-json\/wp\/v2\/types\/post"}],"author":[{"embeddable":true,"href":"https:\/\/by-tv.co.uk\/en\/wp-json\/wp\/v2\/users\/1"}],"replies":[{"embeddable":true,"href":"https:\/\/by-tv.co.uk\/en\/wp-json\/wp\/v2\/comments?post=7480"}],"version-history":[{"count":0,"href":"https:\/\/by-tv.co.uk\/en\/wp-json\/wp\/v2\/posts\/7480\/revisions"}],"wp:featuredmedia":[{"embeddable":true,"href":"https:\/\/by-tv.co.uk\/en\/wp-json\/wp\/v2\/media\/7482"}],"wp:attachment":[{"href":"https:\/\/by-tv.co.uk\/en\/wp-json\/wp\/v2\/media?parent=7480"}],"wp:term":[{"taxonomy":"category","embeddable":true,"href":"https:\/\/by-tv.co.uk\/en\/wp-json\/wp\/v2\/categories?post=7480"},{"taxonomy":"post_tag","embeddable":true,"href":"https:\/\/by-tv.co.uk\/en\/wp-json\/wp\/v2\/tags?post=7480"}],"curies":[{"name":"wp","href":"https:\/\/api.w.org\/{rel}","templated":true}]}}