{"id":7422,"date":"2021-01-03T17:51:58","date_gmt":"2021-01-03T17:51:58","guid":{"rendered":"https:\/\/by-tv.co.uk\/?p=7422"},"modified":"2021-01-03T18:07:56","modified_gmt":"2021-01-03T18:07:56","slug":"ingilterede-vaka-sayilari-rekor-duzeyde-daha-siki-onlemler-gelebilir","status":"publish","type":"post","link":"https:\/\/by-tv.co.uk\/en\/ingilterede-vaka-sayilari-rekor-duzeyde-daha-siki-onlemler-gelebilir\/","title":{"rendered":"\u0130ngiltere&#8217;de vaka say\u0131lar\u0131 rekor d\u00fczeyde daha s\u0131k\u0131 \u00f6nlemler gelebilir"},"content":{"rendered":"<div class=\"css-hl9dz2-GridComponent e57qer20\" dir=\"ltr\"><\/div>\n<div class=\"css-hl9dz2-GridComponent e57qer20\" dir=\"ltr\">\n<p class=\"css-1ikvhrr-Paragraph e1cc2ql70\" dir=\"ltr\">BBC&#8217;ye konu\u015fan Johnson, rekor d\u00fczeyde artan koronavir\u00fcs vakalar\u0131n\u0131 \u00f6nlemek i\u00e7in &#8220;gelecek haftalar i\u00e7inde&#8221; daha s\u0131k\u0131 \u00f6nlemlere gerek duyulabilece\u011fini bildirdi.<\/p>\n<\/div>\n<div class=\"css-hl9dz2-GridComponent e57qer20\" dir=\"ltr\">\n<p class=\"css-1ikvhrr-Paragraph e1cc2ql70\" dir=\"ltr\">Johnson, her ne kadar buna istekli olmasalar da, bu \u00f6nlemler aras\u0131nda okullar\u0131n kapat\u0131lmas\u0131 da olabilece\u011fini s\u00f6yledi.<\/p>\n<\/div>\n<div class=\"css-hl9dz2-GridComponent e57qer20\" dir=\"ltr\">\n<p class=\"css-1ikvhrr-Paragraph e1cc2ql70\" dir=\"ltr\">H\u00fck\u00fcmetin &#8220;vir\u00fcs\u00fc geriletmek i\u00e7in ne yapmak gerekiyorsa ona odakland\u0131\u011f\u0131n\u0131&#8221; savunan Johnson, geni\u015fleyen a\u015f\u0131 kampanyas\u0131n\u0131n k\u0131s\u0131tlamalardan kurtulmak i\u00e7in bir \u00e7\u0131k\u0131\u015f olabilece\u011fini not etti.<\/p><div id=\"briti-1461712608\" class=\"briti-icerik\" style=\"margin-top: 5px;margin-bottom: 5px;\"><a href=\"https:\/\/piaryum.com\/services\/\" aria-label=\"piaryum banner\"><img loading=\"lazy\" decoding=\"async\" src=\"https:\/\/by-tv.co.uk\/wp-content\/uploads\/2025\/12\/Gemini_Generated_Image_g5yqr1g5yqr1g5yq.jpg\" alt=\"\"  width=\"2064\" height=\"1152\"   \/><\/a><\/div>\n<\/div>\n<div class=\"css-hl9dz2-GridComponent e57qer20\" dir=\"ltr\">\n<p class=\"css-1ikvhrr-Paragraph e1cc2ql70\" dir=\"ltr\">\u0130ngiltere Ba\u015fbakan\u0131, \u00f6n\u00fcm\u00fczdeki \u00fc\u00e7 ay i\u00e7erisinde &#8220;on milyonlarca&#8221; ki\u015finin a\u015f\u0131 olmas\u0131n\u0131 umdu\u011funu da ekledi.<\/p>\n<\/div>\n<div class=\"css-hl9dz2-GridComponent e57qer20\" dir=\"ltr\">\n<p class=\"css-1ikvhrr-Paragraph e1cc2ql70\" dir=\"ltr\">BBC One kanal\u0131nda Andrew Marr Show&#8217;a konuk olan Johnson, bahar aylar\u0131nda durumun daha iyi olaca\u011f\u0131na y\u00f6nelik tahmininde \u0131srarc\u0131 oldu\u011funu belirtti ve ekledi:<\/p>\n<\/div>\n<div class=\"css-hl9dz2-GridComponent e57qer20\" dir=\"ltr\">\n<p class=\"css-1ikvhrr-Paragraph e1cc2ql70\" dir=\"ltr\">&#8220;\u00dclkenin baz\u0131 k\u0131s\u0131mlar\u0131nda \u00f6n\u00fcm\u00fczdeki birka\u00e7 hafta i\u00e7inde daha s\u0131k\u0131 \u00f6nlemler almam\u0131z gerekebilir. Bu yakla\u015f\u0131mla kesinlikle hemfikirim. Hatta bence vatanda\u015flar\u0131m\u0131z da buna kat\u0131l\u0131rlar \u00e7\u00fcnk\u00fc a\u015f\u0131 kitlesel \u00f6l\u00e7ekte etki g\u00f6sterene dek vir\u00fcsle m\u00fccadele y\u00f6ntemlerimiz de\u011fi\u015fmeyecek.&#8221;<\/p>\n<\/div>\n<div class=\"css-hl9dz2-GridComponent e57qer20\" dir=\"ltr\">\n<p class=\"css-1ikvhrr-Paragraph e1cc2ql70\" dir=\"ltr\">H\u00fck\u00fcmetin k\u0131\u015f aylar\u0131na haz\u0131rlanmak i\u00e7in &#8220;t\u00fcm \u00f6nlemleri ald\u0131\u011f\u0131n\u0131&#8221; s\u00f6yleyen Johnson, yeni ve daha bula\u015f\u0131c\u0131 koronavir\u00fcs mutasyonunu \u00f6ng\u00f6rmediklerini kaydetti.<\/p>\n<div class=\"css-hl9dz2-GridComponent e57qer20\" dir=\"ltr\">\n<h4 id=\"Okullara-ili\u015fkin-karar-tart\u0131\u015fmalar\u0131n-oda\u011f\u0131nda\" class=\"css-4qzrek-SubHeading e14hemmw1\" tabindex=\"-1\">Okullara ili\u015fkin karar tart\u0131\u015fmalar\u0131n oda\u011f\u0131nda<\/h4>\n<\/div>\n<div class=\"css-hl9dz2-GridComponent e57qer20\" dir=\"ltr\">\n<p class=\"css-1ikvhrr-Paragraph e1cc2ql70\" dir=\"ltr\">Ba\u015fbakan Johnson, Pazartesi g\u00fcn\u00fc \u0130ngiltere&#8217;nin b\u00fcy\u00fck \u00e7o\u011funlu\u011funda ilkokullar\u0131n a\u00e7\u0131lmas\u0131 plan\u0131n\u0131 savunarak, \u00f6\u011fretmen sendikalar\u0131n\u0131n tepkisini \u00fczerine \u00e7ekti.<\/p>\n<\/div>\n<div class=\"css-hl9dz2-GridComponent e57qer20\" dir=\"ltr\">\n<p class=\"css-1ikvhrr-Paragraph e1cc2ql70\" dir=\"ltr\">Ba\u015fkent Londra&#8217;da \u00e7o\u011fu okul 18 Ocak&#8217;a kadar kapal\u0131 olacak ancak \u0130ngiltere&#8217;nin ba\u015fka b\u00f6lgelerinde gelecek haftadan itibaren okullar\u0131n a\u00e7\u0131lmas\u0131 bekleniyor.<\/p>\n<div class=\"css-hl9dz2-GridComponent e57qer20\" dir=\"ltr\">\n<p class=\"css-1ikvhrr-Paragraph e1cc2ql70\" dir=\"ltr\">Johnson, \u0130ngiltere&#8217;nin b\u00fcy\u00fck \u00e7o\u011funlu\u011funda okullar\u0131n a\u00e7\u0131lmas\u0131n\u0131n &#8220;makul&#8221; oldu\u011funu savunarak, &#8220;okullar\u0131n g\u00fcvenli oldu\u011fu konusunda hi\u00e7bir \u015f\u00fcphesinin olmad\u0131\u011f\u0131n\u0131&#8221; belirtti.<\/p>\n<\/div>\n<div class=\"css-hl9dz2-GridComponent e57qer20\" dir=\"ltr\">\n<p class=\"css-1ikvhrr-Paragraph e1cc2ql70\" dir=\"ltr\">\u00d6te yandan sendikalar okullara gitmelerinin \u00f6\u011fretmenler i\u00e7in risk yarataca\u011f\u0131n\u0131 savunuyor ve t\u00fcm ilkokullarda e\u011fitimin uzaktan s\u00fcrd\u00fcr\u00fclmesini istiyor.<\/p>\n<\/div>\n<div class=\"css-hl9dz2-GridComponent e57qer20\" dir=\"ltr\">\n<p class=\"css-1ikvhrr-Paragraph e1cc2ql70\" dir=\"ltr\">BBC Sa\u011fl\u0131k Muhabiri Nick Triggle, okullara ili\u015fkin tart\u0131\u015fmay\u0131 yorumlayarak \u015funlar\u0131 s\u00f6yl\u00fcyor:<\/p>\n<\/div>\n<div class=\"css-hl9dz2-GridComponent e57qer20\" dir=\"ltr\">\n<p class=\"css-1ikvhrr-Paragraph e1cc2ql70\" dir=\"ltr\">&#8220;\u0130lkokullar\u0131 a\u00e7mak konusunda bir \u0131srar var. E\u011fer semptom g\u00f6steren vakalara bakarsan\u0131z ilkokullar en az vakalara sahip yerler. Ancak ortaokul ve liselerde vaka say\u0131s\u0131 olduk\u00e7a fazla. H\u00fck\u00fcmet, okullar\u0131n a\u00e7\u0131lmas\u0131n\u0131 erteleyerek asl\u0131nda zaman kazand\u0131.&#8221;<\/p>\n<\/div>\n<div class=\"css-hl9dz2-GridComponent e57qer20\" dir=\"ltr\">\n<h4 id=\"Vaka-say\u0131lar\u0131-rekor-d\u00fczeyde\" class=\"css-4qzrek-SubHeading e14hemmw1\" tabindex=\"-1\">Vaka say\u0131lar\u0131 rekor d\u00fczeyde<\/h4>\n<\/div>\n<div class=\"css-hl9dz2-GridComponent e57qer20\" dir=\"ltr\">\n<p class=\"css-1ikvhrr-Paragraph e1cc2ql70\" dir=\"ltr\">\u0130ngiltere&#8217;de vaka say\u0131s\u0131 g\u00fcnlerdir 50 binin \u00fczerinde seyrediyor. D\u00fcn 445 ki\u015finin daha koronavir\u00fcse ba\u011fl\u0131 olarak ya\u015fam\u0131n\u0131 yitirdi\u011fi duyuruldu. Bu yeni verilerle birlikte toplam \u00f6l\u00fcm say\u0131s\u0131 da 74 bin 570&#8217;e ula\u015fm\u0131\u015f oldu.<\/p>\n<\/div>\n<div class=\"css-hl9dz2-GridComponent e57qer20\" dir=\"ltr\">\n<p class=\"css-1ikvhrr-Paragraph e1cc2ql70\" dir=\"ltr\">Hastaneye yat\u0131\u015f say\u0131lar\u0131 ise bahar ay\u0131ndaki yo\u011funlu\u011fun \u00fczerine \u00e7\u0131kt\u0131.<\/p>\n<\/div>\n<div class=\"css-hl9dz2-GridComponent e57qer20\" dir=\"ltr\">\n<p class=\"css-1ikvhrr-Paragraph e1cc2ql70\" dir=\"ltr\">Sa\u011fl\u0131k Bakanl\u0131\u011f\u0131 verilerine g\u00f6re hastanelerin &#8220;\u015fimdiye kadarki en yo\u011fun k\u0131\u015f\u0131&#8221; ge\u00e7irdi\u011fi s\u00f6yleniyor.<\/p>\n<\/div>\n<\/div>\n<\/div>\n<div id=\"briti-253550570\" class=\"briti-icerikten-sonra_2\" style=\"margin-top: 25px;margin-bottom: 25px;\"><a href=\"https:\/\/wa.me\/message\/NDZLLIOQT4H3O1\" aria-label=\"bytv reklam banner\"><img loading=\"lazy\" decoding=\"async\" src=\"https:\/\/by-tv.co.uk\/wp-content\/uploads\/2025\/12\/bytv-reklam-banner.jpg\" alt=\"\"  width=\"2376\" height=\"1008\"   \/><\/a><\/div>","protected":false},"excerpt":{"rendered":"<p>BBC&#8217;ye konu\u015fan Johnson, rekor d\u00fczeyde artan koronavir\u00fcs vakalar\u0131n\u0131 \u00f6nlemek i\u00e7in &#8220;gelecek haftalar i\u00e7inde&#8221; daha s\u0131k\u0131 \u00f6nlemlere gerek duyulabilece\u011fini bildirdi. Johnson, her ne kadar buna istekli olmasalar da, bu \u00f6nlemler aras\u0131nda okullar\u0131n kapat\u0131lmas\u0131 da olabilece\u011fini s\u00f6yledi. H\u00fck\u00fcmetin &#8220;vir\u00fcs\u00fc geriletmek i\u00e7in ne yapmak gerekiyorsa ona odakland\u0131\u011f\u0131n\u0131&#8221; savunan Johnson, geni\u015fleyen a\u015f\u0131 kampanyas\u0131n\u0131n k\u0131s\u0131tlamalardan kurtulmak i\u00e7in bir \u00e7\u0131k\u0131\u015f olabilece\u011fini not etti. \u0130ngiltere Ba\u015fbakan\u0131, \u00f6n\u00fcm\u00fczdeki \u00fc\u00e7 ay i\u00e7erisinde &#8220;on milyonlarca&#8221; ki\u015finin a\u015f\u0131 olmas\u0131n\u0131 umdu\u011funu da ekledi. BBC One kanal\u0131nda Andrew Marr Show&#8217;a konuk olan Johnson, bahar aylar\u0131nda durumun daha iyi olaca\u011f\u0131na y\u00f6nelik tahmininde \u0131srarc\u0131 oldu\u011funu belirtti ve ekledi: &#8220;\u00dclkenin baz\u0131 k\u0131s\u0131mlar\u0131nda \u00f6n\u00fcm\u00fczdeki birka\u00e7 hafta i\u00e7inde [&hellip;]<\/p>\n","protected":false},"author":1,"featured_media":0,"comment_status":"open","ping_status":"open","sticky":false,"template":"","format":"standard","meta":{"ngg_post_thumbnail":0,"footnotes":""},"categories":[15],"tags":[1096,430,417,204,558,275,1372,228,1550],"class_list":["post-7422","post","type-post","status-publish","format-standard","hentry","category-ingiltere","tag-covit-19","tag-birlesik-krallik","tag-boris-johnson","tag-britanya","tag-dunya-saglik-orgutu","tag-egitim","tag-koronavirus-salgini","tag-londra","tag-pandemi"],"_links":{"self":[{"href":"https:\/\/by-tv.co.uk\/en\/wp-json\/wp\/v2\/posts\/7422","targetHints":{"allow":["GET"]}}],"collection":[{"href":"https:\/\/by-tv.co.uk\/en\/wp-json\/wp\/v2\/posts"}],"about":[{"href":"https:\/\/by-tv.co.uk\/en\/wp-json\/wp\/v2\/types\/post"}],"author":[{"embeddable":true,"href":"https:\/\/by-tv.co.uk\/en\/wp-json\/wp\/v2\/users\/1"}],"replies":[{"embeddable":true,"href":"https:\/\/by-tv.co.uk\/en\/wp-json\/wp\/v2\/comments?post=7422"}],"version-history":[{"count":0,"href":"https:\/\/by-tv.co.uk\/en\/wp-json\/wp\/v2\/posts\/7422\/revisions"}],"wp:attachment":[{"href":"https:\/\/by-tv.co.uk\/en\/wp-json\/wp\/v2\/media?parent=7422"}],"wp:term":[{"taxonomy":"category","embeddable":true,"href":"https:\/\/by-tv.co.uk\/en\/wp-json\/wp\/v2\/categories?post=7422"},{"taxonomy":"post_tag","embeddable":true,"href":"https:\/\/by-tv.co.uk\/en\/wp-json\/wp\/v2\/tags?post=7422"}],"curies":[{"name":"wp","href":"https:\/\/api.w.org\/{rel}","templated":true}]}}