{"id":7409,"date":"2021-01-02T13:04:49","date_gmt":"2021-01-02T13:04:49","guid":{"rendered":"https:\/\/by-tv.co.uk\/?p=7409"},"modified":"2021-01-02T13:04:49","modified_gmt":"2021-01-02T13:04:49","slug":"thyden-ingiltere-turkiye-ucuslarina-iliskin-aciklama","status":"publish","type":"post","link":"https:\/\/by-tv.co.uk\/en\/thyden-ingiltere-turkiye-ucuslarina-iliskin-aciklama\/","title":{"rendered":"THY&#8217;den \u0130ngiltere-T\u00fcrkiye u\u00e7u\u015flar\u0131na ili\u015fkin a\u00e7\u0131klama"},"content":{"rendered":"<p>\u0130STANBUL (AA) &#8211;&nbsp;T\u00fcrk Hava Yollar\u0131 (THY), \u0130ngiltere&#8217;den yurda giri\u015flerin ge\u00e7ici olarak durdurulmas\u0131na ili\u015fkin a\u00e7\u0131klama yapt\u0131.<\/p>\n<p>THY&#8217;nin sosyal medya hesab\u0131ndan yap\u0131lan a\u00e7\u0131klamada, resmi otoritelerce al\u0131nan karar uyar\u0131nca \u0130ngiltere \u00e7\u0131k\u0131\u015fl\u0131, T\u00fcrkiye var\u0131\u015fl\u0131 yolcular\u0131n geli\u015flerinin durduruldu\u011fu belirtilerek, \u015funlar kaydedildi:<\/p>\n<p>&#8220;T\u00fcrkiye \u00e7\u0131k\u0131\u015fl\u0131, \u0130ngiltere var\u0131\u015fl\u0131 u\u00e7u\u015flar\u0131m\u0131z, \u0130ngiltere \u00e7\u0131k\u0131\u015fl\u0131, ba\u015fka \u00fclke var\u0131\u015fl\u0131 (transit) u\u00e7u\u015flar\u0131m\u0131z planland\u0131\u011f\u0131 \u015fekilde devam etmektedir. Bilet de\u011fi\u015fikli\u011fi ve di\u011fer talepleriniz i\u00e7in 444 08 49 numaral\u0131 \u00e7a\u011fr\u0131 merkezimizden veya biletinizi sat\u0131n ald\u0131\u011f\u0131n\u0131z acenteye ba\u015fvurarak ger\u00e7ekle\u015ftirebilirsiniz. Konu hakk\u0131nda yeni geli\u015fmeler ve g\u00fcncel bilgiler, web sitemizden veya sosyal medya hesaplar\u0131m\u0131zdan payla\u015f\u0131lmaya devam edecektir.&#8221;<\/p><div id=\"briti-3945654695\" class=\"briti-icerik\" style=\"margin-top: 5px;margin-bottom: 5px;\"><a href=\"https:\/\/piaryum.com\/services\/\" aria-label=\"piaryum banner\"><img loading=\"lazy\" decoding=\"async\" src=\"https:\/\/by-tv.co.uk\/wp-content\/uploads\/2025\/12\/Gemini_Generated_Image_g5yqr1g5yqr1g5yq.jpg\" alt=\"\"  width=\"2064\" height=\"1152\"   \/><\/a><\/div>\n<p>Sa\u011fl\u0131k Bakan\u0131 Fahrettin Koca, \u0130ngiltere&#8217;den son d\u00f6nemde yurda giri\u015f yapan 15 ki\u015fide yeni mutasyon ile uyumlu vir\u00fcs tespit edilmesi \u00fczerine, bu \u00fclkeden yurda giri\u015flerin ge\u00e7ici olarak tamamen durduruldu\u011funu duyurmu\u015ftu.<\/p>\n<div id=\"briti-521026163\" class=\"briti-icerikten-sonra_2\" style=\"margin-top: 25px;margin-bottom: 25px;\"><a href=\"https:\/\/wa.me\/message\/NDZLLIOQT4H3O1\" aria-label=\"bytv reklam banner\"><img loading=\"lazy\" decoding=\"async\" src=\"https:\/\/by-tv.co.uk\/wp-content\/uploads\/2025\/12\/bytv-reklam-banner.jpg\" alt=\"\"  width=\"2376\" height=\"1008\"   \/><\/a><\/div>","protected":false},"excerpt":{"rendered":"<p>\u0130STANBUL (AA) &#8211;&nbsp;T\u00fcrk Hava Yollar\u0131 (THY), \u0130ngiltere&#8217;den yurda giri\u015flerin ge\u00e7ici olarak durdurulmas\u0131na ili\u015fkin a\u00e7\u0131klama yapt\u0131. THY&#8217;nin sosyal medya hesab\u0131ndan yap\u0131lan a\u00e7\u0131klamada, resmi otoritelerce al\u0131nan karar uyar\u0131nca \u0130ngiltere \u00e7\u0131k\u0131\u015fl\u0131, T\u00fcrkiye var\u0131\u015fl\u0131 yolcular\u0131n geli\u015flerinin durduruldu\u011fu belirtilerek, \u015funlar kaydedildi: &#8220;T\u00fcrkiye \u00e7\u0131k\u0131\u015fl\u0131, \u0130ngiltere var\u0131\u015fl\u0131 u\u00e7u\u015flar\u0131m\u0131z, \u0130ngiltere \u00e7\u0131k\u0131\u015fl\u0131, ba\u015fka \u00fclke var\u0131\u015fl\u0131 (transit) u\u00e7u\u015flar\u0131m\u0131z planland\u0131\u011f\u0131 \u015fekilde devam etmektedir. Bilet de\u011fi\u015fikli\u011fi ve di\u011fer talepleriniz i\u00e7in 444 08 49 numaral\u0131 \u00e7a\u011fr\u0131 merkezimizden veya biletinizi sat\u0131n ald\u0131\u011f\u0131n\u0131z acenteye ba\u015fvurarak ger\u00e7ekle\u015ftirebilirsiniz. Konu hakk\u0131nda yeni geli\u015fmeler ve g\u00fcncel bilgiler, web sitemizden veya sosyal medya hesaplar\u0131m\u0131zdan payla\u015f\u0131lmaya devam edecektir.&#8221; Sa\u011fl\u0131k Bakan\u0131 Fahrettin Koca, \u0130ngiltere&#8217;den son d\u00f6nemde yurda giri\u015f yapan 15 ki\u015fide yeni [&hellip;]<\/p>\n","protected":false},"author":1,"featured_media":7410,"comment_status":"open","ping_status":"open","sticky":false,"template":"","format":"standard","meta":{"ngg_post_thumbnail":0,"footnotes":""},"categories":[15],"tags":[],"class_list":["post-7409","post","type-post","status-publish","format-standard","has-post-thumbnail","hentry","category-ingiltere"],"_links":{"self":[{"href":"https:\/\/by-tv.co.uk\/en\/wp-json\/wp\/v2\/posts\/7409","targetHints":{"allow":["GET"]}}],"collection":[{"href":"https:\/\/by-tv.co.uk\/en\/wp-json\/wp\/v2\/posts"}],"about":[{"href":"https:\/\/by-tv.co.uk\/en\/wp-json\/wp\/v2\/types\/post"}],"author":[{"embeddable":true,"href":"https:\/\/by-tv.co.uk\/en\/wp-json\/wp\/v2\/users\/1"}],"replies":[{"embeddable":true,"href":"https:\/\/by-tv.co.uk\/en\/wp-json\/wp\/v2\/comments?post=7409"}],"version-history":[{"count":0,"href":"https:\/\/by-tv.co.uk\/en\/wp-json\/wp\/v2\/posts\/7409\/revisions"}],"wp:featuredmedia":[{"embeddable":true,"href":"https:\/\/by-tv.co.uk\/en\/wp-json\/wp\/v2\/media\/7410"}],"wp:attachment":[{"href":"https:\/\/by-tv.co.uk\/en\/wp-json\/wp\/v2\/media?parent=7409"}],"wp:term":[{"taxonomy":"category","embeddable":true,"href":"https:\/\/by-tv.co.uk\/en\/wp-json\/wp\/v2\/categories?post=7409"},{"taxonomy":"post_tag","embeddable":true,"href":"https:\/\/by-tv.co.uk\/en\/wp-json\/wp\/v2\/tags?post=7409"}],"curies":[{"name":"wp","href":"https:\/\/api.w.org\/{rel}","templated":true}]}}