{"id":7377,"date":"2020-12-30T11:57:06","date_gmt":"2020-12-30T11:57:06","guid":{"rendered":"https:\/\/by-tv.co.uk\/?p=7377"},"modified":"2020-12-30T13:33:10","modified_gmt":"2020-12-30T13:33:10","slug":"ingiltere-oxford-universitesinin-gelistirdigi-kovid-19-asisinin-yaygin-kullanimina-onay-verdi","status":"publish","type":"post","link":"https:\/\/by-tv.co.uk\/en\/ingiltere-oxford-universitesinin-gelistirdigi-kovid-19-asisinin-yaygin-kullanimina-onay-verdi\/","title":{"rendered":"\u0130ngiltere, Oxford \u00dcniversitesinin geli\u015ftirdi\u011fi Kovid-19 a\u015f\u0131s\u0131n\u0131n yayg\u0131n kullan\u0131m\u0131na onay verdi"},"content":{"rendered":"<p>BBC&#8217;de yer alan habere g\u00f6re, \u0130ngiltere \u0130la\u00e7 ve Sa\u011fl\u0131k \u00dcr\u00fcnleri D\u00fczenleme Kurumu (MHRA), a\u015f\u0131 aday\u0131n\u0131n yayg\u0131n kullan\u0131m i\u00e7in g\u00fcvenli oldu\u011funu bildirdi.<\/p>\n<p>B\u00f6ylece Alman biyoteknoloji firmas\u0131 BioNTech&#8217;in Amerikan ila\u00e7 \u015firketi Pfizer ile geli\u015ftirdi\u011fi a\u015f\u0131n\u0131n ard\u0131ndan ikinci Kovid-19 a\u015f\u0131s\u0131 tescillenmi\u015f oldu.MHRA, daha \u00f6nce 2 Aral\u0131k&#8217;ta Biontech\/Pfizer a\u015f\u0131s\u0131n\u0131n yayg\u0131n kullan\u0131m\u0131na onay vermi\u015fti. A\u015f\u0131, d\u00fcnyada sa\u011fl\u0131k kurumlar\u0131nca tescillenen ilk Kovid-19 a\u015f\u0131s\u0131 olmu\u015ftu.<\/p>\n<h4>Vir\u00fcs vekt\u00f6r\u00fc y\u00f6ntemiyle geli\u015ftirildi<\/h4>\n<p>Oxford \u00dcniversitesi Jenner Enstit\u00fcs\u00fc ile Oxford A\u015f\u0131 Grubu i\u015f birli\u011finde geli\u015ftirilen ve \u00fcretim lisans\u0131 \u0130ngiliz-\u0130sve\u00e7 ila\u00e7 \u015firketi AstraZeneca taraf\u0131ndan sat\u0131n al\u0131nan a\u015f\u0131, &#8220;vir\u00fcs vekt\u00f6r\u00fc&#8221; olarak adland\u0131r\u0131lan y\u00f6ntemle geli\u015ftirildi.<\/p><div id=\"briti-3756624489\" class=\"briti-icerik\" style=\"margin-top: 5px;margin-bottom: 5px;\"><a href=\"https:\/\/piaryum.com\/services\/\" aria-label=\"piaryum banner\"><img loading=\"lazy\" decoding=\"async\" src=\"https:\/\/by-tv.co.uk\/wp-content\/uploads\/2025\/12\/Gemini_Generated_Image_g5yqr1g5yqr1g5yq.jpg\" alt=\"\"  width=\"2064\" height=\"1152\"   \/><\/a><\/div>\n<blockquote class=\"instagram-media\" style=\"background: #FFF; border: 0; border-radius: 3px; box-shadow: 0 0 1px 0 rgba(0,0,0,0.5),0 1px 10px 0 rgba(0,0,0,0.15); margin: 1px; max-width: 540px; min-width: 326px; padding: 0; width: calc(100% - 2px);\" data-instgrm-permalink=\"https:\/\/www.instagram.com\/p\/CJbFpCMKmcy\/?utm_source=ig_embed&amp;utm_campaign=loading\" data-instgrm-version=\"13\">\n<div style=\"padding: 16px;\">\n<p>&nbsp;<\/p>\n<div style=\"display: flex; flex-direction: row; align-items: center;\">\n<div style=\"background-color: #f4f4f4; border-radius: 50%; flex-grow: 0; height: 40px; margin-right: 14px; width: 40px;\">&nbsp;<\/div>\n<div style=\"display: flex; flex-direction: column; flex-grow: 1; justify-content: center;\">\n<div style=\"background-color: #f4f4f4; border-radius: 4px; flex-grow: 0; height: 14px; margin-bottom: 6px; width: 100px;\">&nbsp;<\/div>\n<div style=\"background-color: #f4f4f4; border-radius: 4px; flex-grow: 0; height: 14px; width: 60px;\">&nbsp;<\/div>\n<\/div>\n<\/div>\n<div style=\"padding: 19% 0;\">&nbsp;<\/div>\n<div style=\"display: block; height: 50px; margin: 0 auto 12px; width: 50px;\">&nbsp;<\/div>\n<div style=\"padding-top: 8px;\">\n<div style=\"color: #3897f0; font-family: Arial,sans-serif; font-size: 14px; font-style: normal; font-weight: 550; line-height: 18px;\">Bu g\u00f6nderiyi Instagram&#8217;da g\u00f6r<\/div>\n<\/div>\n<div style=\"padding: 12.5% 0;\">&nbsp;<\/div>\n<div style=\"display: flex; flex-direction: row; margin-bottom: 14px; align-items: center;\">\n<div>\n<div style=\"background-color: #f4f4f4; border-radius: 50%; height: 12.5px; width: 12.5px; transform: translateX(0px) translateY(7px);\">&nbsp;<\/div>\n<div style=\"background-color: #f4f4f4; height: 12.5px; transform: rotate(-45deg) translateX(3px) translateY(1px); width: 12.5px; flex-grow: 0; margin-right: 14px; margin-left: 2px;\">&nbsp;<\/div>\n<div style=\"background-color: #f4f4f4; border-radius: 50%; height: 12.5px; width: 12.5px; transform: translateX(9px) translateY(-18px);\">&nbsp;<\/div>\n<\/div>\n<div style=\"margin-left: 8px;\">\n<div style=\"background-color: #f4f4f4; border-radius: 50%; flex-grow: 0; height: 20px; width: 20px;\">&nbsp;<\/div>\n<div style=\"width: 0; height: 0; border-top: 2px solid transparent; border-left: 6px solid #f4f4f4; border-bottom: 2px solid transparent; transform: translateX(16px) translateY(-4px) rotate(30deg);\">&nbsp;<\/div>\n<\/div>\n<div style=\"margin-left: auto;\">\n<div style=\"width: 0px; border-top: 8px solid #F4F4F4; border-right: 8px solid transparent; transform: translateY(16px);\">&nbsp;<\/div>\n<div style=\"background-color: #f4f4f4; flex-grow: 0; height: 12px; width: 16px; transform: translateY(-4px);\">&nbsp;<\/div>\n<div style=\"width: 0; height: 0; border-top: 8px solid #F4F4F4; border-left: 8px solid transparent; transform: translateY(-4px) translateX(8px);\">&nbsp;<\/div>\n<\/div>\n<\/div>\n<div style=\"display: flex; flex-direction: column; flex-grow: 1; justify-content: center; margin-bottom: 24px;\">\n<div style=\"background-color: #f4f4f4; border-radius: 4px; flex-grow: 0; height: 14px; margin-bottom: 6px; width: 224px;\">&nbsp;<\/div>\n<div style=\"background-color: #f4f4f4; border-radius: 4px; flex-grow: 0; height: 14px; width: 144px;\">&nbsp;<\/div>\n<\/div>\n<p>&nbsp;<\/p>\n<p style=\"color: #c9c8cd; font-family: Arial,sans-serif; font-size: 14px; line-height: 17px; margin-bottom: 0; margin-top: 8px; overflow: hidden; padding: 8px 0 7px; text-align: center; text-overflow: ellipsis; white-space: nowrap;\"><a style=\"color: #c9c8cd; font-family: Arial,sans-serif; font-size: 14px; font-style: normal; font-weight: normal; line-height: 17px; text-decoration: none;\" href=\"https:\/\/www.instagram.com\/p\/CJbFpCMKmcy\/?utm_source=ig_embed&amp;utm_campaign=loading\" target=\"_blank\" rel=\"noopener\">Briti\u015f Ya\u015fam TV (@britisyasamtv)&#8217;in payla\u015ft\u0131\u011f\u0131 bir g\u00f6nderi<\/a><\/p>\n<\/div>\n<\/blockquote>\n<p><script async=\"\" src=\"\/\/www.instagram.com\/embed.js\"><\/script><\/p>\n<p>&#8220;AZD1222&#8221; a\u015f\u0131 aday\u0131, so\u011fuk alg\u0131nl\u0131\u011f\u0131na yol a\u00e7an bir adenovir\u00fcs\u00fcn zay\u0131flat\u0131lm\u0131\u015f ve kendini \u00e7o\u011faltamayan versiyonunu i\u00e7eriyor. Bile\u015fimine Kovid-19&#8217;un insan h\u00fccrelerine tutunmas\u0131n\u0131 sa\u011flayan \u00e7ivi proteininin DNA&#8217;s\u0131 eklenen adenovir\u00fcs, enzimin yapay olarak ortaya \u00e7\u0131kmas\u0131n\u0131 ve v\u00fccudun buna kar\u015f\u0131 koruyucu antikor \u00fcreterek ger\u00e7ek vir\u00fcse kar\u015f\u0131 ba\u011f\u0131\u015f\u0131kl\u0131k kazanmas\u0131n\u0131 ama\u00e7l\u0131yor.<\/p>\n<p>A\u015f\u0131n\u0131n klinik denemeleri nisanda ba\u015flam\u0131\u015f, 2&#8217;nci ve 3&#8217;nc\u00fc a\u015fama klinik denemeleri \u0130ngiltere ve Hindistan&#8217;da y\u00fcr\u00fct\u00fclm\u00fc\u015ft\u00fc. 30 bin g\u00f6n\u00fcll\u00fcn\u00fcn kat\u0131ld\u0131\u011f\u0131 3&#8217;nc\u00fc a\u015fama denemeler Brezilya, G\u00fcney Afrika ve ABD&#8217;ye geni\u015fletilmi\u015fti.<\/p>\n<p>Oxford \u00dcniversitesi, 23 Kas\u0131m&#8217;da yapt\u0131\u011f\u0131 a\u00e7\u0131klamada, halen devam eden \u00fc\u00e7\u00fcnc\u00fc a\u015fama denemelerin ilk sonu\u00e7lar\u0131na g\u00f6re, potansiyel Kovid-19 a\u015f\u0131s\u0131n\u0131n ise tek doz uygulanmas\u0131 halinde y\u00fczde 70, \u00f6nce yar\u0131m doz, ard\u0131ndan tam doz uygulanmas\u0131 halinde ise y\u00fczde 90 seviyesinde etkili oldu\u011fu bildirmi\u015fti.<\/p>\n<p>ABD, a\u015f\u0131dan 300 milyon doz, \u0130ngiltere 100 milyon doz ve Avrupa Birli\u011fi (AB) ise 400 milyon doz sat\u0131n almak \u00fczere \u00f6n anla\u015fmalar yapm\u0131\u015ft\u0131.<\/p>\n<div id=\"briti-1251672236\" class=\"briti-icerikten-sonra_2\" style=\"margin-top: 25px;margin-bottom: 25px;\"><a href=\"https:\/\/wa.me\/message\/NDZLLIOQT4H3O1\" aria-label=\"bytv reklam banner\"><img loading=\"lazy\" decoding=\"async\" src=\"https:\/\/by-tv.co.uk\/wp-content\/uploads\/2025\/12\/bytv-reklam-banner.jpg\" alt=\"\"  width=\"2376\" height=\"1008\"   \/><\/a><\/div>","protected":false},"excerpt":{"rendered":"<p>BBC&#8217;de yer alan habere g\u00f6re, \u0130ngiltere \u0130la\u00e7 ve Sa\u011fl\u0131k \u00dcr\u00fcnleri D\u00fczenleme Kurumu (MHRA), a\u015f\u0131 aday\u0131n\u0131n yayg\u0131n kullan\u0131m i\u00e7in g\u00fcvenli oldu\u011funu bildirdi. B\u00f6ylece Alman biyoteknoloji firmas\u0131 BioNTech&#8217;in Amerikan ila\u00e7 \u015firketi Pfizer ile geli\u015ftirdi\u011fi a\u015f\u0131n\u0131n ard\u0131ndan ikinci Kovid-19 a\u015f\u0131s\u0131 tescillenmi\u015f oldu.MHRA, daha \u00f6nce 2 Aral\u0131k&#8217;ta Biontech\/Pfizer a\u015f\u0131s\u0131n\u0131n yayg\u0131n kullan\u0131m\u0131na onay vermi\u015fti. A\u015f\u0131, d\u00fcnyada sa\u011fl\u0131k kurumlar\u0131nca tescillenen ilk Kovid-19 a\u015f\u0131s\u0131 olmu\u015ftu. Vir\u00fcs vekt\u00f6r\u00fc y\u00f6ntemiyle geli\u015ftirildi Oxford \u00dcniversitesi Jenner Enstit\u00fcs\u00fc ile Oxford A\u015f\u0131 Grubu i\u015f birli\u011finde geli\u015ftirilen ve \u00fcretim lisans\u0131 \u0130ngiliz-\u0130sve\u00e7 ila\u00e7 \u015firketi AstraZeneca taraf\u0131ndan sat\u0131n al\u0131nan a\u015f\u0131, &#8220;vir\u00fcs vekt\u00f6r\u00fc&#8221; olarak adland\u0131r\u0131lan y\u00f6ntemle geli\u015ftirildi. &nbsp; &nbsp; &nbsp; &nbsp; &nbsp; &nbsp; Bu g\u00f6nderiyi Instagram&#8217;da g\u00f6r [&hellip;]<\/p>\n","protected":false},"author":1,"featured_media":7378,"comment_status":"open","ping_status":"open","sticky":false,"template":"","format":"standard","meta":{"ngg_post_thumbnail":0,"footnotes":""},"categories":[15],"tags":[1096,372,991,430,417,809,567,808,558,758,1509,708,1550,1837,460,144],"class_list":["post-7377","post","type-post","status-publish","format-standard","has-post-thumbnail","hentry","category-ingiltere","tag-covit-19","tag-abd","tag-asi","tag-birlesik-krallik","tag-boris-johnson","tag-corona","tag-coronavirus","tag-covid-19","tag-dunya-saglik-orgutu","tag-korona-virus","tag-kovid-19","tag-oxford","tag-pandemi","tag-pfizer","tag-salgin","tag-turkiye"],"_links":{"self":[{"href":"https:\/\/by-tv.co.uk\/en\/wp-json\/wp\/v2\/posts\/7377","targetHints":{"allow":["GET"]}}],"collection":[{"href":"https:\/\/by-tv.co.uk\/en\/wp-json\/wp\/v2\/posts"}],"about":[{"href":"https:\/\/by-tv.co.uk\/en\/wp-json\/wp\/v2\/types\/post"}],"author":[{"embeddable":true,"href":"https:\/\/by-tv.co.uk\/en\/wp-json\/wp\/v2\/users\/1"}],"replies":[{"embeddable":true,"href":"https:\/\/by-tv.co.uk\/en\/wp-json\/wp\/v2\/comments?post=7377"}],"version-history":[{"count":0,"href":"https:\/\/by-tv.co.uk\/en\/wp-json\/wp\/v2\/posts\/7377\/revisions"}],"wp:featuredmedia":[{"embeddable":true,"href":"https:\/\/by-tv.co.uk\/en\/wp-json\/wp\/v2\/media\/7378"}],"wp:attachment":[{"href":"https:\/\/by-tv.co.uk\/en\/wp-json\/wp\/v2\/media?parent=7377"}],"wp:term":[{"taxonomy":"category","embeddable":true,"href":"https:\/\/by-tv.co.uk\/en\/wp-json\/wp\/v2\/categories?post=7377"},{"taxonomy":"post_tag","embeddable":true,"href":"https:\/\/by-tv.co.uk\/en\/wp-json\/wp\/v2\/tags?post=7377"}],"curies":[{"name":"wp","href":"https:\/\/api.w.org\/{rel}","templated":true}]}}