{"id":7371,"date":"2020-12-30T01:21:27","date_gmt":"2020-12-30T01:21:27","guid":{"rendered":"https:\/\/by-tv.co.uk\/?p=7371"},"modified":"2021-05-30T12:04:42","modified_gmt":"2021-05-30T11:04:42","slug":"ford-otosan-genel-muduru-yenigun-turkiye-ve-birlesik-krallik-arasindaki-stayi-memnuniyetle-karsiliyoruz","status":"publish","type":"post","link":"https:\/\/by-tv.co.uk\/en\/ford-otosan-genel-muduru-yenigun-turkiye-ve-birlesik-krallik-arasindaki-stayi-memnuniyetle-karsiliyoruz\/","title":{"rendered":"Ford Otosan Genel M\u00fcd\u00fcr\u00fc Yenig\u00fcn: &#8220;T\u00fcrkiye ve Birle\u015fik Krall\u0131k aras\u0131ndaki STA&#8217;y\u0131 memnuniyetle kar\u015f\u0131l\u0131yoruz&#8221;"},"content":{"rendered":"<p>\u0130STANBUL (AA) &#8211;&nbsp;Ford Otosan Genel M\u00fcd\u00fcr\u00fc Haydar Yenig\u00fcn, T\u00fcrkiye ile Birle\u015fik Krall\u0131k aras\u0131nda imzalanan Serbest Ticaret Anla\u015fmas\u0131&#8217;na (STA) ili\u015fkin,&nbsp;&#8220;Brexit s\u00fcreciyle belirsizli\u011fin hakim oldu\u011fu ticari ili\u015fkilerin, hem Birle\u015fik Krall\u0131k hem T\u00fcrkiye ekonomisi i\u00e7in olumlu y\u00f6nde bir anla\u015fma ile sonu\u00e7lanmas\u0131n\u0131 ve ticari ili\u015fkilerin kesintisiz y\u00fcr\u00fcmesine y\u00f6nelik bu son derece \u00f6nemli ad\u0131m\u0131n at\u0131lmas\u0131n\u0131 b\u00fcy\u00fck memnuniyetle kar\u015f\u0131l\u0131yoruz.&#8221; ifadesini kulland\u0131.<\/p>\n<blockquote class=\"instagram-media\" style=\"background: #FFF; border: 0; border-radius: 3px; box-shadow: 0 0 1px 0 rgba(0,0,0,0.5),0 1px 10px 0 rgba(0,0,0,0.15); margin: 1px; max-width: 540px; min-width: 326px; padding: 0; width: calc(100% - 2px);\" data-instgrm-permalink=\"https:\/\/www.instagram.com\/p\/CJY0j9oKY_k\/?utm_source=ig_embed&amp;utm_campaign=loading\" data-instgrm-version=\"13\">\n<div style=\"padding: 16px;\">\n<p>&nbsp;<\/p>\n<div style=\"display: flex; flex-direction: row; align-items: center;\">\n<div style=\"background-color: #f4f4f4; border-radius: 50%; flex-grow: 0; height: 40px; margin-right: 14px; width: 40px;\">&nbsp;<\/div>\n<div style=\"display: flex; flex-direction: column; flex-grow: 1; justify-content: center;\">\n<div style=\"background-color: #f4f4f4; border-radius: 4px; flex-grow: 0; height: 14px; margin-bottom: 6px; width: 100px;\">&nbsp;<\/div>\n<div style=\"background-color: #f4f4f4; border-radius: 4px; flex-grow: 0; height: 14px; width: 60px;\">&nbsp;<\/div>\n<\/div>\n<\/div>\n<div style=\"padding: 19% 0;\">&nbsp;<\/div>\n<div style=\"display: block; height: 50px; margin: 0 auto 12px; width: 50px;\">&nbsp;<\/div>\n<div style=\"padding-top: 8px;\">\n<div style=\"color: #3897f0; font-family: Arial,sans-serif; font-size: 14px; font-style: normal; font-weight: 550; line-height: 18px;\">Bu g\u00f6nderiyi Instagram&#8217;da g\u00f6r<\/div>\n<\/div>\n<div style=\"padding: 12.5% 0;\">&nbsp;<\/div>\n<div style=\"display: flex; flex-direction: row; margin-bottom: 14px; align-items: center;\">\n<div>\n<div style=\"background-color: #f4f4f4; border-radius: 50%; height: 12.5px; width: 12.5px; transform: translateX(0px) translateY(7px);\">&nbsp;<\/div>\n<div style=\"background-color: #f4f4f4; height: 12.5px; transform: rotate(-45deg) translateX(3px) translateY(1px); width: 12.5px; flex-grow: 0; margin-right: 14px; margin-left: 2px;\">&nbsp;<\/div>\n<div style=\"background-color: #f4f4f4; border-radius: 50%; height: 12.5px; width: 12.5px; transform: translateX(9px) translateY(-18px);\">&nbsp;<\/div>\n<\/div>\n<div style=\"margin-left: 8px;\">\n<div style=\"background-color: #f4f4f4; border-radius: 50%; flex-grow: 0; height: 20px; width: 20px;\">&nbsp;<\/div>\n<div style=\"width: 0; height: 0; border-top: 2px solid transparent; border-left: 6px solid #f4f4f4; border-bottom: 2px solid transparent; transform: translateX(16px) translateY(-4px) rotate(30deg);\">&nbsp;<\/div>\n<\/div>\n<div style=\"margin-left: auto;\">\n<div style=\"width: 0px; border-top: 8px solid #F4F4F4; border-right: 8px solid transparent; transform: translateY(16px);\">&nbsp;<\/div>\n<div style=\"background-color: #f4f4f4; flex-grow: 0; height: 12px; width: 16px; transform: translateY(-4px);\">&nbsp;<\/div>\n<div style=\"width: 0; height: 0; border-top: 8px solid #F4F4F4; border-left: 8px solid transparent; transform: translateY(-4px) translateX(8px);\">&nbsp;<\/div>\n<\/div>\n<\/div>\n<div style=\"display: flex; flex-direction: column; flex-grow: 1; justify-content: center; margin-bottom: 24px;\">\n<div style=\"background-color: #f4f4f4; border-radius: 4px; flex-grow: 0; height: 14px; margin-bottom: 6px; width: 224px;\">&nbsp;<\/div>\n<div style=\"background-color: #f4f4f4; border-radius: 4px; flex-grow: 0; height: 14px; width: 144px;\">&nbsp;<\/div>\n<\/div>\n<p>&nbsp;<\/p>\n<p style=\"color: #c9c8cd; font-family: Arial,sans-serif; font-size: 14px; line-height: 17px; margin-bottom: 0; margin-top: 8px; overflow: hidden; padding: 8px 0 7px; text-align: center; text-overflow: ellipsis; white-space: nowrap;\"><a style=\"color: #c9c8cd; font-family: Arial,sans-serif; font-size: 14px; font-style: normal; font-weight: normal; line-height: 17px; text-decoration: none;\" href=\"https:\/\/www.instagram.com\/p\/CJY0j9oKY_k\/?utm_source=ig_embed&amp;utm_campaign=loading\" target=\"_blank\" rel=\"noopener\">Briti\u015f Ya\u015fam TV (@britisyasamtv)&#8217;in payla\u015ft\u0131\u011f\u0131 bir g\u00f6nderi<\/a><\/p>\n<\/div>\n<\/blockquote>\n<p><script async=\"\" src=\"\/\/www.instagram.com\/embed.js\"><\/script><\/p>\n<p>Ford Otosan&#8217;dan yap\u0131lan a\u00e7\u0131klamada g\u00f6r\u00fc\u015flerine yer verilen Yenig\u00fcn, Birle\u015fik Krall\u0131k&#8217;\u0131n&nbsp;AB&#8217;den ayr\u0131lmas\u0131n\u0131n ard\u0131ndan ticari ili\u015fkilerin kesintisiz devam etmesinin T\u00fcrk otomotiv end\u00fcstrisi i\u00e7in oldu\u011fu gibi Ford Otosan i\u00e7in de kritik \u00f6nem ta\u015f\u0131d\u0131\u011f\u0131n\u0131 vurgulad\u0131.<\/p>\n<p>Yenig\u00fcn, &#8220;Brexit s\u00fcreciyle belirsizli\u011fin hakim oldu\u011fu ticari ili\u015fkilerin, hem Birle\u015fik Krall\u0131k hem T\u00fcrkiye ekonomisi i\u00e7in olumlu y\u00f6nde bir anla\u015fma ile sonu\u00e7lanmas\u0131n\u0131 ve ticari ili\u015fkilerin kesintisiz y\u00fcr\u00fcmesine y\u00f6nelik bu son derece \u00f6nemli ad\u0131m\u0131n at\u0131lmas\u0131n\u0131 b\u00fcy\u00fck memnuniyetle kar\u015f\u0131l\u0131yoruz. S\u00fcre\u00e7teki takipleri ve gayretleri i\u00e7in ba\u015fta Ticaret Bakan\u0131m\u0131z Ruhsar Pekcan, Ticaret Bakan Yard\u0131mc\u0131lar\u0131m\u0131z Gonca Y\u0131lmaz Batur ve R\u0131za Tuna Turagay, Genel M\u00fcd\u00fcr\u00fcm\u00fcz H\u00fcsn\u00fc Dilemre, Genel M\u00fcd\u00fcr Yard\u0131mc\u0131m\u0131z Atilla Bast\u0131rmac\u0131 ve Daire Ba\u015fkan\u0131m\u0131z Elif Y\u00fccel G\u00fcrsoy&#8217;un yan\u0131 s\u0131ra Birle\u015fik Krall\u0131k&nbsp;Ankara B\u00fcy\u00fckel\u00e7isi Dominick Chilcott, Birle\u015fik Krall\u0131k Ticaret Komiseri Judith Slater ve Birle\u015fik Krall\u0131k&nbsp;B\u00fcy\u00fckel\u00e7ili\u011fi Brexit G\u00f6rev G\u00fcc\u00fc olmak \u00fczere iki \u00fclke aras\u0131ndaki STA&#8217;n\u0131n hayata ge\u00e7irilmesinde eme\u011fi ge\u00e7en, katk\u0131da bulunan herkese te\u015fekk\u00fcr ediyoruz.&#8221;&nbsp;ifadelerini kulland\u0131.<\/p><div id=\"briti-648907776\" class=\"briti-icerik\" style=\"margin-top: 5px;margin-bottom: 5px;\"><a href=\"https:\/\/piaryum.com\/services\/\" aria-label=\"piaryum banner\"><img loading=\"lazy\" decoding=\"async\" src=\"https:\/\/by-tv.co.uk\/wp-content\/uploads\/2025\/12\/Gemini_Generated_Image_g5yqr1g5yqr1g5yq.jpg\" alt=\"\"  width=\"2064\" height=\"1152\"   \/><\/a><\/div>\n<ul>\n<li><a href=\"https:\/\/by-tv.co.uk\/en\/son-dakika-turkiye-ile-ingiltere-arasinda-tarihi-anlasma-imzalar-atildi\/\" target=\"_blank\" rel=\"noopener\"><strong>T\u00fcrkiye ile \u0130ngiltere aras\u0131nda tarihi anla\u015fma! \u0130mzalar at\u0131ld\u0131.<\/strong><\/a><\/li>\n<\/ul>\n<p>&#8211; &#8220;Anla\u015fman\u0131n imzalanma h\u0131z\u0131&nbsp;iki \u00fclke aras\u0131ndaki kuvvetli ekonomik ba\u011f\u0131n bir g\u00f6stergesi&#8221;<\/p>\n<p>Anla\u015fman\u0131n imzalanma h\u0131z\u0131n\u0131n iki \u00fclke aras\u0131ndaki kuvvetli ekonomik ba\u011f\u0131n bir g\u00f6stergesi oldu\u011funa inand\u0131klar\u0131n\u0131 belirten Yenig\u00fcn, &#8220;Ford ve Ford Otosan olarak halihaz\u0131rda y\u00fczde 10&#8217;dan daha fazlas\u0131n\u0131 \u00fcstlendi\u011fimiz bu ticaret hacminin s\u00fcrd\u00fcr\u00fclebilirli\u011finin garanti alt\u0131na al\u0131nmas\u0131 ile \u00f6n\u00fcm\u00fczdeki d\u00f6nemde \u00fclkelerimizin refah\u0131na katk\u0131da bulunmaya devam edece\u011fiz. Otomotiv sanayimizin global arenadaki itibar\u0131n\u0131n ve rekabet avantaj\u0131n\u0131n korunmas\u0131 i\u00e7in b\u00fcy\u00fck \u00f6neme sahip bu anla\u015fmayla&nbsp;Birle\u015fik Krall\u0131k ile olan ticaret hacminin \u00f6n\u00fcm\u00fczdeki d\u00f6nemde daha da g\u00fc\u00e7lenerek b\u00fcy\u00fcyece\u011fine inan\u0131yoruz.&#8221;&nbsp;de\u011ferlendirmesinde bulundu.<\/p>\n<p><iframe loading=\"lazy\" src=\"https:\/\/www.youtube.com\/embed\/abXVaMYq9gA\" width=\"901\" height=\"507\" frameborder=\"0\" allowfullscreen=\"allowfullscreen\"><\/iframe><\/p>\n<p>&#8211; &#8220;Otomotivde kar\u015f\u0131l\u0131kl\u0131 ticaret hacmi g\u00f6z ard\u0131 edilemez bir d\u00fczeye ula\u015ft\u0131&#8221;<\/p>\n<p>Haydar Yenig\u00fcn, Birle\u015fik Krall\u0131k&#8217;la olan otomotiv ticaretine ili\u015fkin rakamlar\u0131 payla\u015f\u0131rken,&nbsp;\u015funlar\u0131 kaydetti:<\/p>\n<p>&#8220;Bug\u00fcn Brexit kapsam\u0131nda AB&#8217;den ayr\u0131lma s\u00fcrecinde olan Birle\u015fik Krall\u0131k, 2019 y\u0131l\u0131nda 11,2 milyar dolar ile Almanya&#8217;n\u0131n ard\u0131ndan \u00fclkemizin en \u00e7ok ihracat yapt\u0131\u011f\u0131 ikinci pazar. \u0130hracat\u0131n lokomotifi T\u00fcrk otomotiv sanayi i\u00e7in&nbsp;bu ihracattan y\u00fczde 10 pay alan Birle\u015fik Krall\u0131k, kritik \u00f6neme sahip. 2019 y\u0131l\u0131 verilerine g\u00f6re, ana sanayi olarak Birle\u015fik Krall\u0131k&#8217;a&nbsp;yap\u0131lan ihracat adet baz\u0131nda 122 bin 560, de\u011fer baz\u0131nda ise 1,8 milyar dolar olarak ger\u00e7ekle\u015fti. Di\u011fer \u00fclkeler \u00fczerinden yap\u0131lan ihracat da dikkate al\u0131nd\u0131\u011f\u0131nda T\u00fcrkiye&#8217;de Birle\u015fik Krall\u0131k pazar\u0131 i\u00e7in yap\u0131lan \u00fcretimin ihracat de\u011feri 3 milyar dolar seviyelerine yakla\u015ft\u0131. Birle\u015fik Krall\u0131k ticari ara\u00e7 pazar\u0131na bakt\u0131\u011f\u0131m\u0131zda ise y\u0131lda yakla\u015f\u0131k 388 bin adet yeni ara\u00e7 sat\u0131\u015f\u0131 ger\u00e7ekle\u015firken, bu sat\u0131\u015flar\u0131n yakla\u015f\u0131k 1\/3&#8217;\u00fc T\u00fcrkiye&#8217;den ihra\u00e7 edilen ara\u00e7lardan olu\u015fuyor ve en \u00e7ok sat\u0131lan ilk 10 ticari ara\u00e7 i\u00e7inde birinci ve \u00fc\u00e7\u00fcnc\u00fc&nbsp;s\u0131rada da yine T\u00fcrkiye&#8217;de \u00fcretilen Ford Transit model ara\u00e7lar yer al\u0131yor.<\/p>\n<div id=\"attachment_7373\" style=\"width: 1610px\" class=\"wp-caption alignleft\"><img loading=\"lazy\" decoding=\"async\" aria-describedby=\"caption-attachment-7373\" class=\"size-full wp-image-7373\" src=\"https:\/\/by-tv.co.uk\/wp-content\/uploads\/2020\/12\/EqaWyGOXcAEm6UD.jpg\" alt=\"\" width=\"1600\" height=\"1105\" title=\"\"><p id=\"caption-attachment-7373\" class=\"wp-caption-text\">T\u00fcrkiye ile Birle\u015fik Krall\u0131k aras\u0131nda Serbest Ticaret Anla\u015fmas\u0131 imzaland\u0131. T\u00f6ren T\u00fcrkiye Ticaret Bakan\u0131 Ruhsar Pekcan ile Birle\u015fik Krall\u0131k Uluslararas\u0131 Ticaret Bakan\u0131 Liz Truss&#8217;\u0131n video konferans \u015feklindeki kat\u0131l\u0131m\u0131yla ger\u00e7ekle\u015ftirildi.<\/p><\/div>\n<p>Birle\u015fik Krall\u0131k&#8217;\u0131n ihracat\u0131n\u0131 inceledi\u011fimizde ise&nbsp;T\u00fcrkiye, motor ihra\u00e7 etti\u011fi \u00fclke s\u0131ralamas\u0131nda ikinci s\u0131rada, otomotiv ihracat\u0131nda ise be\u015finci&nbsp;s\u0131rada yer al\u0131yor. Y\u0131llard\u0131r s\u00fcren ekonomik ve stratejik i\u015f birli\u011fi sayesinde \u00f6zellikle otomotivde kar\u015f\u0131l\u0131kl\u0131 ticaret hacmi g\u00f6z ard\u0131 edilemez bir d\u00fczeye ula\u015ft\u0131. Birle\u015fik Krall\u0131k&#8217;\u0131n AB&#8217;den ayr\u0131lmas\u0131n\u0131n ard\u0131ndan ticari ili\u015fkilerin kesintisiz devam\u0131 bu nedenle son derece \u00f6nemli.&#8221;<\/p>\n<div id=\"briti-683694135\" class=\"briti-icerikten-sonra_2\" style=\"margin-top: 25px;margin-bottom: 25px;\"><a href=\"https:\/\/wa.me\/message\/NDZLLIOQT4H3O1\" aria-label=\"bytv reklam banner\"><img loading=\"lazy\" decoding=\"async\" src=\"https:\/\/by-tv.co.uk\/wp-content\/uploads\/2025\/12\/bytv-reklam-banner.jpg\" alt=\"\"  width=\"2376\" height=\"1008\"   \/><\/a><\/div>","protected":false},"excerpt":{"rendered":"<p>\u0130STANBUL (AA) &#8211;&nbsp;Ford Otosan Genel M\u00fcd\u00fcr\u00fc Haydar Yenig\u00fcn, T\u00fcrkiye ile Birle\u015fik Krall\u0131k aras\u0131nda imzalanan Serbest Ticaret Anla\u015fmas\u0131&#8217;na (STA) ili\u015fkin,&nbsp;&#8220;Brexit s\u00fcreciyle belirsizli\u011fin hakim oldu\u011fu ticari ili\u015fkilerin, hem Birle\u015fik Krall\u0131k hem T\u00fcrkiye ekonomisi i\u00e7in olumlu y\u00f6nde bir anla\u015fma ile sonu\u00e7lanmas\u0131n\u0131 ve ticari ili\u015fkilerin kesintisiz y\u00fcr\u00fcmesine y\u00f6nelik bu son derece \u00f6nemli ad\u0131m\u0131n at\u0131lmas\u0131n\u0131 b\u00fcy\u00fck memnuniyetle kar\u015f\u0131l\u0131yoruz.&#8221; ifadesini kulland\u0131. &nbsp; &nbsp; &nbsp; &nbsp; &nbsp; &nbsp; Bu g\u00f6nderiyi Instagram&#8217;da g\u00f6r &nbsp; &nbsp; &nbsp; &nbsp; &nbsp; &nbsp; &nbsp; &nbsp; &nbsp; &nbsp; &nbsp; &nbsp; Briti\u015f Ya\u015fam TV (@britisyasamtv)&#8217;in payla\u015ft\u0131\u011f\u0131 bir g\u00f6nderi Ford Otosan&#8217;dan yap\u0131lan a\u00e7\u0131klamada g\u00f6r\u00fc\u015flerine yer verilen Yenig\u00fcn, Birle\u015fik Krall\u0131k&#8217;\u0131n&nbsp;AB&#8217;den ayr\u0131lmas\u0131n\u0131n ard\u0131ndan ticari ili\u015fkilerin kesintisiz devam [&hellip;]<\/p>\n","protected":false},"author":1,"featured_media":7372,"comment_status":"open","ping_status":"open","sticky":false,"template":"","format":"standard","meta":{"ngg_post_thumbnail":0,"footnotes":""},"categories":[15,3114],"tags":[430,2483,2484,149,2485],"class_list":["post-7371","post","type-post","status-publish","format-standard","has-post-thumbnail","hentry","category-ingiltere","category-tr-uk-sta","tag-birlesik-krallik","tag-ford","tag-haydar-yenigun","tag-ingiltere","tag-sta"],"_links":{"self":[{"href":"https:\/\/by-tv.co.uk\/en\/wp-json\/wp\/v2\/posts\/7371","targetHints":{"allow":["GET"]}}],"collection":[{"href":"https:\/\/by-tv.co.uk\/en\/wp-json\/wp\/v2\/posts"}],"about":[{"href":"https:\/\/by-tv.co.uk\/en\/wp-json\/wp\/v2\/types\/post"}],"author":[{"embeddable":true,"href":"https:\/\/by-tv.co.uk\/en\/wp-json\/wp\/v2\/users\/1"}],"replies":[{"embeddable":true,"href":"https:\/\/by-tv.co.uk\/en\/wp-json\/wp\/v2\/comments?post=7371"}],"version-history":[{"count":0,"href":"https:\/\/by-tv.co.uk\/en\/wp-json\/wp\/v2\/posts\/7371\/revisions"}],"wp:featuredmedia":[{"embeddable":true,"href":"https:\/\/by-tv.co.uk\/en\/wp-json\/wp\/v2\/media\/7372"}],"wp:attachment":[{"href":"https:\/\/by-tv.co.uk\/en\/wp-json\/wp\/v2\/media?parent=7371"}],"wp:term":[{"taxonomy":"category","embeddable":true,"href":"https:\/\/by-tv.co.uk\/en\/wp-json\/wp\/v2\/categories?post=7371"},{"taxonomy":"post_tag","embeddable":true,"href":"https:\/\/by-tv.co.uk\/en\/wp-json\/wp\/v2\/tags?post=7371"}],"curies":[{"name":"wp","href":"https:\/\/api.w.org\/{rel}","templated":true}]}}