{"id":7364,"date":"2020-12-29T17:01:43","date_gmt":"2020-12-29T17:01:43","guid":{"rendered":"https:\/\/by-tv.co.uk\/?p=7364"},"modified":"2021-05-30T11:53:36","modified_gmt":"2021-05-30T10:53:36","slug":"ankara-anlasmasi-vizesine-ikame-bir-vize-turu-eklenmeli-onerisi","status":"publish","type":"post","link":"https:\/\/by-tv.co.uk\/en\/ankara-anlasmasi-vizesine-ikame-bir-vize-turu-eklenmeli-onerisi\/","title":{"rendered":"&#8220;Ankara Anla\u015fmas\u0131 vizesine ikame bir vize t\u00fcr\u00fc eklenmeli&#8221; \u00f6nerisi"},"content":{"rendered":"<p>\u0130STANBUL (AA) &#8211;&nbsp;AB Hukuku Uzman\u0131 Avukat Yakup Engin,&nbsp;&#8220;Ankara Anla\u015fmas\u0131 vizesine ikame olarak bir vize t\u00fcr\u00fc eklenmesi, anla\u015fman\u0131n en etkili \u015fekilde sonu\u00e7 vermesini sa\u011flayacak ve bu f\u0131rsatlar\u0131 de\u011ferlendirebilecek T\u00fcrk i\u015f insan\u0131 ve giri\u015fimcilerin \u00f6nemli bir kataliz\u00f6r g\u00f6revi \u00fcstlenmelerine sebep olacakt\u0131r.&#8221; ifadelerini kulland\u0131.<\/p>\n<p>CSS Legal&#8217;den&nbsp;yap\u0131lan a\u00e7\u0131klamaya g\u00f6re,&nbsp;Brexit&#8217;in ger\u00e7ekle\u015fmesi sonras\u0131 T\u00fcrkiye ile \u0130ngiltere&#8217;nin ticari faaliyetlerini belirleyecek Serbest Ticaret Anla\u015fmas\u0131&#8217;n\u0131n (STA) bug\u00fcn imzalanmas\u0131 bekleniyor.<\/p>\n<p>A\u00e7\u0131klamada g\u00f6r\u00fc\u015flerine&nbsp;yer verilen AB Hukuku Uzman\u0131 Avukat Engin,&nbsp;Brexit ile Ankara Anla\u015fmas\u0131 vizesinin&nbsp;de 31 Aral\u0131k 2020&#8217;de iptal olaca\u011f\u0131n\u0131&nbsp;ve T\u00fcrk vatanda\u015flar\u0131n\u0131n bir hak kayb\u0131na u\u011frayaca\u011f\u0131n\u0131 belirtti.<\/p><div id=\"briti-3393771837\" class=\"briti-icerik\" style=\"margin-top: 5px;margin-bottom: 5px;\"><a href=\"https:\/\/piaryum.com\/services\/\" aria-label=\"piaryum banner\"><img loading=\"lazy\" decoding=\"async\" src=\"https:\/\/by-tv.co.uk\/wp-content\/uploads\/2025\/12\/Gemini_Generated_Image_g5yqr1g5yqr1g5yq.jpg\" alt=\"\"  width=\"2064\" height=\"1152\"   \/><\/a><\/div>\n<p>&nbsp;Engin, Ankara Anla\u015fmas\u0131 vizesine ikame olarak bir vize t\u00fcr\u00fc eklenmesi gerekti\u011fini aktararak,&nbsp;&#8220;T\u00fcm bunlara bak\u0131ld\u0131\u011f\u0131nda, \u0130ngiltere ile ticari faaliyetlerin art\u0131r\u0131lmas\u0131na y\u00f6nelik yap\u0131lacak bu STA&#8217;n\u0131n i\u00e7eri\u011fine Ankara Anla\u015fmas\u0131 vizesine ikame olarak bir vize t\u00fcr\u00fc eklenmesi, anla\u015fman\u0131n en etkili \u015fekilde sonu\u00e7 vermesini sa\u011flayacak ve bu f\u0131rsatlar\u0131 de\u011ferlendirebilecek T\u00fcrk i\u015f insan\u0131 ve giri\u015fimcilerin \u00f6nemli bir kataliz\u00f6r g\u00f6revi \u00fcstlenmelerine sebep olacakt\u0131r.&#8221; ifadelerini kulland\u0131.<\/p>\n<p>\u0130ngiltere-T\u00fcrkiye STA&#8217;s\u0131n\u0131n sevindirici bir geli\u015fme oldu\u011funa i\u015faret eden&nbsp;Engin,&nbsp;&#8220;\u0130ngiltere&#8217;nin Brexit sonras\u0131nda AB \u00fcyeli\u011finin sona ermesiyle birlikte&nbsp;\u0130ngiltere Ticaret Bakan\u0131 Liz Truss ile Ticaret Bakan\u0131 Ruhsar Pekcan&#8217;\u0131n duyurdu\u011fu ve bug\u00fcn imzalanmas\u0131 beklenen STA, T\u00fcrkiye&#8217;nin \u0130ngiltere ile d\u0131\u015f ticaretinin sekteye u\u011framamas\u0131 i\u00e7in sevindirici bir geli\u015fme oldu.&#8221; de\u011ferlendirmesinde bulundu.<\/p>\n<p>Engin, anla\u015fman\u0131n&nbsp;T\u00fcrk giri\u015fimcilerin ve i\u015f insanlar\u0131n\u0131n \u0130ngiltere pazar\u0131na eri\u015fimini kolayla\u015ft\u0131racak ve en etkin \u015fekilde sonu\u00e7 vermesini sa\u011flamak \u00fczere d\u00fczenlemeleri de i\u00e7ermesi gerekti\u011fini belirterek, \u015funlar\u0131 kaydetti:<\/p>\n<p>&#8220;Bu anla\u015fman\u0131n tam anlam\u0131yla her iki \u00fclke aras\u0131nda fayda sa\u011flamas\u0131 i\u00e7in&nbsp;sadece g\u00fcmr\u00fck vergileri, kota ve tarifelere ili\u015fkin s\u0131n\u0131rlamalar\u0131 kald\u0131rarak ticari hacmin geli\u015fmesini hedefler \u015fekilde kalmamas\u0131, bu ticaret hacminin geli\u015fmesini sa\u011flayacak olan T\u00fcrk giri\u015fimcilerin ve i\u015f insanlar\u0131n\u0131n \u0130ngiltere pazar\u0131na eri\u015fimini kolayla\u015ft\u0131racak ve en etkin \u015fekilde sonu\u00e7 vermesini sa\u011flamak \u00fczere d\u00fczenlemeleri de i\u00e7ermesi gerekti\u011fini d\u00fc\u015f\u00fcn\u00fcyoruz.&#8221;<\/p>\n<div id=\"briti-2687235991\" class=\"briti-icerikten-sonra_2\" style=\"margin-top: 25px;margin-bottom: 25px;\"><a href=\"https:\/\/wa.me\/message\/NDZLLIOQT4H3O1\" aria-label=\"bytv reklam banner\"><img loading=\"lazy\" decoding=\"async\" src=\"https:\/\/by-tv.co.uk\/wp-content\/uploads\/2025\/12\/bytv-reklam-banner.jpg\" alt=\"\"  width=\"2376\" height=\"1008\"   \/><\/a><\/div>","protected":false},"excerpt":{"rendered":"<p>\u0130STANBUL (AA) &#8211;&nbsp;AB Hukuku Uzman\u0131 Avukat Yakup Engin,&nbsp;&#8220;Ankara Anla\u015fmas\u0131 vizesine ikame olarak bir vize t\u00fcr\u00fc eklenmesi, anla\u015fman\u0131n en etkili \u015fekilde sonu\u00e7 vermesini sa\u011flayacak ve bu f\u0131rsatlar\u0131 de\u011ferlendirebilecek T\u00fcrk i\u015f insan\u0131 ve giri\u015fimcilerin \u00f6nemli bir kataliz\u00f6r g\u00f6revi \u00fcstlenmelerine sebep olacakt\u0131r.&#8221; ifadelerini kulland\u0131. CSS Legal&#8217;den&nbsp;yap\u0131lan a\u00e7\u0131klamaya g\u00f6re,&nbsp;Brexit&#8217;in ger\u00e7ekle\u015fmesi sonras\u0131 T\u00fcrkiye ile \u0130ngiltere&#8217;nin ticari faaliyetlerini belirleyecek Serbest Ticaret Anla\u015fmas\u0131&#8217;n\u0131n (STA) bug\u00fcn imzalanmas\u0131 bekleniyor. A\u00e7\u0131klamada g\u00f6r\u00fc\u015flerine&nbsp;yer verilen AB Hukuku Uzman\u0131 Avukat Engin,&nbsp;Brexit ile Ankara Anla\u015fmas\u0131 vizesinin&nbsp;de 31 Aral\u0131k 2020&#8217;de iptal olaca\u011f\u0131n\u0131&nbsp;ve T\u00fcrk vatanda\u015flar\u0131n\u0131n bir hak kayb\u0131na u\u011frayaca\u011f\u0131n\u0131 belirtti. &nbsp;Engin, Ankara Anla\u015fmas\u0131 vizesine ikame olarak bir vize t\u00fcr\u00fc eklenmesi gerekti\u011fini aktararak,&nbsp;&#8220;T\u00fcm bunlara bak\u0131ld\u0131\u011f\u0131nda, \u0130ngiltere ile [&hellip;]<\/p>\n","protected":false},"author":1,"featured_media":7365,"comment_status":"open","ping_status":"open","sticky":false,"template":"","format":"standard","meta":{"ngg_post_thumbnail":0,"footnotes":""},"categories":[15,969,3114],"tags":[],"class_list":["post-7364","post","type-post","status-publish","format-standard","has-post-thumbnail","hentry","category-ingiltere","category-gocmenlik","category-tr-uk-sta"],"_links":{"self":[{"href":"https:\/\/by-tv.co.uk\/en\/wp-json\/wp\/v2\/posts\/7364","targetHints":{"allow":["GET"]}}],"collection":[{"href":"https:\/\/by-tv.co.uk\/en\/wp-json\/wp\/v2\/posts"}],"about":[{"href":"https:\/\/by-tv.co.uk\/en\/wp-json\/wp\/v2\/types\/post"}],"author":[{"embeddable":true,"href":"https:\/\/by-tv.co.uk\/en\/wp-json\/wp\/v2\/users\/1"}],"replies":[{"embeddable":true,"href":"https:\/\/by-tv.co.uk\/en\/wp-json\/wp\/v2\/comments?post=7364"}],"version-history":[{"count":0,"href":"https:\/\/by-tv.co.uk\/en\/wp-json\/wp\/v2\/posts\/7364\/revisions"}],"wp:featuredmedia":[{"embeddable":true,"href":"https:\/\/by-tv.co.uk\/en\/wp-json\/wp\/v2\/media\/7365"}],"wp:attachment":[{"href":"https:\/\/by-tv.co.uk\/en\/wp-json\/wp\/v2\/media?parent=7364"}],"wp:term":[{"taxonomy":"category","embeddable":true,"href":"https:\/\/by-tv.co.uk\/en\/wp-json\/wp\/v2\/categories?post=7364"},{"taxonomy":"post_tag","embeddable":true,"href":"https:\/\/by-tv.co.uk\/en\/wp-json\/wp\/v2\/tags?post=7364"}],"curies":[{"name":"wp","href":"https:\/\/api.w.org\/{rel}","templated":true}]}}