{"id":7354,"date":"2020-12-29T12:41:07","date_gmt":"2020-12-29T12:41:07","guid":{"rendered":"https:\/\/by-tv.co.uk\/?p=7354"},"modified":"2021-05-30T12:05:10","modified_gmt":"2021-05-30T11:05:10","slug":"son-dakika-turkiye-ile-ingiltere-arasinda-tarihi-anlasma-imzalar-atildi","status":"publish","type":"post","link":"https:\/\/by-tv.co.uk\/en\/son-dakika-turkiye-ile-ingiltere-arasinda-tarihi-anlasma-imzalar-atildi\/","title":{"rendered":"Son Dakika: T\u00fcrkiye ile \u0130ngiltere aras\u0131nda tarihi anla\u015fma! \u0130mzalar at\u0131ld\u0131."},"content":{"rendered":"<p><strong>Ticaret Bakan\u0131 Ruhsar Pekcan, T\u00fcrkiye ile Birle\u015fik Krall\u0131k aras\u0131ndaki&nbsp;<\/strong><strong>Serbest Ticaret Anla\u015fmas\u0131<\/strong><strong>&nbsp;\u0130mza T\u00f6reni<\/strong>&#8216;ne video konferans ile kat\u0131larak, &#8220;Bug\u00fcn, T\u00fcrkiye-Birle\u015fik Krall\u0131k ili\u015fkileri bak\u0131m\u0131ndan \u00f6nemli ve tarihi bir g\u00fcn\u00fc ya\u015f\u0131yoruz.&#8221; dedi.<\/p>\n<p>Bakan Pekcan, &#8220;Serbest Ticaret Anla\u015fmas\u0131, \u00f6n\u00fcm\u00fczdeki d\u00f6nemde T\u00fcrkiye ve Birle\u015fik Krall\u0131k aras\u0131ndaki ticaretimizin geli\u015fiminin en b\u00fcy\u00fck teminat\u0131 olacak.&#8221; diye konu\u015ftu.<\/p>\n<p>Ticaret Bakan\u0131&nbsp;Pekcan, \u015f\u00f6yle devam etti:<\/p><div id=\"briti-2673804964\" class=\"briti-icerik\" style=\"margin-top: 5px;margin-bottom: 5px;\"><a href=\"https:\/\/piaryum.com\/services\/\" aria-label=\"piaryum banner\"><img loading=\"lazy\" decoding=\"async\" src=\"https:\/\/by-tv.co.uk\/wp-content\/uploads\/2025\/12\/Gemini_Generated_Image_g5yqr1g5yqr1g5yq.jpg\" alt=\"\"  width=\"2064\" height=\"1152\"   \/><\/a><\/div>\n<p>&#8220;STA ile Birle\u015fik Krall\u0131k ile aram\u0131zdaki ticaret yap\u0131s\u0131yla ilgili bir belirsizlik kalmayacak. Ticaretimiz inan\u0131yorum daha da geli\u015fecek.<\/p>\n<p>(BK ile STA) G\u00fcmr\u00fck Birli\u011fi&#8217;nin 25 y\u0131lda getirdi\u011fi kazan\u0131mlar\u0131 korurken, ili\u015fkilerimizi daha da derinle\u015ftirme y\u00f6n\u00fcnde ilk ad\u0131m\u0131 at\u0131yoruz.&#8221;<\/p>\n<h3>&#8220;Serbest Ticaret Anla\u015fmas\u0131 t\u00fcm sanayi ve tar\u0131m \u00fcr\u00fcnlerini i\u00e7eriyor&#8221;<\/h3>\n<p>Pekcan, &#8220;Bug\u00fcn i\u015f insanlar\u0131m\u0131z\u0131n beklentilerini kar\u015f\u0131laman\u0131n ve onlara verdi\u011fimiz s\u00f6z\u00fc yerine getirmenin memnuniyetini ya\u015f\u0131yoruz. \u0130\u015f insanlar\u0131m\u0131z g\u00f6n\u00fcl rahatl\u0131\u011f\u0131yla bizim i\u00e7in her a\u00e7\u0131dan kritik bir pazar olan \u0130ngiltere ile ticaretlerini s\u00fcrd\u00fcrebilirler.&#8221; dedi.<br \/>\n<iframe loading=\"lazy\" src=\"https:\/\/www.youtube.com\/embed\/abXVaMYq9gA\" width=\"1280\" height=\"720\" frameborder=\"0\" allowfullscreen=\"allowfullscreen\"><\/iframe><\/p>\n<p>Ticaret Bakan\u0131&nbsp;Pekcan, &#8220;Taraflar olarak &#8216;tarifesiz&#8217; STA hedeflemi\u015ftik, bu ger\u00e7ekle\u015fti. Anla\u015fma, t\u00fcm sanayi ve tar\u0131m \u00fcr\u00fcnlerini i\u00e7eriyor.&#8221; diye konu\u015ftu.<\/p>\n<h3>&#8220;Anla\u015fma 1 Ocak 2021 tarihinde devreye girecek&#8221;<\/h3>\n<div>&nbsp;<\/div>\n<p>Bakan Pekcan,&nbsp;Serbest Ticaret Anla\u015fmas\u0131&#8217;n\u0131n 1 Ocak 2021 tarihinde devreye girece\u011fini ve hi\u00e7bir s\u00fcre kayb\u0131n\u0131n olmayaca\u011f\u0131n\u0131 belirterek, \u015funlar\u0131 kaydetti:<\/p>\n<p>Anla\u015fma olmasayd\u0131, Birle\u015fik Krall\u0131k&#8217;a yapt\u0131\u011f\u0131m\u0131z ihracat\u0131n yakla\u015f\u0131k y\u00fczde 75\u2019i vergi y\u00fck\u00fcyle kar\u015f\u0131 kar\u015f\u0131ya kalacak, yakla\u015f\u0131k 2,4 milyar dolara varan bir zarar\u0131m\u0131z olacakt\u0131. Bu risk an itibar\u0131yla ortadan kalkm\u0131\u015ft\u0131r.<\/p>\n<p>STA, T\u00fcrkiye ve Birle\u015fik Krall\u0131k ili\u015fkileri bak\u0131m\u0131ndan yeni ve \u00e7ok \u00f6zel bir kilometre ta\u015f\u0131. Anla\u015fma, mevcut ticari ve ekonomik ili\u015fkilerimizin \u00e7er\u00e7evesinin korunmas\u0131 ve geli\u015ftirilmesi konusunda h\u00fck\u00fcmetlerimiz aras\u0131ndaki ortak anlay\u0131\u015f ve iradenin bir sonucudur.&#8221;<\/p>\n<p>&nbsp;<\/p>\n<h4>\u0130ngiltere ve T\u00fcrkiye ticaret anla\u015fmas\u0131 imzalad\u0131<\/h4>\n<p>\u0130ngiltere ve T\u00fcrkiye, 2019&#8217;da 18,6 milyar sterlin de\u011ferindeki ticari ili\u015fkilerini destekleyecek olan tarifesiz ticaret anla\u015fmalar\u0131na kilitlendi ve gelecekte daha iddial\u0131 bir ticaret anla\u015fmas\u0131 i\u00e7in \u00e7al\u0131\u015fmay\u0131 taahh\u00fct etti.<\/p>\n<p>\u0130ngiltere ve T\u00fcrkiye, \u0130ngiltere otomotiv, imalat ve \u00e7elik end\u00fcstrileri i\u00e7in b\u00fcy\u00fck kazan\u00e7 sa\u011flayan ticaret anla\u015fmas\u0131n\u0131 g\u00fcvence alt\u0131na ald\u0131. Bug\u00fcnk\u00fc anla\u015fma, ge\u00e7en y\u0131l 18,6 milyar \u00a3 de\u011ferinde bir ticaret ortakl\u0131\u011f\u0131n\u0131 destekliyor.<br \/>\nAnla\u015fma, gelecekte daha iddial\u0131 bir \u0130ngiltere-T\u00fcrkiye ticaret ili\u015fkisinin temelini olu\u015fturuyor.<\/p>\n<p>\u0130ngiltere-T\u00fcrkiye Serbest Ticaret Anla\u015fmas\u0131, \u0130ngiltere Uluslararas\u0131 Ticaret Bakan\u0131 Liz Truss ve T\u00fcrkiye Ticaret Bakan\u0131 Ruhsar Pekcan&#8217;\u0131n video g\u00f6r\u00fc\u015fmesinde bir araya gelmesiyle bug\u00fcn imzaland\u0131.<\/p>\n<p>Anla\u015fma, 2019&#8217;da T\u00fcrkiye&#8217;ye mal ihra\u00e7 eden 7.600 \u0130ngiliz i\u015fletmesi i\u00e7in mevcut tercihli tarifeleri g\u00fcvence alt\u0131na alacak, mallar\u0131n tarifesiz ak\u0131\u015f\u0131n\u0131n devam etmesini sa\u011flayacak ve otomotiv ve imalat sekt\u00f6rlerindeki hayati \u0130ngiltere-T\u00fcrkiye tedarik zincirlerini koruyacak.<\/p>\n<p>Her iki \u00fclke de gelecekte, mevcut anla\u015fman\u0131n \u00f6tesine ge\u00e7ecek ve Birle\u015fik Krall\u0131k ekonomisine uygun hale getirilecek daha iddial\u0131 bir serbest ticaret anla\u015fmas\u0131 i\u00e7in \u00e7al\u0131\u015fmay\u0131 taahh\u00fct etti.<\/p>\n<p>Bug\u00fcnk\u00fc anla\u015fma, 2019&#8217;da T\u00fcrkiye&#8217;ye 1 milyar sterlin de\u011ferinde makine ve 575 milyon sterlin de\u011ferinde demir-\u00e7elik ihracat\u0131 yapan \u0130ngiliz i\u015fletmeler i\u00e7in tercihli ticaret ko\u015fullar\u0131 sa\u011flayacak.<\/p>\n<p>Ayr\u0131ca, \u0130ngiltere&#8217;deki i\u015fletmelerin, anla\u015fma yap\u0131lmamas\u0131na k\u0131yasla tercihli tarifeler kapsam\u0131nda ithalat yapmaya devam etmesini sa\u011flar. Bu, tahmini vergilerdeki y\u0131ll\u0131k art\u0131\u015f\u0131n DT\u00d6 ko\u015fullar\u0131 alt\u0131nda yakla\u015f\u0131k 102 milyon sterlin olaca\u011f\u0131 \u0130ngiltere&#8217;deki tekstil ithalat\u00e7\u0131lar\u0131n\u0131 destekliyor. \u0130ngiltere&#8217;nin \u00e7ama\u015f\u0131r makinesi ve televizyon ithalat\u0131na uygulanan tarifeler, DT\u00d6 ko\u015fullar\u0131nda s\u0131ras\u0131yla% 2 ve% 14&#8217;e k\u0131yasla% 0&#8217;da kalacak.<\/p>\n<p>Birle\u015fik Krall\u0131k&#8217;ta 7.500 ki\u015fiyi istihdam eden Ford gibi otomotiv \u00fcreticileri i\u00e7in de hayati \u0130ngiltere-T\u00fcrkiye tedarik zincirleri korunacak. Araba par\u00e7alar\u0131, Ford Transit ara\u00e7 serisinin montaj\u0131 i\u00e7in \u0130ngiltere&#8217;den T\u00fcrkiye&#8217;ye ithal ediliyor ve bunlar\u0131n \u00fc\u00e7te biri daha sonra \u0130ngiltere&#8217;ye montajl\u0131 olarak ihra\u00e7 ediliyor. 2019 y\u0131l\u0131nda \u0130ngiltere&#8217;nin T\u00fcrkiye&#8217;ye otomobil ihracat\u0131 174 milyon \u00a3 de\u011ferindeydi.<\/p>\n<p>\u0130ngiltere, \u0130ki y\u0131ldan k\u0131sa bir s\u00fcre i\u00e7inde 62 \u00fclke ve Avrupa Birli\u011fi ile Birle\u015fik Krall\u0131k ticaretinin 885 milyar sterlinini kar\u015f\u0131layacak anla\u015fmalar imzalad\u0131. Bu durum hi\u00e7bir \u00fclkenin ayn\u0131 anda bu kadar \u00e7ok ticaret anla\u015fmas\u0131n\u0131 m\u00fczakere etmesiyle bu e\u015fi benzeri g\u00f6r\u00fclmemi\u015f bir durumdur. \u0130ngiliz H\u00fck\u00fcmetinin amac\u0131, \u00fc\u00e7 y\u0131l i\u00e7inde Birle\u015fik Krall\u0131k ticaretinin% 80&#8217;ini kapsayan \u00fclkelerle serbest ticaret anla\u015fmalar\u0131 yapmakt\u0131r.<\/p>\n<h4>Uluslararas\u0131 Ticaret Bakan\u0131 Liz Truss \u015funlar\u0131 s\u00f6yledi:<\/h4>\n<p>&#8220;Bug\u00fcn\u00fcn anla\u015fmas\u0131, de\u011feri 18 milyar sterlin \u00fczerinde olan ticareti kaps\u0131yor, i\u015f i\u00e7in hayati bir kesinlik sa\u011fl\u0131yor ve \u0130ngiltere genelinde imalat, otomotiv ve \u00e7elik end\u00fcstrilerinde binlerce i\u015fi destekliyor.<\/p>\n<p>Yak\u0131n gelecekte T\u00fcrkiye ile yeni, daha iddial\u0131 bir anla\u015fman\u0131n yolunu a\u00e7\u0131yor ve \u0130ngiltere&#8217;yi dinamik ekonomilerle modern anla\u015fmalardan olu\u015fan bir a\u011f\u0131n merkezine yerle\u015ftirme plan\u0131m\u0131z\u0131n bir par\u00e7as\u0131. Daha fazla ticaret ve yat\u0131r\u0131m, \u0130ngiltere genelinde ekonomik b\u00fcy\u00fcmeyi y\u00f6nlendirecek ve Covid&#8217;den daha g\u00fc\u00e7l\u00fc bir \u015fekilde yeniden in\u015fa etmemize yard\u0131mc\u0131 olacak. &#8221;<\/p>\n<p>\u0130mza t\u00f6reninde haz\u0131r bulunan Birle\u015fik Krall\u0131k Ankara B\u00fcy\u00fckel\u00e7isi Dominick Chilcott resmi twitter hesab\u0131ndan bir a\u00e7\u0131klama yapt\u0131. Chilcott &#8220;Bug\u00fcn Birle\u015fik &#8221; Serbest Ticaret&nbsp; ile birlikte olmaktan mutluyum. Bu anla\u015fma, Britanyal\u0131 ve T\u00fcrk i\u015fletmeler i\u00e7in kesinlik anlam\u0131na geliyor. T\u00fcrkiye\u2019nin en b\u00fcy\u00fck ikinci ihracat pazar\u0131 ve \u00fc\u00e7\u00fcnc\u00fc do\u011frudan yabanc\u0131 yat\u0131r\u0131m orta\u011f\u0131 olmaktan gurur duyuyoruz.&#8221; dedi.<\/p>\n<h4>Ford Avrupa Ba\u015fkan\u0131 Stuart Rowley \u015funlar\u0131 s\u00f6yledi:<\/h4>\n<p>\u201cFord, bug\u00fcn \u0130ngiltere ile T\u00fcrkiye aras\u0131nda bir ticaret anla\u015fmas\u0131n\u0131n a\u00e7\u0131klanmas\u0131n\u0131 memnuniyetle kar\u015f\u0131l\u0131yor ve imzalanma h\u0131z\u0131, her iki \u00fclkenin ekonomik refah\u0131 a\u00e7\u0131s\u0131ndan \u00f6neminin alt\u0131n\u0131 \u00e7iziyor.<\/p>\n<p>\u201cAvrupa&#8217;n\u0131n \u00f6nde gelen ticari ara\u00e7 markas\u0131 olan Ford&#8217;un Londra&#8217;n\u0131n do\u011fusunda bulunan Dagenham motor \u00fcretim tesisi, dizel motor \u00fcretiminin \u00e7o\u011funu, motorlar\u0131n Ford Transit ara\u00e7lar\u0131na tak\u0131ld\u0131\u011f\u0131 T\u00fcrkiye&#8217;deki Ford Otosan ortak giri\u015fimimize ihra\u00e7 ediyor ve bunlar\u0131n \u00e7o\u011fu T\u00fcrkiye&#8217;den \u0130ngiltere&#8217;ye ihra\u00e7 ediliyor.&nbsp;&nbsp;<\/p>\n<p>&#8220;Ford ve Ford Otosan i\u015flerinin \u0130ngiltere ile T\u00fcrkiye aras\u0131ndaki toplam ticaret hacminin y\u00fczde 10&#8217;undan fazlas\u0131n\u0131 olu\u015fturdu\u011fu d\u00fc\u015f\u00fcn\u00fcld\u00fc\u011f\u00fcnde, bu ticaret anla\u015fmas\u0131 bizim i\u00e7in son derece \u00f6nemli ve her iki \u00fclkede de i\u015f bulmam\u0131za yard\u0131mc\u0131 olacak.&#8221;<\/p>\n<h4>CBI \u0130\u00e7 Ticaret Direkt\u00f6r\u00fc Andy Burwell \u015funlar\u0131 s\u00f6yledi:<\/h4>\n<p>\u201cBu anla\u015fma, 18 milyar Pound \u00fczerinde ikili ticareti s\u00fcrd\u00fcrecek ve bir y\u0131ll\u0131k kesinti sonras\u0131nda bir\u00e7ok sekt\u00f6rdeki kilit tedarik zincirlerini destekleyecek.<\/p>\n<p>\u201cT\u00fcrkiye\u2019nin AB ile g\u00fcmr\u00fck birli\u011fi, \u0130ngiltere ile bir ticaret anla\u015fmas\u0131n\u0131 karma\u015f\u0131k hale getirdi, ancak m\u00fczakere edilen AB anla\u015fmas\u0131n\u0131n ard\u0131ndan anla\u015fman\u0131n sonu\u00e7lanma h\u0131z\u0131, ili\u015fkinin g\u00fcc\u00fcn\u00fc ve derinli\u011fini g\u00f6steriyor.<\/p>\n<p>&#8220;\u0130\u015fletmeler ve h\u00fck\u00fcmet \u015fimdi b\u00fcy\u00fcmeye bakmal\u0131 ve rekabet\u00e7i, dinamik ve ilerici bir gelecek ekonomisi in\u015fa edecek ticaret ili\u015fkileri olu\u015fturmal\u0131d\u0131r.&#8221; dedi.<\/p>\n<p>#birdakikabritanya<\/p>\n<div id=\"briti-2015675093\" class=\"briti-icerikten-sonra_2\" style=\"margin-top: 25px;margin-bottom: 25px;\"><a href=\"https:\/\/wa.me\/message\/NDZLLIOQT4H3O1\" aria-label=\"bytv reklam banner\"><img loading=\"lazy\" decoding=\"async\" src=\"https:\/\/by-tv.co.uk\/wp-content\/uploads\/2025\/12\/bytv-reklam-banner.jpg\" alt=\"\"  width=\"2376\" height=\"1008\"   \/><\/a><\/div>","protected":false},"excerpt":{"rendered":"<p>Ticaret Bakan\u0131 Ruhsar Pekcan, T\u00fcrkiye ile Birle\u015fik Krall\u0131k aras\u0131ndaki&nbsp;Serbest Ticaret Anla\u015fmas\u0131&nbsp;\u0130mza T\u00f6reni&#8216;ne video konferans ile kat\u0131larak, &#8220;Bug\u00fcn, T\u00fcrkiye-Birle\u015fik Krall\u0131k ili\u015fkileri bak\u0131m\u0131ndan \u00f6nemli ve tarihi bir g\u00fcn\u00fc ya\u015f\u0131yoruz.&#8221; dedi. Bakan Pekcan, &#8220;Serbest Ticaret Anla\u015fmas\u0131, \u00f6n\u00fcm\u00fczdeki d\u00f6nemde T\u00fcrkiye ve Birle\u015fik Krall\u0131k aras\u0131ndaki ticaretimizin geli\u015fiminin en b\u00fcy\u00fck teminat\u0131 olacak.&#8221; diye konu\u015ftu. Ticaret Bakan\u0131&nbsp;Pekcan, \u015f\u00f6yle devam etti: &#8220;STA ile Birle\u015fik Krall\u0131k ile aram\u0131zdaki ticaret yap\u0131s\u0131yla ilgili bir belirsizlik kalmayacak. Ticaretimiz inan\u0131yorum daha da geli\u015fecek. (BK ile STA) G\u00fcmr\u00fck Birli\u011fi&#8217;nin 25 y\u0131lda getirdi\u011fi kazan\u0131mlar\u0131 korurken, ili\u015fkilerimizi daha da derinle\u015ftirme y\u00f6n\u00fcnde ilk ad\u0131m\u0131 at\u0131yoruz.&#8221; &#8220;Serbest Ticaret Anla\u015fmas\u0131 t\u00fcm sanayi ve tar\u0131m \u00fcr\u00fcnlerini i\u00e7eriyor&#8221; Pekcan, &#8220;Bug\u00fcn i\u015f [&hellip;]<\/p>\n","protected":false},"author":1,"featured_media":7355,"comment_status":"open","ping_status":"open","sticky":false,"template":"","format":"video","meta":{"ngg_post_thumbnail":0,"footnotes":""},"categories":[15,3114],"tags":[149,2482,144],"class_list":["post-7354","post","type-post","status-publish","format-video","has-post-thumbnail","hentry","category-ingiltere","category-tr-uk-sta","tag-ingiltere","tag-pekcan","tag-turkiye","post_format-post-format-video"],"_links":{"self":[{"href":"https:\/\/by-tv.co.uk\/en\/wp-json\/wp\/v2\/posts\/7354","targetHints":{"allow":["GET"]}}],"collection":[{"href":"https:\/\/by-tv.co.uk\/en\/wp-json\/wp\/v2\/posts"}],"about":[{"href":"https:\/\/by-tv.co.uk\/en\/wp-json\/wp\/v2\/types\/post"}],"author":[{"embeddable":true,"href":"https:\/\/by-tv.co.uk\/en\/wp-json\/wp\/v2\/users\/1"}],"replies":[{"embeddable":true,"href":"https:\/\/by-tv.co.uk\/en\/wp-json\/wp\/v2\/comments?post=7354"}],"version-history":[{"count":0,"href":"https:\/\/by-tv.co.uk\/en\/wp-json\/wp\/v2\/posts\/7354\/revisions"}],"wp:featuredmedia":[{"embeddable":true,"href":"https:\/\/by-tv.co.uk\/en\/wp-json\/wp\/v2\/media\/7355"}],"wp:attachment":[{"href":"https:\/\/by-tv.co.uk\/en\/wp-json\/wp\/v2\/media?parent=7354"}],"wp:term":[{"taxonomy":"category","embeddable":true,"href":"https:\/\/by-tv.co.uk\/en\/wp-json\/wp\/v2\/categories?post=7354"},{"taxonomy":"post_tag","embeddable":true,"href":"https:\/\/by-tv.co.uk\/en\/wp-json\/wp\/v2\/tags?post=7354"}],"curies":[{"name":"wp","href":"https:\/\/api.w.org\/{rel}","templated":true}]}}