{"id":7341,"date":"2020-12-28T12:38:20","date_gmt":"2020-12-28T12:38:20","guid":{"rendered":"https:\/\/by-tv.co.uk\/?p=7341"},"modified":"2021-05-30T11:58:39","modified_gmt":"2021-05-30T10:58:39","slug":"ingiltere-ticaret-bakanligi-turkiye-ve-ingiltere-yarin-serbest-ticaret-anlasmasi-imzalayacak","status":"publish","type":"post","link":"https:\/\/by-tv.co.uk\/en\/ingiltere-ticaret-bakanligi-turkiye-ve-ingiltere-yarin-serbest-ticaret-anlasmasi-imzalayacak\/","title":{"rendered":"\u0130ngiltere Ticaret Bakanl\u0131\u011f\u0131: T\u00fcrkiye ve \u0130ngiltere yar\u0131n serbest ticaret anla\u015fmas\u0131 imzalayacak"},"content":{"rendered":"<p>AA<\/p>\n<p>Bakanl\u0131ktan yap\u0131lan yaz\u0131l\u0131 a\u00e7\u0131klamaya g\u00f6re, \u0130ngiltere, Avrupa Birli\u011fi (AB) vard\u0131\u011f\u0131 anla\u015fman\u0131n ard\u0131ndan ilk serbest ticaret anla\u015fmas\u0131n\u0131 yar\u0131n T\u00fcrkiye ile imzalayacak.<\/p>\n<p><strong>\u0130ngiltere Ticaret Bakan\u0131 Liz Truss<\/strong>, T\u00fcrkiye ile imzalanacak anla\u015fman\u0131n ilk a\u015famada iki \u00fclke aras\u0131ndaki mevcut ticaret ko\u015fullar\u0131n\u0131 korumay\u0131 ama\u00e7lad\u0131\u011f\u0131n\u0131 bildirdi.<\/p><div id=\"briti-1234642164\" class=\"briti-icerik\" style=\"margin-top: 5px;margin-bottom: 5px;\"><a href=\"https:\/\/piaryum.com\/services\/\" aria-label=\"piaryum banner\"><img loading=\"lazy\" decoding=\"async\" src=\"https:\/\/by-tv.co.uk\/wp-content\/uploads\/2025\/12\/Gemini_Generated_Image_g5yqr1g5yqr1g5yq.jpg\" alt=\"\"  width=\"2064\" height=\"1152\"   \/><\/a><\/div>\n<p>Anla\u015fman\u0131n \u0130ngiltere\u2019de imalat sanayiinde, otomotivde ve \u00e7elik sanayiinde binlerce istihdam i\u00e7in g\u00fcvence temin edece\u011fini vurgulayan Truss, \u201cT\u00fcrkiye ile daha ihtirasl\u0131, iki \u00fclkeye \u00f6zg\u00fc bir ticaret anla\u015fmas\u0131n\u0131 yak\u0131n gelecekte imzalamak i\u00e7in \u00e7al\u0131\u015f\u0131yoruz.\u201d ifadelerini kulland\u0131.<\/p>\n<blockquote class=\"twitter-tweet\">\n<p dir=\"ltr\" lang=\"en\">We expect to sign a continuity trade deal with Turkey \ud83c\uddf9\ud83c\uddf7 this week, covering trade worth \u00a318.6bn.<\/p>\n<p>This supports thousands of jobs across \ud83c\uddec\ud83c\udde7 in the manufacturing, automotive and steel industries. \ud83d\udc47<a href=\"https:\/\/t.co\/eEcGOjgl0a\">https:\/\/t.co\/eEcGOjgl0a<\/a><\/p>\n<p>\u2014 Liz Truss (@trussliz) <a href=\"https:\/\/twitter.com\/trussliz\/status\/1343293471554215940?ref_src=twsrc%5Etfw\" target=\"_blank\" rel=\"noopener\">December 27, 2020<\/a><\/p><\/blockquote>\n<p><script async=\"\" src=\"https:\/\/platform.twitter.com\/widgets.js\" charset=\"utf-8\"><\/script><\/p>\n<p>T\u00fcrkiye ile imzalanacak anla\u015fma, \u0130ngiltere\u2019nin Brexit sonras\u0131 imzalad\u0131\u011f\u0131 serbest ticaret anla\u015fmalar\u0131 i\u00e7inde ticari hacim bak\u0131m\u0131nda 5. s\u0131rada yer alacak.<\/p>\n<p>\u0130ki \u00fclke aras\u0131ndaki ticaret hacmi yakla\u015f\u0131k 19 milyar sterlin d\u00fczeyinde seyrediyor.<\/p>\n<p>\u0130ngiltere, AB ile 24 Aral\u0131k&#8217;ta Brexit sonras\u0131 serbest ticaret anla\u015fmas\u0131na varm\u0131\u015ft\u0131.<\/p>\n<div id=\"briti-2106491962\" class=\"briti-icerikten-sonra_2\" style=\"margin-top: 25px;margin-bottom: 25px;\"><a href=\"https:\/\/wa.me\/message\/NDZLLIOQT4H3O1\" aria-label=\"bytv reklam banner\"><img loading=\"lazy\" decoding=\"async\" src=\"https:\/\/by-tv.co.uk\/wp-content\/uploads\/2025\/12\/bytv-reklam-banner.jpg\" alt=\"\"  width=\"2376\" height=\"1008\"   \/><\/a><\/div>","protected":false},"excerpt":{"rendered":"<p>AA Bakanl\u0131ktan yap\u0131lan yaz\u0131l\u0131 a\u00e7\u0131klamaya g\u00f6re, \u0130ngiltere, Avrupa Birli\u011fi (AB) vard\u0131\u011f\u0131 anla\u015fman\u0131n ard\u0131ndan ilk serbest ticaret anla\u015fmas\u0131n\u0131 yar\u0131n T\u00fcrkiye ile imzalayacak. \u0130ngiltere Ticaret Bakan\u0131 Liz Truss, T\u00fcrkiye ile imzalanacak anla\u015fman\u0131n ilk a\u015famada iki \u00fclke aras\u0131ndaki mevcut ticaret ko\u015fullar\u0131n\u0131 korumay\u0131 ama\u00e7lad\u0131\u011f\u0131n\u0131 bildirdi. Anla\u015fman\u0131n \u0130ngiltere\u2019de imalat sanayiinde, otomotivde ve \u00e7elik sanayiinde binlerce istihdam i\u00e7in g\u00fcvence temin edece\u011fini vurgulayan Truss, \u201cT\u00fcrkiye ile daha ihtirasl\u0131, iki \u00fclkeye \u00f6zg\u00fc bir ticaret anla\u015fmas\u0131n\u0131 yak\u0131n gelecekte imzalamak i\u00e7in \u00e7al\u0131\u015f\u0131yoruz.\u201d ifadelerini kulland\u0131. We expect to sign a continuity trade deal with Turkey \ud83c\uddf9\ud83c\uddf7 this week, covering trade worth \u00a318.6bn. This supports thousands of jobs across \ud83c\uddec\ud83c\udde7 in the [&hellip;]<\/p>\n","protected":false},"author":1,"featured_media":0,"comment_status":"open","ping_status":"open","sticky":false,"template":"","format":"standard","meta":{"ngg_post_thumbnail":0,"footnotes":""},"categories":[15,3114],"tags":[],"class_list":["post-7341","post","type-post","status-publish","format-standard","hentry","category-ingiltere","category-tr-uk-sta"],"_links":{"self":[{"href":"https:\/\/by-tv.co.uk\/en\/wp-json\/wp\/v2\/posts\/7341","targetHints":{"allow":["GET"]}}],"collection":[{"href":"https:\/\/by-tv.co.uk\/en\/wp-json\/wp\/v2\/posts"}],"about":[{"href":"https:\/\/by-tv.co.uk\/en\/wp-json\/wp\/v2\/types\/post"}],"author":[{"embeddable":true,"href":"https:\/\/by-tv.co.uk\/en\/wp-json\/wp\/v2\/users\/1"}],"replies":[{"embeddable":true,"href":"https:\/\/by-tv.co.uk\/en\/wp-json\/wp\/v2\/comments?post=7341"}],"version-history":[{"count":0,"href":"https:\/\/by-tv.co.uk\/en\/wp-json\/wp\/v2\/posts\/7341\/revisions"}],"wp:attachment":[{"href":"https:\/\/by-tv.co.uk\/en\/wp-json\/wp\/v2\/media?parent=7341"}],"wp:term":[{"taxonomy":"category","embeddable":true,"href":"https:\/\/by-tv.co.uk\/en\/wp-json\/wp\/v2\/categories?post=7341"},{"taxonomy":"post_tag","embeddable":true,"href":"https:\/\/by-tv.co.uk\/en\/wp-json\/wp\/v2\/tags?post=7341"}],"curies":[{"name":"wp","href":"https:\/\/api.w.org\/{rel}","templated":true}]}}