{"id":7338,"date":"2020-12-27T11:17:18","date_gmt":"2020-12-27T11:17:18","guid":{"rendered":"https:\/\/by-tv.co.uk\/?p=7338"},"modified":"2020-12-27T11:18:26","modified_gmt":"2020-12-27T11:18:26","slug":"ab-ile-ingilterenin-ana-kara-problemi-cebelitarik-yeni-statusunu-bekliyor","status":"publish","type":"post","link":"https:\/\/by-tv.co.uk\/en\/ab-ile-ingilterenin-ana-kara-problemi-cebelitarik-yeni-statusunu-bekliyor\/","title":{"rendered":"AB ile \u0130ngiltere&#8217;nin ana kara problemi Cebelitar\u0131k, yeni stat\u00fcs\u00fcn\u00fc bekliyor"},"content":{"rendered":"<p>AB ile \u0130ngiltere&#8217;nin ana kara problemi Cebelitar\u0131k yeni stat\u00fcs\u00fcn\u00fc bekliyor.<\/p>\n<p>Brexit&#8217;in resmi olarak y\u00fcr\u00fcrl\u00fc\u011fe girece\u011fi 1 Ocak 2021&#8217;den itibaren Avrupa Birli\u011fi&#8217;nin (AB) g\u00fcney s\u0131n\u0131r\u0131 olacak Cebelitar\u0131k ile ilgili baz\u0131 konularda \u0130spanya, \u0130ngiltere ve Cebelitar\u0131k \u00f6zerk y\u00f6netimi uzla\u015fma sa\u011flasa da mallar\u0131n ve ki\u015filerin serbest dola\u015f\u0131m\u0131 ba\u015fta olmak \u00fczere \u00e7\u00f6z\u00fcm bekleyen bir\u00e7ok konuda g\u00f6r\u00fc\u015fmeler devam ediyor.<\/p>\n<p>AB ve \u0130ngiltere Brexit sonras\u0131 ticaret anla\u015fmas\u0131nda uzla\u015ft\u0131<br \/>\nYakla\u015f\u0131k 34 bin ki\u015finin ya\u015fad\u0131\u011f\u0131, 6,7 kilometrekarelik y\u00fcz\u00f6l\u00e7\u00fcm\u00fcne sahip Cebelitar\u0131k Yar\u0131madas\u0131, g\u0131da ihtiyac\u0131nda y\u00fczde 100 d\u0131\u015fa ba\u011f\u0131ml\u0131 bulunuyor.<\/p><div id=\"briti-1953741378\" class=\"briti-icerik\" style=\"margin-top: 5px;margin-bottom: 5px;\"><a href=\"https:\/\/piaryum.com\/services\/\" aria-label=\"piaryum banner\"><img loading=\"lazy\" decoding=\"async\" src=\"https:\/\/by-tv.co.uk\/wp-content\/uploads\/2025\/12\/Gemini_Generated_Image_g5yqr1g5yqr1g5yq.jpg\" alt=\"\"  width=\"2064\" height=\"1152\"   \/><\/a><\/div>\n<p>Herhangi bir anla\u015fma sa\u011flanmamas\u0131 halinde, Cebelitar\u0131k ile \u0130spanya aras\u0131nda mal al\u0131\u015fveri\u015fi 1 Ocak&#8217;tan itibaren ciddi ekonomik sonu\u00e7lar\u0131 olan tarifelere tabi olacak.<\/p>\n<p>Yakla\u015f\u0131k 10 ayd\u0131r s\u00fcren m\u00fczakerelerde taraflar, kas\u0131m ay\u0131nda \u0130spanya taraf\u0131nda ikamet eden ve i\u015f i\u00e7in her g\u00fcn Cebelitar\u0131k&#8217;a giri\u015f yapan 15 bin kadar AB vatanda\u015f\u0131n\u0131n (bunlardan 10 bini \u0130spanyol) g\u00fcnl\u00fck giri\u015f ve \u00e7\u0131k\u0131\u015f izinlerinin \u00e7al\u0131\u015fma sertifikas\u0131yla yasal zemine oturtulmas\u0131 konusunda anla\u015fma sa\u011flam\u0131\u015ft\u0131.<\/p>\n<p>\u0130spanya&#8217;n\u0131n El Pais gazetesi yay\u0131mlad\u0131\u011f\u0131 haberde, Brexit&#8217;in resmi olarak y\u00fcr\u00fcrl\u00fc\u011fe girece\u011fi 1 Ocak&#8217;tan itibaren Cebelitar\u0131k s\u0131n\u0131r\u0131ndaki yasal ge\u00e7i\u015f haklar\u0131yla ilgili anla\u015fmaya var\u0131ld\u0131\u011f\u0131n\u0131 iddia etmi\u015fti.<\/p>\n<p>Haberde, \u0130ngiltere&#8217;nin deniza\u015f\u0131r\u0131 topraklar\u0131ndan Cebelitar\u0131k Yar\u0131madas\u0131&#8217;na seyahat edecek \u0130ngilizlerin pasaport kontrol\u00fcnden ge\u00e7ece\u011fi, \u0130spanyollara ise \u015fimdiye kadar oldu\u011fu gibi serbest giri\u015f hakk\u0131 tan\u0131naca\u011f\u0131 \u00f6ne s\u00fcr\u00fclm\u00fc\u015ft\u00fc.<\/p>\n<p>Cebelitar\u0131k&#8217;\u0131n ilk kez Schengen anla\u015fmas\u0131na dahil olaca\u011f\u0131 ileri s\u00fcr\u00fclen haberde, yar\u0131madada ya\u015fayanlara \u0130spanya&#8217;ya ve 26 Schengen \u00fclkesine serbest giri\u015f yapma izni sa\u011flanaca\u011f\u0131 belirtilmi\u015fti.<\/p>\n<p>Haberde, 1 Ocak&#8217;tan itibaren AB&#8217;nin g\u00fcney s\u0131n\u0131r\u0131 olacak Cebelitar\u0131k&#8217;taki liman ve havaliman\u0131 kontrol\u00fcn\u00fc bundan b\u00f6yle sadece Cebelitar\u0131k polisi ile AB s\u0131n\u0131r g\u00fcvenli\u011fi birimi Frontex&#8217;in yapaca\u011f\u0131, \u0130spanyol polisinin &#8220;ge\u00e7ici olarak&#8221; b\u00f6lgeden \u00e7\u0131kaca\u011f\u0131 iddia edilmi\u015fti.<\/p>\n<p>Brexit sonras\u0131 AB ile \u0130ngiltere&#8217;nin ticari ili\u015fkilerinin belirlendi\u011fi, 24 Aral\u0131k&#8217;ta var\u0131lan anla\u015fman\u0131n ard\u0131ndan bas\u0131na de\u011ferlendirme yapan \u0130spanya D\u0131\u015fi\u015fleri Bakan\u0131 Arancha Gonzalez Laya, &#8220;1 Ocak&#8217;a kadar anla\u015fma sa\u011flanmazsa, onlarca y\u0131ld\u0131r birlikte ya\u015fad\u0131ktan sonra Cebelitar\u0131k bizim s\u0131n\u0131r\u0131m\u0131z olacak.&#8221; diyerek, yar\u0131madadaki belirsizli\u011fin devam etti\u011fine dikkati \u00e7ekmi\u015fti.<\/p>\n<p>Laya, &#8220;\u0130spanya son ana kadar m\u00fczakerelere devam edecek ama bir anla\u015fma sa\u011flamak i\u00e7in \u0130ngiliz dostlar\u0131m\u0131z\u0131n yard\u0131m\u0131na ihtiyac\u0131m\u0131z var \u00e7\u00fcnk\u00fc her iki taraf da uzla\u015fmazsa bir anla\u015fma olmaz. \u0130spanya ve Cebelitar\u0131k vatanda\u015flar\u0131 i\u00e7in en iyisi ortak bir refah alan\u0131 in\u015fa etmek olacakt\u0131r.&#8221; ifadesini kullanm\u0131\u015ft\u0131.<\/p>\n<p>\u0130ngiltere&#8217;ye ba\u011fl\u0131 Cebelitar\u0131k&#8217;\u0131n \u00f6zerk y\u00f6netim ba\u015fkan\u0131 Fabian Picardo ise yapt\u0131\u011f\u0131 yaz\u0131l\u0131 a\u00e7\u0131klamada, Brexit&#8217;teki ticari anla\u015fman\u0131n Cebeliatar\u0131k&#8217;\u0131 kapsamad\u0131\u011f\u0131n\u0131 hat\u0131rlatarak, 1 Ocak&#8217;a \u00e7ok az kalmas\u0131ndan &#8220;M\u00fczakereler saate kar\u015f\u0131 devam ediyor.&#8221; uyar\u0131s\u0131nda bulunmu\u015ftu.<\/p>\n<p>Picardo, &#8220;Cebelitar\u0131k ile ilgili olarak AB ile \u0130ngiltere aras\u0131nda \u00f6nerilen anla\u015fma gere\u011fi \u0130spanya ile m\u00fczakereyi sonu\u00e7land\u0131rmak i\u00e7in \u0130ngiltere ile el ele \u00e7al\u0131\u015fmaya devam ediyoruz.&#8221; de\u011ferlendirmesini yapm\u0131\u015ft\u0131.<\/p>\n<p>Cebelitar\u0131k&#8217;\u0131n ge\u00e7mi\u015fi<br \/>\n\u0130ngiltere, 1973&#8217;te \u015fimdiki ad\u0131 Avrupa Birli\u011fi olan Avrupa Ekonomik Toplulu\u011fu&#8217;na girdi\u011finde, Cebelitar\u0131k da d\u0131\u015f ili\u015fkileri \u0130ngiltere&#8217;ye ba\u011fl\u0131 Avrupa topra\u011f\u0131 olarak dahil olmu\u015ftu.<\/p>\n<p>Cebelitar\u0131k, AB&#8217;nin G\u00fcmr\u00fck Birli\u011fi&#8217;nin, vergi anla\u015fmalar\u0131n\u0131n ve Ortak Tar\u0131m Politikas\u0131&#8217;n\u0131n d\u0131\u015f\u0131nda tutuluyor.<\/p>\n<p>Birle\u015fmi\u015f Milletlerin (BM) &#8220;\u00f6zerk olmayan \u00fclke&#8221; listesinde yer alan, \u0130spanya&#8217;n\u0131n g\u00fcneyindeki Cebelitar\u0131k \u00f6zerk b\u00f6lgesinin egemenli\u011fi, 1713&#8217;te imzalanan Utrecht Antla\u015fmas\u0131 ile \u0130spanya taraf\u0131ndan \u0130ngiltere&#8217;ye devredilmi\u015fti.<\/p>\n<blockquote class=\"instagram-media\" style=\"background: #FFF; border: 0; border-radius: 3px; box-shadow: 0 0 1px 0 rgba(0,0,0,0.5),0 1px 10px 0 rgba(0,0,0,0.15); margin: 1px; max-width: 540px; min-width: 326px; padding: 0; width: calc(100% - 2px);\" data-instgrm-permalink=\"https:\/\/www.instagram.com\/p\/CJTJN3nqERk\/?utm_source=ig_embed&amp;utm_campaign=loading\" data-instgrm-version=\"13\">\n<div style=\"padding: 16px;\">\n<p>&nbsp;<\/p>\n<div style=\"display: flex; flex-direction: row; align-items: center;\">\n<div style=\"background-color: #f4f4f4; border-radius: 50%; flex-grow: 0; height: 40px; margin-right: 14px; width: 40px;\">&nbsp;<\/div>\n<div style=\"display: flex; flex-direction: column; flex-grow: 1; justify-content: center;\">\n<div style=\"background-color: #f4f4f4; border-radius: 4px; flex-grow: 0; height: 14px; margin-bottom: 6px; width: 100px;\">&nbsp;<\/div>\n<div style=\"background-color: #f4f4f4; border-radius: 4px; flex-grow: 0; height: 14px; width: 60px;\">&nbsp;<\/div>\n<\/div>\n<\/div>\n<div style=\"padding: 19% 0;\">&nbsp;<\/div>\n<div style=\"display: block; height: 50px; margin: 0 auto 12px; width: 50px;\">&nbsp;<\/div>\n<div style=\"padding-top: 8px;\">\n<div style=\"color: #3897f0; font-family: Arial,sans-serif; font-size: 14px; font-style: normal; font-weight: 550; line-height: 18px;\">Bu g\u00f6nderiyi Instagram&#8217;da g\u00f6r<\/div>\n<\/div>\n<div style=\"padding: 12.5% 0;\">&nbsp;<\/div>\n<div style=\"display: flex; flex-direction: row; margin-bottom: 14px; align-items: center;\">\n<div>\n<div style=\"background-color: #f4f4f4; border-radius: 50%; height: 12.5px; width: 12.5px; transform: translateX(0px) translateY(7px);\">&nbsp;<\/div>\n<div style=\"background-color: #f4f4f4; height: 12.5px; transform: rotate(-45deg) translateX(3px) translateY(1px); width: 12.5px; flex-grow: 0; margin-right: 14px; margin-left: 2px;\">&nbsp;<\/div>\n<div style=\"background-color: #f4f4f4; border-radius: 50%; height: 12.5px; width: 12.5px; transform: translateX(9px) translateY(-18px);\">&nbsp;<\/div>\n<\/div>\n<div style=\"margin-left: 8px;\">\n<div style=\"background-color: #f4f4f4; border-radius: 50%; flex-grow: 0; height: 20px; width: 20px;\">&nbsp;<\/div>\n<div style=\"width: 0; height: 0; border-top: 2px solid transparent; border-left: 6px solid #f4f4f4; border-bottom: 2px solid transparent; transform: translateX(16px) translateY(-4px) rotate(30deg);\">&nbsp;<\/div>\n<\/div>\n<div style=\"margin-left: auto;\">\n<div style=\"width: 0px; border-top: 8px solid #F4F4F4; border-right: 8px solid transparent; transform: translateY(16px);\">&nbsp;<\/div>\n<div style=\"background-color: #f4f4f4; flex-grow: 0; height: 12px; width: 16px; transform: translateY(-4px);\">&nbsp;<\/div>\n<div style=\"width: 0; height: 0; border-top: 8px solid #F4F4F4; border-left: 8px solid transparent; transform: translateY(-4px) translateX(8px);\">&nbsp;<\/div>\n<\/div>\n<\/div>\n<div style=\"display: flex; flex-direction: column; flex-grow: 1; justify-content: center; margin-bottom: 24px;\">\n<div style=\"background-color: #f4f4f4; border-radius: 4px; flex-grow: 0; height: 14px; margin-bottom: 6px; width: 224px;\">&nbsp;<\/div>\n<div style=\"background-color: #f4f4f4; border-radius: 4px; flex-grow: 0; height: 14px; width: 144px;\">&nbsp;<\/div>\n<\/div>\n<p>&nbsp;<\/p>\n<p style=\"color: #c9c8cd; font-family: Arial,sans-serif; font-size: 14px; line-height: 17px; margin-bottom: 0; margin-top: 8px; overflow: hidden; padding: 8px 0 7px; text-align: center; text-overflow: ellipsis; white-space: nowrap;\"><a style=\"color: #c9c8cd; font-family: Arial,sans-serif; font-size: 14px; font-style: normal; font-weight: normal; line-height: 17px; text-decoration: none;\" href=\"https:\/\/www.instagram.com\/p\/CJTJN3nqERk\/?utm_source=ig_embed&amp;utm_campaign=loading\" target=\"_blank\" rel=\"noopener\">Briti\u015f Ya\u015fam TV (@britisyasamtv)&#8217;in payla\u015ft\u0131\u011f\u0131 bir g\u00f6nderi<\/a><\/p>\n<\/div>\n<\/blockquote>\n<p><script async=\"\" src=\"\/\/www.instagram.com\/embed.js\"><\/script><\/p>\n<p>\u0130spanya bu anla\u015fmada bo\u011faz ve kara sular\u0131 ile ilgili bir h\u00fck\u00fcm olmad\u0131\u011f\u0131n\u0131 savunurken, \u0130ngiltere Cebelitar\u0131k&#8217;\u0131n b\u00fct\u00fcn olarak kendisine b\u0131rak\u0131ld\u0131\u011f\u0131n\u0131 belirtiyor.<\/p>\n<p>\u0130spanya Cebelitar\u0131k sorununa kar\u015f\u0131 BM&#8217;nin toprak b\u00fct\u00fcnl\u00fc\u011f\u00fc ve dekolonizasyon ile ilgili kararlar\u0131n\u0131 gerek\u00e7e g\u00f6sterirken, \u0130ngiltere yar\u0131madan\u0131n kendi siyasi stat\u00fcs\u00fcn\u00fc belirleme hakk\u0131na sahip oldu\u011funu savunuyor.<\/p>\n<p>Cebelitar\u0131k&#8217;ta egemenlik haklar\u0131yla ilgili bu zamana kadar iki kez halk oylamas\u0131 yap\u0131ld\u0131.<\/p>\n<p>\u0130lk 1967 y\u0131l\u0131nda d\u00fczenlenen halk oylamas\u0131nda y\u00fczde 96 gibi \u00e7ok b\u00fcy\u00fck bir oranla Cebelitar\u0131kl\u0131lar \u0130ngiltere&#8217;ye ba\u011fl\u0131 kalmak istediklerini s\u00f6ylemi\u015fti.<\/p>\n<p>Cebelitar\u0131k \u00f6zerk y\u00f6netimi taraf\u0131ndan 2002&#8217;de yap\u0131lan referandumda da Cebelitar\u0131kl\u0131lar\u0131n y\u00fczde 98,97&#8217;si \u0130ngiltere ve \u0130spanya aras\u0131nda ortak egemenli\u011fe kar\u015f\u0131 \u00e7\u0131km\u0131\u015ft\u0131.<\/p>\n<p>Cebelitar\u0131k&#8217;\u0131n ekonomisi, &#8220;off-shore&#8221; bankac\u0131l\u0131\u011f\u0131, internet \u00fczerinden bahis ve turizme dayan\u0131yor. \u0130spanya&#8217;n\u0131n g\u00fcneyindeki 6,7 kilometrekarelik kara par\u00e7as\u0131, askeri ve diplomatik gerek\u00e7elerle zaman zaman \u0130spanya ile \u0130ngiltere aras\u0131nda gerginli\u011fe yol a\u00e7\u0131yor.<\/p>\n<div id=\"briti-3457935496\" class=\"briti-icerikten-sonra_2\" style=\"margin-top: 25px;margin-bottom: 25px;\"><a href=\"https:\/\/wa.me\/message\/NDZLLIOQT4H3O1\" aria-label=\"bytv reklam banner\"><img loading=\"lazy\" decoding=\"async\" src=\"https:\/\/by-tv.co.uk\/wp-content\/uploads\/2025\/12\/bytv-reklam-banner.jpg\" alt=\"\"  width=\"2376\" height=\"1008\"   \/><\/a><\/div>","protected":false},"excerpt":{"rendered":"<p>AB ile \u0130ngiltere&#8217;nin ana kara problemi Cebelitar\u0131k yeni stat\u00fcs\u00fcn\u00fc bekliyor. Brexit&#8217;in resmi olarak y\u00fcr\u00fcrl\u00fc\u011fe girece\u011fi 1 Ocak 2021&#8217;den itibaren Avrupa Birli\u011fi&#8217;nin (AB) g\u00fcney s\u0131n\u0131r\u0131 olacak Cebelitar\u0131k ile ilgili baz\u0131 konularda \u0130spanya, \u0130ngiltere ve Cebelitar\u0131k \u00f6zerk y\u00f6netimi uzla\u015fma sa\u011flasa da mallar\u0131n ve ki\u015filerin serbest dola\u015f\u0131m\u0131 ba\u015fta olmak \u00fczere \u00e7\u00f6z\u00fcm bekleyen bir\u00e7ok konuda g\u00f6r\u00fc\u015fmeler devam ediyor. AB ve \u0130ngiltere Brexit sonras\u0131 ticaret anla\u015fmas\u0131nda uzla\u015ft\u0131 Yakla\u015f\u0131k 34 bin ki\u015finin ya\u015fad\u0131\u011f\u0131, 6,7 kilometrekarelik y\u00fcz\u00f6l\u00e7\u00fcm\u00fcne sahip Cebelitar\u0131k Yar\u0131madas\u0131, g\u0131da ihtiyac\u0131nda y\u00fczde 100 d\u0131\u015fa ba\u011f\u0131ml\u0131 bulunuyor. Herhangi bir anla\u015fma sa\u011flanmamas\u0131 halinde, Cebelitar\u0131k ile \u0130spanya aras\u0131nda mal al\u0131\u015fveri\u015fi 1 Ocak&#8217;tan itibaren ciddi ekonomik sonu\u00e7lar\u0131 olan tarifelere tabi [&hellip;]<\/p>\n","protected":false},"author":1,"featured_media":7339,"comment_status":"open","ping_status":"open","sticky":false,"template":"","format":"standard","meta":{"ngg_post_thumbnail":0,"footnotes":""},"categories":[1,15],"tags":[],"class_list":["post-7338","post","type-post","status-publish","format-standard","has-post-thumbnail","hentry","category-genel","category-ingiltere"],"_links":{"self":[{"href":"https:\/\/by-tv.co.uk\/en\/wp-json\/wp\/v2\/posts\/7338","targetHints":{"allow":["GET"]}}],"collection":[{"href":"https:\/\/by-tv.co.uk\/en\/wp-json\/wp\/v2\/posts"}],"about":[{"href":"https:\/\/by-tv.co.uk\/en\/wp-json\/wp\/v2\/types\/post"}],"author":[{"embeddable":true,"href":"https:\/\/by-tv.co.uk\/en\/wp-json\/wp\/v2\/users\/1"}],"replies":[{"embeddable":true,"href":"https:\/\/by-tv.co.uk\/en\/wp-json\/wp\/v2\/comments?post=7338"}],"version-history":[{"count":0,"href":"https:\/\/by-tv.co.uk\/en\/wp-json\/wp\/v2\/posts\/7338\/revisions"}],"wp:featuredmedia":[{"embeddable":true,"href":"https:\/\/by-tv.co.uk\/en\/wp-json\/wp\/v2\/media\/7339"}],"wp:attachment":[{"href":"https:\/\/by-tv.co.uk\/en\/wp-json\/wp\/v2\/media?parent=7338"}],"wp:term":[{"taxonomy":"category","embeddable":true,"href":"https:\/\/by-tv.co.uk\/en\/wp-json\/wp\/v2\/categories?post=7338"},{"taxonomy":"post_tag","embeddable":true,"href":"https:\/\/by-tv.co.uk\/en\/wp-json\/wp\/v2\/tags?post=7338"}],"curies":[{"name":"wp","href":"https:\/\/api.w.org\/{rel}","templated":true}]}}