{"id":7273,"date":"2020-12-24T15:05:20","date_gmt":"2020-12-24T15:05:20","guid":{"rendered":"https:\/\/by-tv.co.uk\/?p=7273"},"modified":"2020-12-24T18:52:28","modified_gmt":"2020-12-24T18:52:28","slug":"son-dakika-ab-ve-ingiltere-brexit-sonrasi-ticari-iliskileri-belirleyecek-anlasma-muzakerelerinde-uzlasi-sagladi","status":"publish","type":"post","link":"https:\/\/by-tv.co.uk\/en\/son-dakika-ab-ve-ingiltere-brexit-sonrasi-ticari-iliskileri-belirleyecek-anlasma-muzakerelerinde-uzlasi-sagladi\/","title":{"rendered":"Son Dakika: AB ve \u0130ngiltere Brexit sonras\u0131 ticari ili\u015fkileri belirleyecek anla\u015fma m\u00fczakerelerinde uzla\u015f\u0131 sa\u011flad\u0131"},"content":{"rendered":"<p>\u0130ngiltere ve Avrupa Birli\u011fi, 31 Aral\u0131k&#8217;taki ge\u00e7i\u015f d\u00f6neminin bitimine yaln\u0131zca birka\u00e7 g\u00fcn kala Brexit sonras\u0131 ge\u00e7ici bir ticaret anla\u015fmas\u0131na ula\u015fmay\u0131 ba\u015fard\u0131.<\/p>\n<div class=\"css-hl9dz2-GridComponent e57qer20\" dir=\"ltr\">\n<p class=\"css-1ikvhrr-Paragraph e1cc2ql70\" dir=\"ltr\">2000 sayfal\u0131k anla\u015fman\u0131n ince ayr\u0131nt\u0131lar\u0131 a\u00e7\u0131klanmazken Ba\u015fbakan Boris Johnson d\u00fczenledi\u011fi bas\u0131n toplant\u0131s\u0131nda &#8216;kapsaml\u0131 Kanada tipi bir serbest ticaret anla\u015fmas\u0131&#8217; yap\u0131ld\u0131\u011f\u0131n\u0131 s\u00f6yledi.<\/p>\n<\/div>\n<div class=\"css-hl9dz2-GridComponent e57qer20\" dir=\"ltr\">\n<p class=\"css-1ikvhrr-Paragraph e1cc2ql70\" dir=\"ltr\">BBC&#8217;nin haberine g\u00f6re \u0130ngiltere&#8217;den bir yetkilinin bas\u0131na verdi\u011fi bilgiye g\u00f6re, &#8220;s\u0131f\u0131r g\u00fcmr\u00fck vergisi ve s\u0131f\u0131r kota \u00f6ng\u00f6ren AB i\u00e7indeki en b\u00fcy\u00fck ticaret anla\u015fmas\u0131&#8221; ger\u00e7ekle\u015ftirildi.<\/p>\n<ul>\n<li><a href=\"https:\/\/by-tv.co.uk\/en\/son-dakika-ab-ve-ingiltere-brexit-sonrasi-ticari-iliskileri-belirleyecek-anlasma-muzakerelerinde-uzlasi-sagladi\/\" target=\"_blank\" rel=\"noopener\"><strong>Son Dakika: AB ve \u0130ngiltere Brexit sonras\u0131 ticari ili\u015fkileri belirleyecek anla\u015fma m\u00fczakerelerinde uzla\u015f\u0131 sa\u011flad\u0131<\/strong><\/a><\/li>\n<li><a href=\"https:\/\/by-tv.co.uk\/en\/ingiltere-basbakani-johnson-ab-ile-ticaret-anlasmasina-varilmasiyla-kontrolu-geri-aldik\/\" target=\"_blank\" rel=\"noopener\"><strong>\u0130ngiltere Ba\u015fbakan\u0131 Johnson: AB ile ticaret anla\u015fmas\u0131na var\u0131lmas\u0131yla kontrol\u00fc geri ald\u0131k<\/strong><\/a><\/li>\n<li><a href=\"https:\/\/by-tv.co.uk\/en\/brexit-yeni-anlasma-ne-getiriyor\/\" target=\"_blank\" rel=\"noopener\"><strong>Brexit: Yeni anla\u015fma ne getiriyor?<\/strong><\/a><\/li>\n<li><a href=\"https:\/\/by-tv.co.uk\/en\/brexit-anlasmasi-irlanda-basbakani-iyi-bir-uzlasma-ve-dengeli-bir-sonuc\/\" target=\"_blank\" rel=\"noopener\"><strong>Brexit Anla\u015fmas\u0131, \u0130rlanda Ba\u015fbakan\u0131: \u0130yi bir uzla\u015fma ve dengeli bir sonu\u00e7<\/strong><\/a><\/li>\n<li><a href=\"https:\/\/by-tv.co.uk\/en\/iskoc-liderden-anlasmaya-tepki-brexitin-bizden-aldiklarini-telafi-edecek-bir-anlasma-yok\/\" target=\"_blank\" rel=\"noopener\"><strong>\u0130sko\u00e7 Liderden Anla\u015fmaya Tepki: Brexit\u2019in bizden ald\u0131klar\u0131n\u0131 telafi edecek bir anla\u015fma yok<\/strong><\/a><\/li>\n<\/ul>\n<\/div>\n<div class=\"css-hl9dz2-GridComponent e57qer20\" dir=\"ltr\">\n<p class=\"css-1ikvhrr-Paragraph e1cc2ql70\" dir=\"ltr\">\u0130ngiltere, AB&#8217;den 31 Ocak 2020&#8217;de \u00e7\u0131km\u0131\u015ft\u0131; ancak ticaret i\u015fbirli\u011finin 11 ay daha s\u00fcrmesine karar verilmi\u015fti.<\/p>\n<\/div>\n<p>\u0130ngiltere Ba\u015fbakan\u0131 Boris Johnson anla\u015fma sonras\u0131 a\u00e7\u0131klama yapt\u0131.<\/p>\n<h4>Johnson: &#8220;Her\u015feyin kontrol\u00fcn\u00fc geri ald\u0131k&#8221;<\/h4>\n<p>Johnson Anla\u015fman\u0131n ihracat\u00e7\u0131lar\u0131n &#8220;Avrupal\u0131 dostlar\u0131m\u0131zla&#8221; daha da fazla i\u015f yapmas\u0131na izin verece\u011fini s\u00f6yledi.<\/p><div id=\"briti-891080664\" class=\"briti-icerik\" style=\"margin-top: 5px;margin-bottom: 5px;\"><a href=\"https:\/\/piaryum.com\/services\/\" aria-label=\"piaryum banner\"><img loading=\"lazy\" decoding=\"async\" src=\"https:\/\/by-tv.co.uk\/wp-content\/uploads\/2025\/12\/Gemini_Generated_Image_g5yqr1g5yqr1g5yq.jpg\" alt=\"\"  width=\"2064\" height=\"1152\"   \/><\/a><\/div>\n<p>&#8220;\u0130ngilizler bunun m\u00fcmk\u00fcn oldu\u011funu biliyordu ama imkans\u0131z oldu\u011fu s\u00f6ylendi.<\/p>\n<p><strong>&#8220;D\u00fczenlememizin her zerresinin ve unvan\u0131n\u0131n kontrol\u00fcn\u00fc eksiksiz ve serbest bir \u015fekilde geri ald\u0131k.&#8221;<\/strong><\/p>\n<blockquote class=\"twitter-tweet\">\n<p dir=\"ltr\" lang=\"en\">The deal is done. <a href=\"https:\/\/t.co\/zzhvxOSeWz\">pic.twitter.com\/zzhvxOSeWz<\/a><\/p>\n<p>\u2014 Boris Johnson (@BorisJohnson) <a href=\"https:\/\/twitter.com\/BorisJohnson\/status\/1342123159181516802?ref_src=twsrc%5Etfw\" target=\"_blank\" rel=\"noopener\">December 24, 2020<\/a><\/p><\/blockquote>\n<p><script async=\"\" src=\"https:\/\/platform.twitter.com\/widgets.js\" charset=\"utf-8\"><\/script><\/p>\n<h4>Johnson: Tart\u0131\u015fmalar bazen \u015fiddetliydi<\/h4>\n<p>Ba\u015fbakan, &#8220;1973&#8217;ten beri ilk defa, sular\u0131m\u0131z\u0131n tam kontrol\u00fcne sahip ba\u011f\u0131ms\u0131z bir k\u0131y\u0131 devleti olaca\u011f\u0131z&#8221; dedi.<\/p>\n<p>Bal\u0131k\u00e7\u0131 topluluklar\u0131na filolar\u0131n\u0131 modernize etmeleri i\u00e7in 100 milyon sterlin yard\u0131m edilece\u011fini de s\u00f6zlerine ekledi.<\/p>\n<p>&nbsp;Johnson \u015f\u00f6yle dedi: &#8220;Elbette tart\u0131\u015fmalar bazen \u015fiddetliydi, ancak bunun t\u00fcm Avrupa i\u00e7in iyi bir anla\u015fma oldu\u011funa inan\u0131yorum. Bence AB&#8217;nin kap\u0131s\u0131nda m\u00fcreffeh, dinamik ve memnun bir \u0130ngiltere&#8217;ye sahip olmas\u0131 k\u00f6t\u00fc bir \u015fey olmayacak Kar\u015f\u0131l\u0131kl\u0131 sayg\u0131 ve kar\u015f\u0131l\u0131kl\u0131 tan\u0131ma&#8221; olacakt\u0131r. dedi.<\/p>\n<h4>Ba\u015fbakan: &#8216;\u0130\u015f i\u00e7in a\u00e7\u0131kl\u0131k demek&#8217;<\/h4>\n<p>Johnson &#8220;Bu anla\u015fma her \u015feyden \u00f6nce, havac\u0131l\u0131k end\u00fcstrisi, nakliyeciler, polis, s\u0131n\u0131r kuvvetleri ve bizi g\u00fcvende tutan herkes i\u00e7in a\u00e7\u0131kl\u0131k anlam\u0131na geliyor. B\u00fcy\u00fck kolektif projelerde birlikte \u00e7al\u0131\u015fabilecek bilim adamlar\u0131m\u0131z i\u00e7in kesinlik demektir. Ama her \u015feyden \u00f6nce i\u015f i\u00e7in kesinlik demektir.&#8221;<\/p>\n<h4>Boris Johnson&#8217;dan \u0130ngiliz Halk\u0131na: Bu an\u0131n tad\u0131n\u0131 \u00e7\u0131kar\u0131n<\/h4>\n<p>Johnson, &#8220;Bu anla\u015fma, \u0130ngiltere&#8217;nin her yerinden b\u00fcy\u00fck bir m\u00fczakere ekibi taraf\u0131ndan yap\u0131ld\u0131 ve \u0130ngiltere&#8217;nin her yerine fayda sa\u011flayacak&#8221; dedi.<\/p>\n<p>Ba\u015fbakan AB&#8217;ye: &#8220;Arkada\u015f\u0131n\u0131z, m\u00fcttefikiniz, destek\u00e7iniz olaca\u011f\u0131z ve asl\u0131nda bunun unutulmas\u0131na asla izin vermeyece\u011fiz, bir numaral\u0131 pazar\u0131n\u0131z.&#8221; olaca\u011f\u0131 dedi.<\/p>\n<p>&nbsp;\u0130ngiliz halk\u0131na seslenen Ba\u015fbakan<\/p>\n<p>&#8220;Bu en zor y\u0131l\u0131n sonunda, pandemiyi yenmek ve ekonomimizi yeniden in\u015fa etmek \u00fczerine odaklan\u0131yoruz ve bunu yapabilece\u011fimize ve yapaca\u011f\u0131m\u0131za son derece eminim&#8221; s\u00f6zlerini ekledi.<\/p>\n<p><strong>&#8220;Ama yeni ve ger\u00e7ekten ba\u011f\u0131ms\u0131z bir ulus olarak bu an\u0131n yo\u011funlu\u011funu fark etmek ve ondan en iyi \u015fekilde yararlanmak hepimizin elinde.&#8221;<\/strong><\/p>\n<h4>Erasmus&#8217;tan \u00e7\u0131kt\u0131<\/h4>\n<p>\u0130ngiltere, anla\u015fmayla birlikte AB&#8217;nin d\u00fczenledi\u011fi uluslararas\u0131 \u00f6\u011frenci de\u011fi\u015fim program\u0131 Erasmus&#8217;tan da kendi talebiyle \u00e7\u0131kt\u0131.<\/p>\n<h4>Bal\u0131k\u00e7\u0131l\u0131k: &#8220;AB 14 y\u0131ll\u0131k bir ge\u00e7i\u015f d\u00f6nemi istemekle ba\u015flad\u0131, \u00fc\u00e7 y\u0131l istedik, be\u015f y\u0131lda bitirdik.<\/h4>\n<p>BBC&#8217;den Laura Kuenssberg, Johhson&#8217;a \u0130ngiltere ve AB taraflar\u0131n\u0131n en \u00e7ok nerede uzla\u015ft\u0131\u011f\u0131n\u0131 sordu.<\/p>\n<p>Johnson, &#8220;en ba\u015f\u0131ndan itibaren bal\u0131k\u00e7\u0131l\u0131\u011f\u0131m\u0131z \u00fczerinde tam kontrol sahibi olmak istiyorduk.&#8221;<\/p>\n<p>&#8220;AB 14 y\u0131ll\u0131k bir ge\u00e7i\u015f d\u00f6nemi istemekle ba\u015flad\u0131, \u00fc\u00e7 y\u0131l istedik, be\u015f y\u0131lda bitirdik.<\/p>\n<p>&#8220;Bunun makul oldu\u011funu d\u00fc\u015f\u00fcn\u00fcyorum.<\/p>\n<p>&#8220;Bu \u00fclkedeki b\u00fcy\u00fck bal\u0131k fanatiklerini muazzam miktarlarda bal\u0131k yakalay\u0131p yiyebilece\u011fimize dair temin ederim. dedi.<\/p>\n<h4>Avrupa Adalet Divan\u0131&#8217;n\u0131n bir rol\u00fc olmayacak<\/h4>\n<p>BBC T\u00fcrk\u00e7e&#8217;nin haberine g\u00f6re&nbsp; Anla\u015fma olmamas\u0131 halinde iki taraf\u0131n da ithalat ve ihracat i\u00e7in \u00f6deyece\u011fi vergiler artacak, bu da ilgili \u00fcr\u00fcnlerin fiyatlar\u0131n\u0131 etkileyecekti. Bunu engellemek i\u00e7in iki taraf\u0131n da yo\u011fun \u00e7aba harcad\u0131\u011f\u0131 belirtilmi\u015fti.<\/p>\n<p>BBC politika edit\u00f6r\u00fc Laura Kuenssberg, son d\u00f6nemde Johnson ve von der Leyen&#8217;in imzalanacak metnin son halini almas\u0131 i\u00e7in d\u00f6rt kez telefonda g\u00f6r\u00fc\u015ft\u00fc\u011f\u00fcn\u00fc; m\u00fczakerecilerin son birka\u00e7 detay \u00fczerine \u00e7al\u0131\u015ft\u0131\u011f\u0131n\u0131 s\u00f6ylemi\u015fti.<\/p>\n<p>Bu detaylar aras\u0131nda \u0130ngiltere kara sular\u0131nda farkl\u0131 bal\u0131k t\u00fcrleri i\u00e7in farkl\u0131 avlanma kotalar\u0131n\u0131 belirlemek de vard\u0131.<\/p>\n<p>Avrupa Adalet Divan\u0131&#8217;n\u0131n yeni anla\u015fma kapsam\u0131nda bir rol\u00fc olmayacak.<\/p>\n<p>Taraflar\u0131n anla\u015fmazl\u0131k durumunda AB hukuku yerine uluslararas\u0131 hukuka ba\u011fl\u0131 kal\u0131nacak farkl\u0131 bir sistem \u00fczerinde anla\u015ft\u0131\u011f\u0131 belirtiliyor.<\/p>\n<h4>Von der Leyen, &#8220;Sonunda bir anla\u015fma sa\u011flad\u0131k.<\/h4>\n<p><strong>Avrupa Birli\u011fi (AB) Komisyonu Ba\u015fkan\u0131 Ursula von der Leyen<\/strong>, Br\u00fcksel&#8217;de<strong>&nbsp;\u0130ngiltere<\/strong>&nbsp;ile yap\u0131lan m\u00fczakerelere ili\u015fkin bas\u0131n toplant\u0131s\u0131 d\u00fczenledi.<\/p>\n<p>M\u00fczakerelerin \u00e7ok zorlu ge\u00e7ti\u011fini ve anla\u015fma i\u00e7in ciddi m\u00fccadele ettiklerini belirten Von der Leyen, &#8220;Sonunda bir anla\u015fma sa\u011flad\u0131k. Uzun ve d\u00f6neme\u00e7li bir yoldu ama iyi bir uzla\u015f\u0131 sa\u011flad\u0131k. Bu, adil ve dengeli bir anla\u015fma. \u0130ki taraf i\u00e7in de do\u011fru ve sorumlu olan olan buydu.&#8221; diye konu\u015ftu.<\/p>\n<p><strong>Von der Leyen, anla\u015fman\u0131n hem AB hem de \u0130ngiltere&#8217;nin \u00e7\u0131kar\u0131na oldu\u011funa dikkati \u00e7ekerek, &#8220;Sonunda&nbsp;Brexit&#8217;i geride b\u0131rak\u0131p yolumuza devam edebilece\u011fiz.&#8221; ifadesini kulland\u0131.<\/strong><\/p>\n<p>AB ile \u0130ngiltere, daha \u00f6nce belirlenen son s\u00fcre dolmas\u0131na ra\u011fmen kar\u015f\u0131l\u0131kl\u0131 olarak heyetlerine m\u00fczakereleri s\u00fcrd\u00fcrme talimat\u0131 vermi\u015fti.<\/p>\n<p>Anla\u015fman\u0131n bu a\u015famadan sonra \u0130ngiliz parlamentosu, \u00fcye \u00fclkeler ve Avrupa Parlamentosu (AP) taraf\u0131ndan onaylanmas\u0131 gerekiyor.<\/p>\n<h4>AB Komisyonu Ba\u015fkan\u0131 Von der Leyen&nbsp; &#8220;Nihayet bir anla\u015fma bulduk&#8221; dedi.<\/h4>\n<p>Leyen &#8220;Uzun ve dolamba\u00e7l\u0131 bir yoldu, ancak bunun i\u00e7in g\u00f6sterecek \u00e7ok \u015feyimiz var. Bunun &#8220;adil&#8221; ve &#8220;dengeli&#8221; oldu\u011funu ve iki taraf\u0131n da bunu s\u00fcrd\u00fcrmesinin &#8220;do\u011fru ve sorumlu&#8221; oldu\u011funu&#8221;&nbsp; s\u00f6yledi.<\/p>\n<p>Avrupa Komisyonu ba\u015fkan\u0131 plan\u0131n daha fazla detay\u0131n\u0131 \u00e7izmeye ba\u015flad\u0131. Von der Leyen, rekabet kurallar\u0131n\u0131n &#8220;adil olaca\u011f\u0131n\u0131 ve \u00f6yle kalaca\u011f\u0131n\u0131&#8221; s\u00f6yleyerek, AB kurallar\u0131na ve standartlar\u0131na &#8220;sayg\u0131 duyulaca\u011f\u0131n\u0131&#8221; vaat etti.<\/p>\n<p>Komisyon Ba\u015fkan\u0131 &#8220;Etkili ara\u00e7lar\u0131n&#8221; &#8220;adil rekabet bozulursa tepki vermesi&#8221; konusunda hemfikir oldu\u011funu s\u00f6yledi. Leyen \u0130ngiltere ve AB, iklim de\u011fi\u015fikli\u011fi, enerji, g\u00fcvenlik ve ula\u015f\u0131m gibi &#8220;kar\u015f\u0131l\u0131kl\u0131 \u00e7\u0131karlar\u0131n t\u00fcm alanlar\u0131nda i\u015fbirli\u011fine devam edecek&#8221;, diye ekledi.<\/p>\n<p>5&nbsp; bu\u00e7uk y\u0131ll\u0131k &#8220;bal\u0131k\u00e7\u0131l\u0131k topluluklar\u0131 i\u00e7in tam \u00f6ng\u00f6r\u00fclebilirli\u011fin&#8221; kabul edildi\u011fini do\u011frulad\u0131.<\/p>\n<h4>Leyen: B\u00fct\u00fcn tart\u0131\u015fma egemenlikle ilgili<\/h4>\n<p>Avrupa Komisyonu Ba\u015fkan\u0131 Ursula Von der Leyen&nbsp; &#8220;B\u00fct\u00fcn bu tart\u0131\u015fma her zaman egemenlikle ilgiliydi. 21. y\u00fczy\u0131lda egemenli\u011fin ne anlama geldi\u011fini kendimize sormal\u0131y\u0131z. B\u00fcy\u00fck g\u00fc\u00e7lerle dolu bir d\u00fcnyada g\u00fcc\u00fcm\u00fcz\u00fc birle\u015ftirmek ve birlikte konu\u015fmakla ilgili. Tek ba\u015f\u0131n\u0131za aya\u011fa kalkmaya \u00e7al\u0131\u015fmak yerine, kriz zamanlar\u0131nda birbirinizi yukar\u0131 \u00e7ekmekle ilgili.&#8221; dedi.<\/p>\n<h4>&#8220;\u0130ngiltere ve AB &#8216;uzun s\u00fcredir m\u00fcttefiktir&#8221;<\/h4>\n<p>Ursula Von der Leyen&nbsp; &#8220;Uzun s\u00fcredir m\u00fcttefikiz&#8221; dedi.&nbsp; &#8220;Glasgow&#8217;da yap\u0131lacak olan \u0130ngiltere G7 ve \u0130talya G20 ba\u015fkanl\u0131klar\u0131n\u0131n COP26 zirvesi olsun, ayn\u0131 \u00e7\u0131karlar\u0131 payla\u015f\u0131yoruz .&#8221; \u0130ngiltere ve AB&#8217;nin &#8220;omuz omuza&#8221; durmaya devam edece\u011fini belirtti.<\/p>\n<h4>Avrupa Birli\u011fi Brexit Ba\u015fm\u00fczakerecisi Michel Barnier,<\/h4>\n<p>Michel Barnier, anla\u015fman\u0131n art\u0131k blo\u011fun 27 h\u00fck\u00fcmeti ve Avrupa Parlamentosu&#8217;nu bir araya getirerek Avrupa Konseyi&#8217;ne sunulaca\u011f\u0131n\u0131 s\u00f6yledi.<\/p>\n<p>Anla\u015fmay\u0131 m\u00fczakere etmenin &#8220;k\u0131sa s\u00fcresinin&#8221; &#8220;kapsam\u0131 ve karma\u015f\u0131kl\u0131\u011f\u0131 a\u00e7\u0131s\u0131ndan e\u015fi g\u00f6r\u00fclmemi\u015f&#8221; oldu\u011funu s\u00f6yl\u00fcyor.<\/p>\n<p>Ve AB&#8217;nin g\u00fcc\u00fc olan &#8220;birlik ve dayan\u0131\u015fma&#8221; g\u00f6sterdi\u011fini s\u00f6yledi.<\/p>\n<p>Barnier &#8220;Bu Avrupa birli\u011finin bir par\u00e7as\u0131 olmak benim i\u00e7in b\u00fcy\u00fck bir onurdu.&#8221; dedi<\/p>\n<p>&nbsp;<\/p>\n<p>&nbsp;<\/p>\n<p>&nbsp;<\/p>\n<div id=\"briti-3121064453\" class=\"briti-icerikten-sonra_2\" style=\"margin-top: 25px;margin-bottom: 25px;\"><a href=\"https:\/\/wa.me\/message\/NDZLLIOQT4H3O1\" aria-label=\"bytv reklam banner\"><img loading=\"lazy\" decoding=\"async\" src=\"https:\/\/by-tv.co.uk\/wp-content\/uploads\/2025\/12\/bytv-reklam-banner.jpg\" alt=\"\"  width=\"2376\" height=\"1008\"   \/><\/a><\/div>","protected":false},"excerpt":{"rendered":"<p>\u0130ngiltere ve Avrupa Birli\u011fi, 31 Aral\u0131k&#8217;taki ge\u00e7i\u015f d\u00f6neminin bitimine yaln\u0131zca birka\u00e7 g\u00fcn kala Brexit sonras\u0131 ge\u00e7ici bir ticaret anla\u015fmas\u0131na ula\u015fmay\u0131 ba\u015fard\u0131. 2000 sayfal\u0131k anla\u015fman\u0131n ince ayr\u0131nt\u0131lar\u0131 a\u00e7\u0131klanmazken Ba\u015fbakan Boris Johnson d\u00fczenledi\u011fi bas\u0131n toplant\u0131s\u0131nda &#8216;kapsaml\u0131 Kanada tipi bir serbest ticaret anla\u015fmas\u0131&#8217; yap\u0131ld\u0131\u011f\u0131n\u0131 s\u00f6yledi. BBC&#8217;nin haberine g\u00f6re \u0130ngiltere&#8217;den bir yetkilinin bas\u0131na verdi\u011fi bilgiye g\u00f6re, &#8220;s\u0131f\u0131r g\u00fcmr\u00fck vergisi ve s\u0131f\u0131r kota \u00f6ng\u00f6ren AB i\u00e7indeki en b\u00fcy\u00fck ticaret anla\u015fmas\u0131&#8221; ger\u00e7ekle\u015ftirildi. Son Dakika: AB ve \u0130ngiltere Brexit sonras\u0131 ticari ili\u015fkileri belirleyecek anla\u015fma m\u00fczakerelerinde uzla\u015f\u0131 sa\u011flad\u0131 \u0130ngiltere Ba\u015fbakan\u0131 Johnson: AB ile ticaret anla\u015fmas\u0131na var\u0131lmas\u0131yla kontrol\u00fc geri ald\u0131k Brexit: Yeni anla\u015fma ne getiriyor? Brexit Anla\u015fmas\u0131, \u0130rlanda Ba\u015fbakan\u0131: [&hellip;]<\/p>\n","protected":false},"author":1,"featured_media":7175,"comment_status":"open","ping_status":"open","sticky":false,"template":"","format":"standard","meta":{"ngg_post_thumbnail":0,"footnotes":""},"categories":[1],"tags":[],"class_list":["post-7273","post","type-post","status-publish","format-standard","has-post-thumbnail","hentry","category-genel"],"_links":{"self":[{"href":"https:\/\/by-tv.co.uk\/en\/wp-json\/wp\/v2\/posts\/7273","targetHints":{"allow":["GET"]}}],"collection":[{"href":"https:\/\/by-tv.co.uk\/en\/wp-json\/wp\/v2\/posts"}],"about":[{"href":"https:\/\/by-tv.co.uk\/en\/wp-json\/wp\/v2\/types\/post"}],"author":[{"embeddable":true,"href":"https:\/\/by-tv.co.uk\/en\/wp-json\/wp\/v2\/users\/1"}],"replies":[{"embeddable":true,"href":"https:\/\/by-tv.co.uk\/en\/wp-json\/wp\/v2\/comments?post=7273"}],"version-history":[{"count":0,"href":"https:\/\/by-tv.co.uk\/en\/wp-json\/wp\/v2\/posts\/7273\/revisions"}],"wp:featuredmedia":[{"embeddable":true,"href":"https:\/\/by-tv.co.uk\/en\/wp-json\/wp\/v2\/media\/7175"}],"wp:attachment":[{"href":"https:\/\/by-tv.co.uk\/en\/wp-json\/wp\/v2\/media?parent=7273"}],"wp:term":[{"taxonomy":"category","embeddable":true,"href":"https:\/\/by-tv.co.uk\/en\/wp-json\/wp\/v2\/categories?post=7273"},{"taxonomy":"post_tag","embeddable":true,"href":"https:\/\/by-tv.co.uk\/en\/wp-json\/wp\/v2\/tags?post=7273"}],"curies":[{"name":"wp","href":"https:\/\/api.w.org\/{rel}","templated":true}]}}