{"id":7243,"date":"2020-12-21T17:33:45","date_gmt":"2020-12-21T17:33:45","guid":{"rendered":"https:\/\/by-tv.co.uk\/?p=7243"},"modified":"2020-12-21T17:33:45","modified_gmt":"2020-12-21T17:33:45","slug":"ingiltereye-seyahat-kisitlamalarinin-ardindan-londradaki-heathrow-havalimaninda-yogunluk-olustu","status":"publish","type":"post","link":"https:\/\/by-tv.co.uk\/en\/ingiltereye-seyahat-kisitlamalarinin-ardindan-londradaki-heathrow-havalimaninda-yogunluk-olustu\/","title":{"rendered":"\u0130ngiltere&#8217;ye seyahat k\u0131s\u0131tlamalar\u0131n\u0131n ard\u0131ndan Londra&#8217;daki Heathrow Havaliman\u0131&#8217;nda yo\u011funluk olu\u015ftu"},"content":{"rendered":"<p>LONDRA (AA) &#8211; \u00dclkede yeni tip koronavir\u00fcs\u00fcn (Kovid-19) y\u00fczde 70 daha h\u0131zl\u0131 yay\u0131lan bir t\u00fcr\u00fcn\u00fcn ortaya \u00e7\u0131kmas\u0131 pani\u011fe yol a\u00e7arken, k\u0131s\u0131tlamalara tak\u0131lmak istemeyenler, Noel \u00f6ncesi muhtemel son u\u00e7aklar\u0131 yakalayabilmek i\u00e7in havaliman\u0131na ak\u0131n etti.<\/p>\n<p>Yolcular\u0131n bilet s\u0131ralar\u0131nda uzun kuyruklar olu\u015fturdu\u011fu g\u00f6r\u00fcld\u00fc.<\/p>\n<p>Avrupa \u00fclkeleri birbiri ard\u0131na yasak karar\u0131 ald\u0131<\/p><div id=\"briti-163132827\" class=\"briti-icerik\" style=\"margin-top: 5px;margin-bottom: 5px;\"><a href=\"https:\/\/piaryum.com\/services\/\" aria-label=\"piaryum banner\"><img loading=\"lazy\" decoding=\"async\" src=\"https:\/\/by-tv.co.uk\/wp-content\/uploads\/2025\/12\/Gemini_Generated_Image_g5yqr1g5yqr1g5yq.jpg\" alt=\"\"  width=\"2064\" height=\"1152\"   \/><\/a><\/div>\n<p>\u0130ngiltere&#8217;de Kovid-19&#8217;un daha h\u0131zl\u0131 yay\u0131lan bir t\u00fcr\u00fcn\u00fcn ortaya \u00e7\u0131kmas\u0131n\u0131n ard\u0131ndan bir\u00e7ok \u00fclke art arda \u00f6nlem alarak \u0130ngiltere ile s\u0131n\u0131rlar\u0131 kapatmaya ba\u015flad\u0131.<\/p>\n<p>T\u00fcrkiye&#8217;nin de aralar\u0131nda bulundu\u011fu \u00e7ok say\u0131da \u00fclke \u0130ngiltere ile u\u00e7u\u015flar\u0131 durdurdu. \u00c7ekya, \u0130ngiltere&#8217;den gelenler i\u00e7in daha kat\u0131 karantina \u00f6nlemleri uygulanaca\u011f\u0131n\u0131 a\u00e7\u0131klad\u0131.<\/p>\n<p>Hollanda&#8217;n\u0131n uygulad\u0131\u011f\u0131 yasak, y\u0131l sonuna kadar s\u00fcrmek \u00fczere pazar sabah\u0131 y\u00fcr\u00fcrl\u00fc\u011fe girdi.<\/p>\n<p>Bel\u00e7ika Ba\u015fbakan\u0131 Alexander De Croo, pazar gece yar\u0131s\u0131ndan itibaren 24 saatli\u011fine u\u00e7u\u015f yasa\u011f\u0131 getirdiklerini s\u00f6yledi.<\/p>\n<p>\u0130talya Sa\u011fl\u0131k Bakan\u0131 Roberto Speranza, pazar g\u00fcn\u00fc \u0130ngiltere&#8217;den u\u00e7u\u015flar\u0131 durduran ve son 14 g\u00fcn i\u00e7inde \u0130ngiltere&#8217;de bulunanlar\u0131n \u0130talya&#8217;ya giri\u015fini engelleyen bir karar ald\u0131klar\u0131n\u0131, karar\u0131n 6 Ocak&#8217;a kadar ge\u00e7erli olaca\u011f\u0131n\u0131 duyurdu.<\/p>\n<div id=\"briti-3719759320\" class=\"briti-icerikten-sonra_2\" style=\"margin-top: 25px;margin-bottom: 25px;\"><a href=\"https:\/\/wa.me\/message\/NDZLLIOQT4H3O1\" aria-label=\"bytv reklam banner\"><img loading=\"lazy\" decoding=\"async\" src=\"https:\/\/by-tv.co.uk\/wp-content\/uploads\/2025\/12\/bytv-reklam-banner.jpg\" alt=\"\"  width=\"2376\" height=\"1008\"   \/><\/a><\/div>","protected":false},"excerpt":{"rendered":"<p>LONDRA (AA) &#8211; \u00dclkede yeni tip koronavir\u00fcs\u00fcn (Kovid-19) y\u00fczde 70 daha h\u0131zl\u0131 yay\u0131lan bir t\u00fcr\u00fcn\u00fcn ortaya \u00e7\u0131kmas\u0131 pani\u011fe yol a\u00e7arken, k\u0131s\u0131tlamalara tak\u0131lmak istemeyenler, Noel \u00f6ncesi muhtemel son u\u00e7aklar\u0131 yakalayabilmek i\u00e7in havaliman\u0131na ak\u0131n etti. Yolcular\u0131n bilet s\u0131ralar\u0131nda uzun kuyruklar olu\u015fturdu\u011fu g\u00f6r\u00fcld\u00fc. Avrupa \u00fclkeleri birbiri ard\u0131na yasak karar\u0131 ald\u0131 \u0130ngiltere&#8217;de Kovid-19&#8217;un daha h\u0131zl\u0131 yay\u0131lan bir t\u00fcr\u00fcn\u00fcn ortaya \u00e7\u0131kmas\u0131n\u0131n ard\u0131ndan bir\u00e7ok \u00fclke art arda \u00f6nlem alarak \u0130ngiltere ile s\u0131n\u0131rlar\u0131 kapatmaya ba\u015flad\u0131. T\u00fcrkiye&#8217;nin de aralar\u0131nda bulundu\u011fu \u00e7ok say\u0131da \u00fclke \u0130ngiltere ile u\u00e7u\u015flar\u0131 durdurdu. \u00c7ekya, \u0130ngiltere&#8217;den gelenler i\u00e7in daha kat\u0131 karantina \u00f6nlemleri uygulanaca\u011f\u0131n\u0131 a\u00e7\u0131klad\u0131. Hollanda&#8217;n\u0131n uygulad\u0131\u011f\u0131 yasak, y\u0131l sonuna kadar s\u00fcrmek \u00fczere pazar sabah\u0131 y\u00fcr\u00fcrl\u00fc\u011fe [&hellip;]<\/p>\n","protected":false},"author":1,"featured_media":0,"comment_status":"open","ping_status":"open","sticky":false,"template":"","format":"standard","meta":{"ngg_post_thumbnail":0,"footnotes":""},"categories":[1],"tags":[],"class_list":["post-7243","post","type-post","status-publish","format-standard","hentry","category-genel"],"_links":{"self":[{"href":"https:\/\/by-tv.co.uk\/en\/wp-json\/wp\/v2\/posts\/7243","targetHints":{"allow":["GET"]}}],"collection":[{"href":"https:\/\/by-tv.co.uk\/en\/wp-json\/wp\/v2\/posts"}],"about":[{"href":"https:\/\/by-tv.co.uk\/en\/wp-json\/wp\/v2\/types\/post"}],"author":[{"embeddable":true,"href":"https:\/\/by-tv.co.uk\/en\/wp-json\/wp\/v2\/users\/1"}],"replies":[{"embeddable":true,"href":"https:\/\/by-tv.co.uk\/en\/wp-json\/wp\/v2\/comments?post=7243"}],"version-history":[{"count":0,"href":"https:\/\/by-tv.co.uk\/en\/wp-json\/wp\/v2\/posts\/7243\/revisions"}],"wp:attachment":[{"href":"https:\/\/by-tv.co.uk\/en\/wp-json\/wp\/v2\/media?parent=7243"}],"wp:term":[{"taxonomy":"category","embeddable":true,"href":"https:\/\/by-tv.co.uk\/en\/wp-json\/wp\/v2\/categories?post=7243"},{"taxonomy":"post_tag","embeddable":true,"href":"https:\/\/by-tv.co.uk\/en\/wp-json\/wp\/v2\/tags?post=7243"}],"curies":[{"name":"wp","href":"https:\/\/api.w.org\/{rel}","templated":true}]}}