{"id":7240,"date":"2020-12-21T11:50:00","date_gmt":"2020-12-21T11:50:00","guid":{"rendered":"https:\/\/by-tv.co.uk\/?p=7240"},"modified":"2020-12-21T11:50:00","modified_gmt":"2020-12-21T11:50:00","slug":"dunya-daha-hizli-yayilan-kovid-19-turu-nedeniyle-ingiltere-ile-sinirlari-kapatmaya-basladi","status":"publish","type":"post","link":"https:\/\/by-tv.co.uk\/en\/dunya-daha-hizli-yayilan-kovid-19-turu-nedeniyle-ingiltere-ile-sinirlari-kapatmaya-basladi\/","title":{"rendered":"D\u00fcnya daha h\u0131zl\u0131 yay\u0131lan Kovid-19 t\u00fcr\u00fc nedeniyle \u0130ngiltere ile s\u0131n\u0131rlar\u0131 kapatmaya ba\u015flad\u0131"},"content":{"rendered":"<p>LONDRA (AA) &#8211; \u0130ngiltere Sa\u011fl\u0131k Bakan\u0131 Matt Hancock&#8217;un, yeni t\u00fcr\u00fcn &#8220;kontrolden \u00e7\u0131kt\u0131\u011f\u0131n\u0131&#8221; s\u00f6ylemesi, t\u00fcm d\u00fcnyada endi\u015feye yol a\u00e7t\u0131.<\/p>\n<p>Y\u00fczde 70 daha bula\u015f\u0131c\u0131 olan t\u00fcr\u00fcn sadece Londra ve civar\u0131nda de\u011fil \u00fclkenin taman\u0131nda g\u00f6r\u00fcld\u00fc\u011f\u00fc belirlendi.<\/p>\n<p>Daha \u00f6l\u00fcmc\u00fcl oldu\u011funa veya a\u015f\u0131lar\u0131 etkisiz k\u0131laca\u011f\u0131na dair dair hen\u00fcz bir veri bulunmasa da \u00fclkeler, art arda \u00f6nlem alarak \u0130ngiltere&#8217;yle s\u0131n\u0131rlar\u0131 kapatmaya ba\u015flad\u0131.<\/p><div id=\"briti-2187958996\" class=\"briti-icerik\" style=\"margin-top: 5px;margin-bottom: 5px;\"><a href=\"https:\/\/piaryum.com\/services\/\" aria-label=\"piaryum banner\"><img loading=\"lazy\" decoding=\"async\" src=\"https:\/\/by-tv.co.uk\/wp-content\/uploads\/2025\/12\/Gemini_Generated_Image_g5yqr1g5yqr1g5yq.jpg\" alt=\"\"  width=\"2064\" height=\"1152\"   \/><\/a><\/div>\n<h4>T\u00fcrkiye seyahat yasa\u011f\u0131 getirdi<\/h4>\n<p>Sa\u011fl\u0131k Bakan\u0131 Fahrettin Koca, \u0130ngiltere, Danimarka, Hollanda ve G\u00fcney Afrika&#8217;dan T\u00fcrkiye&#8217;ye u\u00e7u\u015flarda ge\u00e7ici durdurma karar\u0131 al\u0131nd\u0131\u011f\u0131n\u0131 bildirdi.<\/p>\n<p>Koca, ayr\u0131ca \u0130ngiltere kaynakl\u0131 mutasyon riski \u00fczerine al\u0131nan tedbirler kapsam\u0131nda halen yolda olan u\u00e7u\u015flar i\u00e7in t\u00fcm yolculara test yap\u0131laca\u011f\u0131n\u0131 ve karantina kurallar\u0131n\u0131n uygulanaca\u011f\u0131n\u0131 a\u00e7\u0131klad\u0131.<\/p>\n<h4>Son tren biletleri<\/h4>\n<p>Avrupa \u00fclkeleri de hava, kara ve deniz ula\u015f\u0131m\u0131n\u0131n yan\u0131 s\u0131ra tren seferlerine son vermeye ba\u015flad\u0131.<\/p>\n<p>Demiryolu firmas\u0131 Eurostar&#8217;dan yap\u0131lan ilk a\u00e7\u0131klamada, pazartesi g\u00fcn\u00fcnden itibaren Londra-Br\u00fcksel ve Londra-Amsterdam aras\u0131ndaki trenlerini iptal edildi\u011fi belirtildi. \u0130lerleyen saatlerde yap\u0131lan di\u011fer bir a\u00e7\u0131klamayla da Paris seferlerinin de durdurulaca\u011f\u0131 bildirildi.<\/p>\n<p>Bu kararlar nedeniyle \u0130ngiltere&#8217;den Hollanda, Bel\u00e7ika ve Fransa&#8217;ya giden trenlerin kalkt\u0131\u011f\u0131 Uluslararas\u0131 Saint Pancras Tren \u0130stasyonu&#8217;nda hareketlilik g\u00f6zlendi.<\/p>\n<p>Muhtemel son trenleri ka\u00e7\u0131rmak istemeyen baz\u0131 yolcular, daha \u00f6nce ald\u0131klar\u0131 biletlerin g\u00fcnleri de\u011fi\u015ftirerek trenlere binmeye \u00e7al\u0131\u015ft\u0131.<\/p>\n<h4>Avrupa \u00fclkeleri birbiri ard\u0131na yasak karar\u0131 ald\u0131<\/h4>\n<p>Fransa, Almanya, \u0130talya, Bel\u00e7ika, Avusturya ve Hollanda, \u0130ngiltere&#8217;yle u\u00e7u\u015flar\u0131 durduracaklar\u0131n\u0131 bildirdi. \u00c7ekya, \u0130ngiltere&#8217;den gelenler i\u00e7in daha kat\u0131 karantina \u00f6nlemleri uygulanaca\u011f\u0131n\u0131 a\u00e7\u0131klad\u0131.<\/p>\n<p>Hollanda&#8217;n\u0131n uygulad\u0131\u011f\u0131 yasak, y\u0131l sonuna kadar s\u00fcrmek \u00fczere pazar sabah\u0131 y\u00fcr\u00fcrl\u00fc\u011fe girdi.<\/p>\n<p>Bel\u00e7ika Ba\u015fbakan\u0131 Alexander De Croo, pazar g\u00fcn\u00fc gece yar\u0131s\u0131ndan itibaren 24 saatli\u011fine u\u00e7u\u015f yasa\u011f\u0131 getirdiklerini s\u00f6yledi.<\/p>\n<p>\u0130talya Sa\u011fl\u0131k bakan\u0131 Roberto Speranza, pazar g\u00fcn\u00fc \u0130ngiltere&#8217;den u\u00e7u\u015flar\u0131 durduran ve son 14 g\u00fcn i\u00e7inde \u0130ngiltere&#8217;de bulunanlar\u0131n \u0130talya&#8217;ya giri\u015fini engelleyen bir karar ald\u0131klar\u0131n\u0131, karar\u0131n 6 Ocak&#8217;a kadar ge\u00e7erli olaca\u011f\u0131n\u0131 duyurdu.<\/p>\n<p>Avusturya h\u00fck\u00fcmeti, u\u00e7u\u015f yasa\u011f\u0131n\u0131n ne zaman ba\u015flayaca\u011f\u0131n\u0131 hen\u00fcz a\u00e7\u0131klamad\u0131.<\/p>\n<p>Alman yetkililer, pazar gece yar\u0131s\u0131ndan itibaren \u0130ngiltere&#8217;den u\u00e7u\u015flar\u0131 yasaklad\u0131\u011f\u0131n\u0131 ve yasa\u011f\u0131n 31 Aral\u0131k&#8217;a kadar s\u00fcrece\u011fini bildirdi.<\/p>\n<p>Fransa Ba\u015fbakan\u0131 Jean Castex, \u0130ngiltere ile hava, kara ve deniz yolu ula\u015f\u0131m\u0131n\u0131 gece yar\u0131s\u0131ndan itibaren 48 saat s\u00fcreli\u011fine durduracaklar\u0131n\u0131 a\u00e7\u0131klad\u0131.<\/p>\n<p>\u0130rlanda h\u00fck\u00fcmeti de, \u0130ngiltere&#8217;den bu \u00fclkeye olan u\u00e7u\u015flara 48 saatlik bir yasak getirdiklerini duyurdu.<\/p>\n<h4>AB acil toplan\u0131yor<\/h4>\n<p>Avrupa Birli\u011fi (AB), nas\u0131l hareket edeceklerini belirlemek \u00fczere pazartesi saat 11.00&#8217;de kriz toplant\u0131s\u0131 yap\u0131laca\u011f\u0131n\u0131 bildirdi.<\/p>\n<p>\u0130ngiltere&#8217;nin D\u0131\u015fi\u015fleri Bakanl\u0131\u011f\u0131ndan \u0130ngiliz bas\u0131n\u0131na yap\u0131lan a\u00e7\u0131klamada, \u00fclkelerin seyahat k\u0131s\u0131tlamalar\u0131n\u0131 &#8220;bu h\u00fck\u00fcmetlerinin kendi karar\u0131 olarak g\u00f6rd\u00fckleri&#8221; kaydedildi.<\/p>\n<p>\u0130ngiltere Ba\u015fkakan\u0131 Boris Johnson, 5 Kas\u0131m-2 Aral\u0131k tarihine kadar devam eden karantina ve sonras\u0131nda al\u0131nan s\u0131k\u0131 \u00f6nlemlere ra\u011fmen vaka say\u0131lar\u0131n\u0131n d\u00fc\u015fmemesinin y\u00fczde 70 daha bula\u015f\u0131c\u0131 olan bir t\u00fcrden kaynakland\u0131\u011f\u0131n\u0131 a\u00e7\u0131klam\u0131\u015ft\u0131.<\/p>\n<div id=\"briti-1401582767\" class=\"briti-icerikten-sonra_2\" style=\"margin-top: 25px;margin-bottom: 25px;\"><a href=\"https:\/\/wa.me\/message\/NDZLLIOQT4H3O1\" aria-label=\"bytv reklam banner\"><img loading=\"lazy\" decoding=\"async\" src=\"https:\/\/by-tv.co.uk\/wp-content\/uploads\/2025\/12\/bytv-reklam-banner.jpg\" alt=\"\"  width=\"2376\" height=\"1008\"   \/><\/a><\/div>","protected":false},"excerpt":{"rendered":"<p>LONDRA (AA) &#8211; \u0130ngiltere Sa\u011fl\u0131k Bakan\u0131 Matt Hancock&#8217;un, yeni t\u00fcr\u00fcn &#8220;kontrolden \u00e7\u0131kt\u0131\u011f\u0131n\u0131&#8221; s\u00f6ylemesi, t\u00fcm d\u00fcnyada endi\u015feye yol a\u00e7t\u0131. Y\u00fczde 70 daha bula\u015f\u0131c\u0131 olan t\u00fcr\u00fcn sadece Londra ve civar\u0131nda de\u011fil \u00fclkenin taman\u0131nda g\u00f6r\u00fcld\u00fc\u011f\u00fc belirlendi. Daha \u00f6l\u00fcmc\u00fcl oldu\u011funa veya a\u015f\u0131lar\u0131 etkisiz k\u0131laca\u011f\u0131na dair dair hen\u00fcz bir veri bulunmasa da \u00fclkeler, art arda \u00f6nlem alarak \u0130ngiltere&#8217;yle s\u0131n\u0131rlar\u0131 kapatmaya ba\u015flad\u0131. T\u00fcrkiye seyahat yasa\u011f\u0131 getirdi Sa\u011fl\u0131k Bakan\u0131 Fahrettin Koca, \u0130ngiltere, Danimarka, Hollanda ve G\u00fcney Afrika&#8217;dan T\u00fcrkiye&#8217;ye u\u00e7u\u015flarda ge\u00e7ici durdurma karar\u0131 al\u0131nd\u0131\u011f\u0131n\u0131 bildirdi. Koca, ayr\u0131ca \u0130ngiltere kaynakl\u0131 mutasyon riski \u00fczerine al\u0131nan tedbirler kapsam\u0131nda halen yolda olan u\u00e7u\u015flar i\u00e7in t\u00fcm yolculara test yap\u0131laca\u011f\u0131n\u0131 ve karantina kurallar\u0131n\u0131n uygulanaca\u011f\u0131n\u0131 [&hellip;]<\/p>\n","protected":false},"author":1,"featured_media":0,"comment_status":"open","ping_status":"open","sticky":false,"template":"","format":"standard","meta":{"ngg_post_thumbnail":0,"footnotes":""},"categories":[15],"tags":[],"class_list":["post-7240","post","type-post","status-publish","format-standard","hentry","category-ingiltere"],"_links":{"self":[{"href":"https:\/\/by-tv.co.uk\/en\/wp-json\/wp\/v2\/posts\/7240","targetHints":{"allow":["GET"]}}],"collection":[{"href":"https:\/\/by-tv.co.uk\/en\/wp-json\/wp\/v2\/posts"}],"about":[{"href":"https:\/\/by-tv.co.uk\/en\/wp-json\/wp\/v2\/types\/post"}],"author":[{"embeddable":true,"href":"https:\/\/by-tv.co.uk\/en\/wp-json\/wp\/v2\/users\/1"}],"replies":[{"embeddable":true,"href":"https:\/\/by-tv.co.uk\/en\/wp-json\/wp\/v2\/comments?post=7240"}],"version-history":[{"count":0,"href":"https:\/\/by-tv.co.uk\/en\/wp-json\/wp\/v2\/posts\/7240\/revisions"}],"wp:attachment":[{"href":"https:\/\/by-tv.co.uk\/en\/wp-json\/wp\/v2\/media?parent=7240"}],"wp:term":[{"taxonomy":"category","embeddable":true,"href":"https:\/\/by-tv.co.uk\/en\/wp-json\/wp\/v2\/categories?post=7240"},{"taxonomy":"post_tag","embeddable":true,"href":"https:\/\/by-tv.co.uk\/en\/wp-json\/wp\/v2\/tags?post=7240"}],"curies":[{"name":"wp","href":"https:\/\/api.w.org\/{rel}","templated":true}]}}