{"id":7234,"date":"2020-12-20T22:47:54","date_gmt":"2020-12-20T22:47:54","guid":{"rendered":"https:\/\/by-tv.co.uk\/?p=7234"},"modified":"2020-12-20T22:50:26","modified_gmt":"2020-12-20T22:50:26","slug":"bakan-koca-4-ulkeden-turkiyeye-ucuslar-gecici-olarak-durduruldu","status":"publish","type":"post","link":"https:\/\/by-tv.co.uk\/en\/bakan-koca-4-ulkeden-turkiyeye-ucuslar-gecici-olarak-durduruldu\/","title":{"rendered":"Bakan Koca: 4 \u00fclkeden T\u00fcrkiye&#8217;ye u\u00e7u\u015flar ge\u00e7ici olarak durduruldu"},"content":{"rendered":"<p>Ankara<br \/>\nSa\u011fl\u0131k Bakan\u0131 Fahrettin Koca, \u0130ngiltere, Danimarka, Hollanda ve G\u00fcney Afrika&#8217;dan T\u00fcrkiye&#8217;ye u\u00e7u\u015flarda ge\u00e7ici durdurma karar\u0131 al\u0131nd\u0131\u011f\u0131n\u0131 bildirdi.<\/p>\n<p>Bakan Koca, sosyal medya hesab\u0131ndan yapt\u0131\u011f\u0131 a\u00e7\u0131klamada, \u015funlar\u0131 kaydetti:<\/p>\n<blockquote class=\"twitter-tweet\">\n<p dir=\"ltr\" lang=\"tr\">Koronavir\u00fcs\u00fcn mutasyonuyla \u0130ngiltere&#8217;de bula\u015f h\u0131z\u0131n\u0131n artt\u0131\u011f\u0131 bildirilmi\u015ftir. Cumhurba\u015fkan\u0131m\u0131z\u0131n talimat\u0131, Ula\u015ft\u0131rma ve Altyap\u0131 Bakanl\u0131\u011f\u0131m\u0131z\u0131n koordinasyonu ile tedbiren; \u0130ngiltere, Danimarka, Hollanda ve G\u00fcney Afrika&#8217;dan \u00fclkemize olan u\u00e7u\u015flarda ge\u00e7ici durdurma karar\u0131 al\u0131nm\u0131\u015ft\u0131r.<\/p>\n<p>\u2014 Dr. Fahrettin Koca (@drfahrettinkoca) <a href=\"https:\/\/twitter.com\/drfahrettinkoca\/status\/1340752471908638724?ref_src=twsrc%5Etfw\" target=\"_blank\" rel=\"noopener\">December 20, 2020<\/a><\/p><\/blockquote>\n<p><script async src=\"https:\/\/platform.twitter.com\/widgets.js\" charset=\"utf-8\"><\/script><\/p>\n<p>&#8220;Koronavir\u00fcs\u00fcn mutasyonuyla \u0130ngiltere&#8217;de bula\u015f h\u0131z\u0131n\u0131n artt\u0131\u011f\u0131 bildirilmi\u015ftir. Cumhurba\u015fkan\u0131m\u0131z\u0131n talimat\u0131, Ula\u015ft\u0131rma ve Altyap\u0131 Bakanl\u0131\u011f\u0131m\u0131z\u0131n koordinasyonu ile tedbiren \u0130ngiltere, Danimarka, Hollanda ve G\u00fcney Afrika&#8217;dan \u00fclkemize olan u\u00e7u\u015flarda ge\u00e7ici durdurma karar\u0131 al\u0131nm\u0131\u015ft\u0131r.&#8221;<\/p><div id=\"briti-4167825592\" class=\"briti-icerik\" style=\"margin-top: 5px;margin-bottom: 5px;\"><a href=\"https:\/\/piaryum.com\/services\/\" aria-label=\"piaryum banner\"><img loading=\"lazy\" decoding=\"async\" src=\"https:\/\/by-tv.co.uk\/wp-content\/uploads\/2025\/12\/Gemini_Generated_Image_g5yqr1g5yqr1g5yq.jpg\" alt=\"\"  width=\"2064\" height=\"1152\"   \/><\/a><\/div>\n<p>Bakan Koca, a\u00e7\u0131klamalar\u0131n\u0131n devam\u0131nda, &#8220;Tedbirler kapsam\u0131nda halen yolda olan u\u00e7u\u015flar i\u00e7in t\u00fcm yolculara test yap\u0131lacak ve karantina kurallar\u0131 uygulanacakt\u0131r.&#8221; bilgisini de payla\u015ft\u0131.<\/p>\n<h4>THY, yolcular\u0131n\u0131 ma\u011fdur etmeyecek<\/h4>\n<p>THY Genel M\u00fcd\u00fcr\u00fc Bilal Ek\u015fi, Twitter hesab\u0131ndan, Sa\u011fl\u0131k Bakan\u0131 Fahrettin Koca&#8217;n\u0131n, \u0130ngiltere, Danimarka, Hollanda ve G\u00fcney Afrika&#8217;dan T\u00fcrkiye&#8217;ye u\u00e7u\u015flarda ge\u00e7ici durdurma karar\u0131 al\u0131nd\u0131\u011f\u0131 a\u00e7\u0131klamas\u0131 \u00fczerine payla\u015f\u0131mda bulundu.<\/p>\n<p>Ek\u015fi, iletisinde, &#8220;Sa\u011fl\u0131k Bakanl\u0131\u011f\u0131m\u0131z\u0131n \u0130ngiltere, Danimarka, Hollanda, G\u00fcney Afrika&#8217;dan u\u00e7u\u015flar\u0131n durdurulmas\u0131 karar\u0131na istinaden, hi\u00e7bir yolcumuzun bilet i\u015flemleri konusunda acele etmemesini rica ederiz. Hi\u00e7bir yolcumuz bilet i\u015flemleri konusunda ma\u011fdur edilmeyecektir.&#8221; ifadelerini kulland\u0131.<\/p>\n<div id=\"briti-1042486935\" class=\"briti-icerikten-sonra_2\" style=\"margin-top: 25px;margin-bottom: 25px;\"><a href=\"https:\/\/wa.me\/message\/NDZLLIOQT4H3O1\" aria-label=\"bytv reklam banner\"><img loading=\"lazy\" decoding=\"async\" src=\"https:\/\/by-tv.co.uk\/wp-content\/uploads\/2025\/12\/bytv-reklam-banner.jpg\" alt=\"\"  width=\"2376\" height=\"1008\"   \/><\/a><\/div>","protected":false},"excerpt":{"rendered":"<p>Ankara Sa\u011fl\u0131k Bakan\u0131 Fahrettin Koca, \u0130ngiltere, Danimarka, Hollanda ve G\u00fcney Afrika&#8217;dan T\u00fcrkiye&#8217;ye u\u00e7u\u015flarda ge\u00e7ici durdurma karar\u0131 al\u0131nd\u0131\u011f\u0131n\u0131 bildirdi. Bakan Koca, sosyal medya hesab\u0131ndan yapt\u0131\u011f\u0131 a\u00e7\u0131klamada, \u015funlar\u0131 kaydetti: Koronavir\u00fcs\u00fcn mutasyonuyla \u0130ngiltere&#8217;de bula\u015f h\u0131z\u0131n\u0131n artt\u0131\u011f\u0131 bildirilmi\u015ftir. Cumhurba\u015fkan\u0131m\u0131z\u0131n talimat\u0131, Ula\u015ft\u0131rma ve Altyap\u0131 Bakanl\u0131\u011f\u0131m\u0131z\u0131n koordinasyonu ile tedbiren; \u0130ngiltere, Danimarka, Hollanda ve G\u00fcney Afrika&#8217;dan \u00fclkemize olan u\u00e7u\u015flarda ge\u00e7ici durdurma karar\u0131 al\u0131nm\u0131\u015ft\u0131r. \u2014 Dr. Fahrettin Koca (@drfahrettinkoca) December 20, 2020 &#8220;Koronavir\u00fcs\u00fcn mutasyonuyla \u0130ngiltere&#8217;de bula\u015f h\u0131z\u0131n\u0131n artt\u0131\u011f\u0131 bildirilmi\u015ftir. Cumhurba\u015fkan\u0131m\u0131z\u0131n talimat\u0131, Ula\u015ft\u0131rma ve Altyap\u0131 Bakanl\u0131\u011f\u0131m\u0131z\u0131n koordinasyonu ile tedbiren \u0130ngiltere, Danimarka, Hollanda ve G\u00fcney Afrika&#8217;dan \u00fclkemize olan u\u00e7u\u015flarda ge\u00e7ici durdurma karar\u0131 al\u0131nm\u0131\u015ft\u0131r.&#8221; Bakan Koca, a\u00e7\u0131klamalar\u0131n\u0131n devam\u0131nda, &#8220;Tedbirler kapsam\u0131nda halen [&hellip;]<\/p>\n","protected":false},"author":1,"featured_media":7235,"comment_status":"open","ping_status":"open","sticky":false,"template":"","format":"standard","meta":{"ngg_post_thumbnail":0,"footnotes":""},"categories":[1],"tags":[430,1618,2450,501,2276,1550,460,1432,2449],"class_list":["post-7234","post","type-post","status-publish","format-standard","has-post-thumbnail","hentry","category-genel","tag-birlesik-krallik","tag-danimarka","tag-guney-afrika","tag-hollanda","tag-kisitlama","tag-pandemi","tag-salgin","tag-sondakika","tag-ucuslar-iptal"],"_links":{"self":[{"href":"https:\/\/by-tv.co.uk\/en\/wp-json\/wp\/v2\/posts\/7234","targetHints":{"allow":["GET"]}}],"collection":[{"href":"https:\/\/by-tv.co.uk\/en\/wp-json\/wp\/v2\/posts"}],"about":[{"href":"https:\/\/by-tv.co.uk\/en\/wp-json\/wp\/v2\/types\/post"}],"author":[{"embeddable":true,"href":"https:\/\/by-tv.co.uk\/en\/wp-json\/wp\/v2\/users\/1"}],"replies":[{"embeddable":true,"href":"https:\/\/by-tv.co.uk\/en\/wp-json\/wp\/v2\/comments?post=7234"}],"version-history":[{"count":0,"href":"https:\/\/by-tv.co.uk\/en\/wp-json\/wp\/v2\/posts\/7234\/revisions"}],"wp:featuredmedia":[{"embeddable":true,"href":"https:\/\/by-tv.co.uk\/en\/wp-json\/wp\/v2\/media\/7235"}],"wp:attachment":[{"href":"https:\/\/by-tv.co.uk\/en\/wp-json\/wp\/v2\/media?parent=7234"}],"wp:term":[{"taxonomy":"category","embeddable":true,"href":"https:\/\/by-tv.co.uk\/en\/wp-json\/wp\/v2\/categories?post=7234"},{"taxonomy":"post_tag","embeddable":true,"href":"https:\/\/by-tv.co.uk\/en\/wp-json\/wp\/v2\/tags?post=7234"}],"curies":[{"name":"wp","href":"https:\/\/api.w.org\/{rel}","templated":true}]}}