{"id":7188,"date":"2020-12-19T12:22:36","date_gmt":"2020-12-19T12:22:36","guid":{"rendered":"https:\/\/by-tv.co.uk\/?p=7188"},"modified":"2020-12-19T12:22:36","modified_gmt":"2020-12-19T12:22:36","slug":"dso-kovid-19-asisi-fakir-ulkelere-2021in-ilk-yarisinda-ulasacak","status":"publish","type":"post","link":"https:\/\/by-tv.co.uk\/en\/dso-kovid-19-asisi-fakir-ulkelere-2021in-ilk-yarisinda-ulasacak\/","title":{"rendered":"DS\u00d6: Kovid-19 a\u015f\u0131s\u0131 fakir \u00fclkelere 2021&#8217;in ilk yar\u0131s\u0131nda ula\u015facak"},"content":{"rendered":"<p>CENEVRE (AA) &#8211;\u00a0 D\u00fcnya Sa\u011fl\u0131k \u00d6rg\u00fct\u00fc (DS\u00d6), K\u00fcresel A\u015f\u0131 ve Ba\u011f\u0131\u015f\u0131klama \u0130ttifak\u0131 (GAVI) ve Salg\u0131n Hastal\u0131klara Haz\u0131rl\u0131k \u0130\u00e7in Yenilik Koalisyonunca (CEPI) y\u00fcr\u00fct\u00fclen ortak giri\u015fimle, gelecek y\u0131l orta ve d\u00fc\u015f\u00fck gelirli 92 \u00fclkeye 1,3 milyar doz Kovid-19 a\u015f\u0131s\u0131 da\u011f\u0131t\u0131lmas\u0131 planlan\u0131yor.<\/p>\n<p>\u00dc\u00e7l\u00fc giri\u015fim taraf\u0131ndan d\u00fczenlenen bas\u0131n toplant\u0131s\u0131nda konu\u015fan DS\u00d6 Genel Direkt\u00f6r\u00fc Dr. Tedros Adhanom Ghebreyesus,, DS\u00d6 e\u015f g\u00fcd\u00fcm\u00fcnde y\u00fcr\u00fct\u00fclen Kovid-19 A\u015f\u0131lar\u0131 K\u00fcresel Eri\u015fim Program\u0131&#8217;na (COVAX) \u015fimdiye kadar 190 \u00fclke ve ekonominin kat\u0131ld\u0131\u011f\u0131n\u0131 aktard\u0131.<\/p>\n<p>Zengin \u00fclkelerin d\u00fc\u015f\u00fck ve orta gelirli \u00fclkeleri desteklemesi i\u00e7in kurulan COVAX&#8217;\u0131n \u00f6nemine i\u015faret eden Ghebreyesus, &#8220;COVAX&#8217;in gelecek vadeden birka\u00e7 a\u015f\u0131 aday\u0131ndan neredeyse 2 milyar doza eri\u015fim sa\u011flad\u0131\u011f\u0131n\u0131 duyurmaktan gurur duyuyoruz.&#8221; dedi.<\/p><div id=\"briti-3851989383\" class=\"briti-icerik\" style=\"margin-top: 5px;margin-bottom: 5px;\"><a href=\"https:\/\/piaryum.com\/services\/\" aria-label=\"piaryum banner\"><img loading=\"lazy\" decoding=\"async\" src=\"https:\/\/by-tv.co.uk\/wp-content\/uploads\/2025\/12\/Gemini_Generated_Image_g5yqr1g5yqr1g5yq.jpg\" alt=\"\"  width=\"2064\" height=\"1152\"   \/><\/a><\/div>\n<p>Ghebreyesus, &#8220;benzeri g\u00f6r\u00fclmemi\u015f anla\u015fmalar&#8221; sayesinde, Kovid-19 a\u015f\u0131lar\u0131n\u0131n fakir \u00fclkelere 2021&#8217;in ilk yar\u0131s\u0131nda ula\u015faca\u011f\u0131n\u0131 belirterek, &#8220;A\u015f\u0131lar\u0131n gelmesi t\u00fcnelin sonundaki \u0131\u015f\u0131\u011f\u0131 bir an i\u00e7in g\u00f6rmemizi sa\u011fl\u0131yor.&#8221; ifadesini kulland\u0131.<\/p>\n<p>DS\u00d6, COVAX vas\u0131tas\u0131yla AstraZeneca ile 170 milyon doz a\u015f\u0131 i\u00e7in anla\u015fmaya vard\u0131. Johnson and Johnson \u015firketiyle 500 milyon doz a\u015f\u0131 i\u00e7in bir mutabakat zapt\u0131 imzaland\u0131.<\/p>\n<p>COVAX i\u00e7in yap\u0131lan anla\u015fmalar, Hindistan Serum Enstit\u00fcs\u00fc (SII) ile 200 milyon doz a\u015f\u0131 i\u00e7erirken, Pfizer ve BioNTech ve Moderna \u015firketleriyle g\u00f6r\u00fc\u015fmelerin ise devam etti\u011fi bildirildi.<\/p>\n<div id=\"briti-1293965348\" class=\"briti-icerikten-sonra_2\" style=\"margin-top: 25px;margin-bottom: 25px;\"><a href=\"https:\/\/wa.me\/message\/NDZLLIOQT4H3O1\" aria-label=\"bytv reklam banner\"><img loading=\"lazy\" decoding=\"async\" src=\"https:\/\/by-tv.co.uk\/wp-content\/uploads\/2025\/12\/bytv-reklam-banner.jpg\" alt=\"\"  width=\"2376\" height=\"1008\"   \/><\/a><\/div>","protected":false},"excerpt":{"rendered":"<p>CENEVRE (AA) &#8211;\u00a0 D\u00fcnya Sa\u011fl\u0131k \u00d6rg\u00fct\u00fc (DS\u00d6), K\u00fcresel A\u015f\u0131 ve Ba\u011f\u0131\u015f\u0131klama \u0130ttifak\u0131 (GAVI) ve Salg\u0131n Hastal\u0131klara Haz\u0131rl\u0131k \u0130\u00e7in Yenilik Koalisyonunca (CEPI) y\u00fcr\u00fct\u00fclen ortak giri\u015fimle, gelecek y\u0131l orta ve d\u00fc\u015f\u00fck gelirli 92 \u00fclkeye 1,3 milyar doz Kovid-19 a\u015f\u0131s\u0131 da\u011f\u0131t\u0131lmas\u0131 planlan\u0131yor. \u00dc\u00e7l\u00fc giri\u015fim taraf\u0131ndan d\u00fczenlenen bas\u0131n toplant\u0131s\u0131nda konu\u015fan DS\u00d6 Genel Direkt\u00f6r\u00fc Dr. Tedros Adhanom Ghebreyesus,, DS\u00d6 e\u015f g\u00fcd\u00fcm\u00fcnde y\u00fcr\u00fct\u00fclen Kovid-19 A\u015f\u0131lar\u0131 K\u00fcresel Eri\u015fim Program\u0131&#8217;na (COVAX) \u015fimdiye kadar 190 \u00fclke ve ekonominin kat\u0131ld\u0131\u011f\u0131n\u0131 aktard\u0131. Zengin \u00fclkelerin d\u00fc\u015f\u00fck ve orta gelirli \u00fclkeleri desteklemesi i\u00e7in kurulan COVAX&#8217;\u0131n \u00f6nemine i\u015faret eden Ghebreyesus, &#8220;COVAX&#8217;in gelecek vadeden birka\u00e7 a\u015f\u0131 aday\u0131ndan neredeyse 2 milyar doza eri\u015fim sa\u011flad\u0131\u011f\u0131n\u0131 duyurmaktan gurur [&hellip;]<\/p>\n","protected":false},"author":1,"featured_media":0,"comment_status":"open","ping_status":"open","sticky":false,"template":"","format":"standard","meta":{"ngg_post_thumbnail":0,"footnotes":""},"categories":[15],"tags":[],"class_list":["post-7188","post","type-post","status-publish","format-standard","hentry","category-ingiltere"],"_links":{"self":[{"href":"https:\/\/by-tv.co.uk\/en\/wp-json\/wp\/v2\/posts\/7188","targetHints":{"allow":["GET"]}}],"collection":[{"href":"https:\/\/by-tv.co.uk\/en\/wp-json\/wp\/v2\/posts"}],"about":[{"href":"https:\/\/by-tv.co.uk\/en\/wp-json\/wp\/v2\/types\/post"}],"author":[{"embeddable":true,"href":"https:\/\/by-tv.co.uk\/en\/wp-json\/wp\/v2\/users\/1"}],"replies":[{"embeddable":true,"href":"https:\/\/by-tv.co.uk\/en\/wp-json\/wp\/v2\/comments?post=7188"}],"version-history":[{"count":0,"href":"https:\/\/by-tv.co.uk\/en\/wp-json\/wp\/v2\/posts\/7188\/revisions"}],"wp:attachment":[{"href":"https:\/\/by-tv.co.uk\/en\/wp-json\/wp\/v2\/media?parent=7188"}],"wp:term":[{"taxonomy":"category","embeddable":true,"href":"https:\/\/by-tv.co.uk\/en\/wp-json\/wp\/v2\/categories?post=7188"},{"taxonomy":"post_tag","embeddable":true,"href":"https:\/\/by-tv.co.uk\/en\/wp-json\/wp\/v2\/tags?post=7188"}],"curies":[{"name":"wp","href":"https:\/\/api.w.org\/{rel}","templated":true}]}}