{"id":7186,"date":"2020-12-18T13:29:05","date_gmt":"2020-12-18T13:29:05","guid":{"rendered":"https:\/\/by-tv.co.uk\/?p=7186"},"modified":"2020-12-18T13:29:05","modified_gmt":"2020-12-18T13:29:05","slug":"abden-ingiltereye-balikcilikta-uzlasi-cagrisi","status":"publish","type":"post","link":"https:\/\/by-tv.co.uk\/en\/abden-ingiltereye-balikcilikta-uzlasi-cagrisi\/","title":{"rendered":"AB&#8217;den \u0130ngiltere&#8217;ye bal\u0131k\u00e7\u0131l\u0131kta uzla\u015f\u0131 \u00e7a\u011fr\u0131s\u0131"},"content":{"rendered":"<p>Avrupa Birli\u011fi (AB) Komisyonu Ba\u015fkan\u0131 Ursula von der Leyen, \u0130ngiltere ile ticaret ve gelecekteki ili\u015fkileri belirleyecek anla\u015fma m\u00fczakerelerine ili\u015fkin, &#8220;\u00d6zellikle bal\u0131k\u00e7\u0131l\u0131k konusunda b\u00fcy\u00fck farkl\u0131l\u0131klar\u0131n giderilmesi gerekiyor.&#8221; ifadesini kulland\u0131.<\/p>\n<p>Von der Leyen, sosyal medya hesab\u0131ndan, AB ile \u0130ngiltere aras\u0131ndaki Brexit m\u00fczakerelerine ili\u015fkin a\u00e7\u0131klamalarda bulundu.<br \/>\n\u0130ngiltere Ba\u015fbakan\u0131 Boris Johnson ile ticaret ve gelecekteki ili\u015fkileri \u015fekillendirecek anla\u015fma m\u00fczakerelerindeki son durumu ele alan telefon g\u00f6r\u00fc\u015fmesi yapt\u0131\u011f\u0131n\u0131 belirten Von der Leyen, pek \u00e7ok konuda ilerleme olmas\u0131na ra\u011fmen halen \u00e7\u00f6z\u00fclememi\u015f konular bulundu\u011funu ifade etti.<\/p>\n<p>Von der Leyen, m\u00fczakerelerin yar\u0131n devam edece\u011fini s\u00f6yleyerek, &#8220;\u00d6zellikle bal\u0131k\u00e7\u0131l\u0131k konusunda b\u00fcy\u00fck farkl\u0131l\u0131klar\u0131n giderilmesi gerekiyor. Burada bir k\u00f6pr\u00fc kurmak \u00e7ok zor olacak.&#8221; de\u011ferlendirmesinde bulundu.<\/p><div id=\"briti-3648369875\" class=\"briti-icerik\" style=\"margin-top: 5px;margin-bottom: 5px;\"><a href=\"https:\/\/piaryum.com\/services\/\" aria-label=\"piaryum banner\"><img loading=\"lazy\" decoding=\"async\" src=\"https:\/\/by-tv.co.uk\/wp-content\/uploads\/2025\/12\/Gemini_Generated_Image_g5yqr1g5yqr1g5yq.jpg\" alt=\"\"  width=\"2064\" height=\"1152\"   \/><\/a><\/div>\n<p>AB ile \u0130ngiltere, daha \u00f6nce belirlenen son s\u00fcre dolmas\u0131na ra\u011fmen kar\u015f\u0131l\u0131kl\u0131 olarak heyetlerine m\u00fczakereleri s\u00fcrd\u00fcrme talimat\u0131 vermi\u015fti.<br \/>\n&#8211; Brexit s\u00fcreci<\/p>\n<p>\u0130ngiltere, Galler, Kuzey \u0130rlanda ve \u0130sko\u00e7ya&#8217;dan olu\u015fan Birle\u015fik Krall\u0131k&#8217;ta, Haziran 2016&#8217;da yap\u0131lan AB referandumunda y\u00fczde 48&#8217;e kar\u015f\u0131 y\u00fczde 52 ile Brexit karar\u0131 al\u0131nm\u0131\u015ft\u0131.<\/p>\n<p>AB&#8217;den resmen 31 Ocak&#8217;ta ayr\u0131lan \u0130ngiltere, Birlik ile ba\u015fta ticaret olmak \u00fczere ikili ili\u015fkiler konusunda kapsaml\u0131 m\u00fczakereler y\u00fcr\u00fct\u00fcyor.<br \/>\nAB ile \u0130ngiltere aras\u0131ndaki m\u00fczakerelerde &#8220;adil rekabetin sa\u011flanmas\u0131&#8221;, &#8220;ticari anla\u015fmazl\u0131klar\u0131n nas\u0131l \u00e7\u00f6z\u00fclece\u011fi&#8221; ve &#8220;bal\u0131k\u00e7\u0131l\u0131k&#8221; gibi sorunlu konular yer al\u0131yor.<\/p>\n<p>Anla\u015fmaya var\u0131lamamas\u0131 halinde iki taraf aras\u0131ndaki ticari ili\u015fkiler, 31 Aral\u0131k sonras\u0131nda D\u00fcnya Ticaret \u00d6rg\u00fct\u00fc (DT\u00d6) kurallar\u0131na g\u00f6re yap\u0131lacak. Bu tarihe kadar olan ge\u00e7i\u015f s\u00fcreci boyunca \u0130ngiltere, AB kurallar\u0131na ba\u011fl\u0131 kalmay\u0131 s\u00fcrd\u00fcr\u00fcyor.<\/p>\n<p>AA<\/p>\n<div id=\"briti-97549253\" class=\"briti-icerikten-sonra_2\" style=\"margin-top: 25px;margin-bottom: 25px;\"><a href=\"https:\/\/wa.me\/message\/NDZLLIOQT4H3O1\" aria-label=\"bytv reklam banner\"><img loading=\"lazy\" decoding=\"async\" src=\"https:\/\/by-tv.co.uk\/wp-content\/uploads\/2025\/12\/bytv-reklam-banner.jpg\" alt=\"\"  width=\"2376\" height=\"1008\"   \/><\/a><\/div>","protected":false},"excerpt":{"rendered":"<p>Avrupa Birli\u011fi (AB) Komisyonu Ba\u015fkan\u0131 Ursula von der Leyen, \u0130ngiltere ile ticaret ve gelecekteki ili\u015fkileri belirleyecek anla\u015fma m\u00fczakerelerine ili\u015fkin, &#8220;\u00d6zellikle bal\u0131k\u00e7\u0131l\u0131k konusunda b\u00fcy\u00fck farkl\u0131l\u0131klar\u0131n giderilmesi gerekiyor.&#8221; ifadesini kulland\u0131. Von der Leyen, sosyal medya hesab\u0131ndan, AB ile \u0130ngiltere aras\u0131ndaki Brexit m\u00fczakerelerine ili\u015fkin a\u00e7\u0131klamalarda bulundu. \u0130ngiltere Ba\u015fbakan\u0131 Boris Johnson ile ticaret ve gelecekteki ili\u015fkileri \u015fekillendirecek anla\u015fma m\u00fczakerelerindeki son durumu ele alan telefon g\u00f6r\u00fc\u015fmesi yapt\u0131\u011f\u0131n\u0131 belirten Von der Leyen, pek \u00e7ok konuda ilerleme olmas\u0131na ra\u011fmen halen \u00e7\u00f6z\u00fclememi\u015f konular bulundu\u011funu ifade etti. Von der Leyen, m\u00fczakerelerin yar\u0131n devam edece\u011fini s\u00f6yleyerek, &#8220;\u00d6zellikle bal\u0131k\u00e7\u0131l\u0131k konusunda b\u00fcy\u00fck farkl\u0131l\u0131klar\u0131n giderilmesi gerekiyor. Burada bir k\u00f6pr\u00fc kurmak \u00e7ok zor olacak.&#8221; [&hellip;]<\/p>\n","protected":false},"author":1,"featured_media":7175,"comment_status":"open","ping_status":"open","sticky":false,"template":"","format":"standard","meta":{"ngg_post_thumbnail":0,"footnotes":""},"categories":[15],"tags":[],"class_list":["post-7186","post","type-post","status-publish","format-standard","has-post-thumbnail","hentry","category-ingiltere"],"_links":{"self":[{"href":"https:\/\/by-tv.co.uk\/en\/wp-json\/wp\/v2\/posts\/7186","targetHints":{"allow":["GET"]}}],"collection":[{"href":"https:\/\/by-tv.co.uk\/en\/wp-json\/wp\/v2\/posts"}],"about":[{"href":"https:\/\/by-tv.co.uk\/en\/wp-json\/wp\/v2\/types\/post"}],"author":[{"embeddable":true,"href":"https:\/\/by-tv.co.uk\/en\/wp-json\/wp\/v2\/users\/1"}],"replies":[{"embeddable":true,"href":"https:\/\/by-tv.co.uk\/en\/wp-json\/wp\/v2\/comments?post=7186"}],"version-history":[{"count":0,"href":"https:\/\/by-tv.co.uk\/en\/wp-json\/wp\/v2\/posts\/7186\/revisions"}],"wp:featuredmedia":[{"embeddable":true,"href":"https:\/\/by-tv.co.uk\/en\/wp-json\/wp\/v2\/media\/7175"}],"wp:attachment":[{"href":"https:\/\/by-tv.co.uk\/en\/wp-json\/wp\/v2\/media?parent=7186"}],"wp:term":[{"taxonomy":"category","embeddable":true,"href":"https:\/\/by-tv.co.uk\/en\/wp-json\/wp\/v2\/categories?post=7186"},{"taxonomy":"post_tag","embeddable":true,"href":"https:\/\/by-tv.co.uk\/en\/wp-json\/wp\/v2\/tags?post=7186"}],"curies":[{"name":"wp","href":"https:\/\/api.w.org\/{rel}","templated":true}]}}