{"id":7182,"date":"2020-12-17T21:59:56","date_gmt":"2020-12-17T21:59:56","guid":{"rendered":"https:\/\/by-tv.co.uk\/?p=7182"},"modified":"2020-12-17T21:59:56","modified_gmt":"2020-12-17T21:59:56","slug":"koronavirus-salgininda-son-24-saat","status":"publish","type":"post","link":"https:\/\/by-tv.co.uk\/en\/koronavirus-salgininda-son-24-saat\/","title":{"rendered":"Koronavir\u00fcs salg\u0131n\u0131nda son 24 saat"},"content":{"rendered":"<p>SARAYBOSNA(AA) &#8211; D\u00fcnya genelinde <strong>yeni tip koronavir\u00fcs (Kovid-19)<\/strong> vaka say\u0131s\u0131 74 milyon 901 bini, vir\u00fcs nedeniyle hayat\u0131n\u0131 kaybedenlerin say\u0131s\u0131 1 milyon 662 bini, iyile\u015fenlerin say\u0131s\u0131 ise 52 milyon 639 bini a\u015ft\u0131.<\/p>\n<p>Vaka say\u0131s\u0131 ABD&#8217;de 17 milyon 401 bini, Hindistan&#8217;da 9 milyon 953 bini, Brezilya&#8217;da 7 milyon 42 bini ve Rusya&#8217;da 2 milyon 762 bini ge\u00e7ti.<\/p>\n<h4>Biontech\/Pfizer&#8217;in Kovid-19 a\u015f\u0131s\u0131 2 ki\u015fide &#8220;a\u015f\u0131r\u0131 alerjik tepkiye&#8221; yol a\u00e7t\u0131<\/h4>\n<p>ABD&#8217;de ge\u00e7en hafta acil kullan\u0131m\u0131na onay verilen Alman biyoteknoloji \u015firketi Biontech ile Amerikan ila\u00e7 \u015firketi Pfizer taraf\u0131ndan geli\u015ftirilen Kovid-19 a\u015f\u0131s\u0131n\u0131n uyguland\u0131\u011f\u0131 2 sa\u011fl\u0131k \u00e7al\u0131\u015fan\u0131nda &#8220;a\u015f\u0131r\u0131 alerjik tepkiye&#8221; yol a\u00e7t\u0131\u011f\u0131 belirtildi.<\/p><div id=\"briti-1040992897\" class=\"briti-icerik\" style=\"margin-top: 5px;margin-bottom: 5px;\"><a href=\"https:\/\/piaryum.com\/services\/\" aria-label=\"piaryum banner\"><img loading=\"lazy\" decoding=\"async\" src=\"https:\/\/by-tv.co.uk\/wp-content\/uploads\/2025\/12\/Gemini_Generated_Image_g5yqr1g5yqr1g5yq.jpg\" alt=\"\"  width=\"2064\" height=\"1152\"   \/><\/a><\/div>\n<p>D\u00fcnya Sa\u011fl\u0131k \u00d6rg\u00fct\u00fcn\u00fcn (DS\u00d6), salg\u0131n\u0131n ilk nerede ve nas\u0131l hayvanlardan insanlara ge\u00e7ti\u011fini ara\u015ft\u0131rmak \u00fczere \u00c7in&#8217;e heyet g\u00f6nderece\u011fi bildirildi.<\/p>\n<p>Avrupa Birli\u011fi (AB), salg\u0131na kar\u015f\u0131 geli\u015ftirilecek a\u015f\u0131 al\u0131m \u00e7al\u0131\u015fmalar\u0131 kapsam\u0131nda Novavax firmas\u0131 ile 200 milyon dozluk al\u0131m s\u00f6zle\u015fmesi imzalayaca\u011f\u0131n\u0131 a\u00e7\u0131klad\u0131.<\/p>\n<p>AB Komisyonu Ba\u015fkan\u0131 Ursula von der Leyen, AB \u00fclkelerinde a\u015f\u0131lama kampanyalar\u0131n\u0131n 27 Aral\u0131k&#8217;ta ba\u015flayaca\u011f\u0131n\u0131 bildirdi.<\/p>\n<h4>Macron&#8217;un\u00a0Kovid-19 testi pozitif \u00e7\u0131kt\u0131<\/h4>\n<p>Fransa Cumhurba\u015fkan\u0131 Emmanuel Macron&#8217;un Kovid-19 testi pozitif \u00e7\u0131kt\u0131. Bunun \u00fczerine, AB Konseyi Ba\u015fkan\u0131 Charles Michel, \u0130spanya Ba\u015fbakan\u0131 Pedro Sanchez, Fransa Ba\u015fbakan\u0131 Jean Castex, Ulusal Meclis Ba\u015fkan\u0131 Richard Ferrand ve Macron&#8217;un e\u015fi Brigitte Macron, Macron ile temasta olduklar\u0131 gerek\u00e7esiyle karantinaya girdi.<\/p>\n<p>\u0130ngiltere&#8217;de uzmanlar, D vitamini kullanman\u0131n Kovid-19&#8217;u \u00f6nledi\u011fine veya tedavi etti\u011fine y\u00f6nelik &#8220;yeterli kan\u0131t bulunmad\u0131\u011f\u0131n\u0131&#8221; a\u00e7\u0131klad\u0131.<\/p>\n<p>\u0130talya&#8217;da Ba\u015fbakan Giuseppe Conte&#8217;nin, koalisyon ortaklar\u0131 ve b\u00f6lge y\u00f6neticileri ile 24-27 Aral\u0131k ve 31 Ocak-3 Ocak d\u00f6neminde b\u00fct\u00fcn \u00fclkede serbest dola\u015f\u0131m\u0131 s\u0131n\u0131rland\u0131racak \u00fclke genelinin &#8220;k\u0131rm\u0131z\u0131 b\u00f6lge&#8221; ilan edilmesini \u00f6ng\u00f6ren tedbirleri de\u011ferlendirmeye ald\u0131\u011f\u0131 belirtildi.<\/p>\n<p>Hollanda Ba\u015fbakan\u0131 Mark Rutte, Bel\u00e7ika Ba\u015fbakan\u0131 Alexander De Croo ile Almanya&#8217;n\u0131n Kuzey Ren Vestfalya (KRV) Eyalet Ba\u015fbakan\u0131 Armin Laschet, sosyal medya hesaplar\u0131ndan yay\u0131mlad\u0131klar\u0131 ortak video mesajda, vaka say\u0131lar\u0131n\u0131n artmas\u0131 nedeniyle &#8220;l\u00fctfen evde kal\u0131n&#8221; \u00e7a\u011fr\u0131s\u0131 yapt\u0131.<\/p>\n<h4>Danimarkada&#8217;da &#8220;g\u00fcnl\u00fck en y\u00fcksek vaka say\u0131s\u0131na&#8221; ula\u015f\u0131ld\u0131<\/h4>\n<p>Danimarka\u2019da son 24 saatte 4 bin 34 ki\u015fide vir\u00fcs tespit edilmesiyle salg\u0131n\u0131n ortaya \u00e7\u0131kt\u0131\u011f\u0131 27 Ocak\u2019tan bu yana tutulan kay\u0131tlarda &#8220;g\u00fcnl\u00fck en y\u00fcksek vaka say\u0131s\u0131na&#8221; ula\u015f\u0131ld\u0131. \u00dclkede toplam vaka say\u0131s\u0131 123 bin 813&#8217;e \u00e7\u0131kt\u0131.<\/p>\n<p>\u0130ran&#8217;\u0131n ba\u015fkenti Tahran&#8217;da in\u015faat sekt\u00f6r\u00fcnde \u00e7al\u0131\u015fan yakla\u015f\u0131k 70 bin ki\u015finin, salg\u0131n nedeniyle i\u015fsiz kald\u0131\u011f\u0131 bildirildi.<\/p>\n<p>G\u00fcney Amerika \u00fclkesi Uruguay, salg\u0131n nedeniyle \u00fclke s\u0131n\u0131rlar\u0131n\u0131 Noel Bayram\u0131 ve yeni y\u0131l \u00f6ncesinde, 21 Aral\u0131k-10 Ocak tarihlerinde kapatma karar\u0131 ald\u0131.<\/p>\n<p>Kanada Federal Sa\u011fl\u0131k Bakanl\u0131\u011f\u0131, halk\u0131, Kovid-19 a\u015f\u0131lar\u0131n\u0131n sahtelerinin sanal ortamda sat\u0131ld\u0131\u011f\u0131 konusunda uyard\u0131.<\/p>\n<p>Avustralya&#8217;da salg\u0131n nedeniyle temmuzda Melbourne&#8217;de 9 g\u00f6kdelende ya\u015fayanlar\u0131n polis himayesinde evlerine kapat\u0131lmas\u0131n\u0131n insan haklar\u0131n\u0131n ihlali oldu\u011fu sonucuna var\u0131ld\u0131.<\/p>\n<h4>Yeni Zelanda&#8217;da herkes\u00a0salg\u0131na kar\u015f\u0131 a\u015f\u0131lanacak<\/h4>\n<p>Yeni Zelanda Ba\u015fbakan\u0131 Jacinda Ardern, Kovid-19 a\u015f\u0131lar\u0131n\u0131n AstraZeneca ve Novavax ila\u00e7 \u015firketlerinden de temin edilece\u011fini, herkesin salg\u0131na kar\u015f\u0131 a\u015f\u0131lanaca\u011f\u0131n\u0131 bildirdi.<\/p>\n<p>G\u00fcneydo\u011fu Asya \u00fclkesi Tayland, salg\u0131n nedeniyle seyahat k\u0131s\u0131tlamas\u0131 getirdi\u011fi 56 \u00fclke vatanda\u015flar\u0131n\u0131 \u00fclkeye kabul etmeye ba\u015flayaca\u011f\u0131n\u0131 duyurdu.<\/p>\n<p>Sri Lanka&#8217;da Hristiyan din adamlar\u0131, salg\u0131n nedeniyle \u00f6lenlerin cesetlerinin din hassasiyeti g\u00f6zetilmeden zorla krematoryumlarda yak\u0131lmas\u0131n\u0131 protesto etti.<\/p>\n<p>Suudi Arabistan&#8217;da a\u015f\u0131 kampanyas\u0131 ba\u015flarken, Sa\u011fl\u0131k Bakan\u0131 Tevfik er-Rabia&#8217;n\u0131n da a\u015f\u0131n\u0131n ilk dozunu ald\u0131\u011f\u0131 belirtildi.<\/p>\n<p>Afrika&#8217;da her 5 ki\u015fiden 1&#8217;inin Kovid-19 a\u015f\u0131s\u0131 olmak istemedi\u011fi bildirildi.<\/p>\n<p>Do\u011fu Afrika \u00fclkesi Tanzanya, Kovid-19 a\u015f\u0131s\u0131n\u0131 \u00fclkeye getirmek gibi planlar\u0131n\u0131n olmad\u0131\u011f\u0131n\u0131 a\u00e7\u0131klad\u0131.<\/p>\n<p>Sezonun ilk grand slam tenis turnuvas\u0131 Avustralya A\u00e7\u0131k&#8217;\u0131n, salg\u0131n \u00f6nlemleri nedeniyle 18 Ocak yerine 8 \u015eubat&#8217;ta ba\u015flayaca\u011f\u0131 duyuruldu.<\/p>\n<div id=\"briti-1481791424\" class=\"briti-icerikten-sonra_2\" style=\"margin-top: 25px;margin-bottom: 25px;\"><a href=\"https:\/\/wa.me\/message\/NDZLLIOQT4H3O1\" aria-label=\"bytv reklam banner\"><img loading=\"lazy\" decoding=\"async\" src=\"https:\/\/by-tv.co.uk\/wp-content\/uploads\/2025\/12\/bytv-reklam-banner.jpg\" alt=\"\"  width=\"2376\" height=\"1008\"   \/><\/a><\/div>","protected":false},"excerpt":{"rendered":"<p>SARAYBOSNA(AA) &#8211; D\u00fcnya genelinde yeni tip koronavir\u00fcs (Kovid-19) vaka say\u0131s\u0131 74 milyon 901 bini, vir\u00fcs nedeniyle hayat\u0131n\u0131 kaybedenlerin say\u0131s\u0131 1 milyon 662 bini, iyile\u015fenlerin say\u0131s\u0131 ise 52 milyon 639 bini a\u015ft\u0131. Vaka say\u0131s\u0131 ABD&#8217;de 17 milyon 401 bini, Hindistan&#8217;da 9 milyon 953 bini, Brezilya&#8217;da 7 milyon 42 bini ve Rusya&#8217;da 2 milyon 762 bini ge\u00e7ti. Biontech\/Pfizer&#8217;in Kovid-19 a\u015f\u0131s\u0131 2 ki\u015fide &#8220;a\u015f\u0131r\u0131 alerjik tepkiye&#8221; yol a\u00e7t\u0131 ABD&#8217;de ge\u00e7en hafta acil kullan\u0131m\u0131na onay verilen Alman biyoteknoloji \u015firketi Biontech ile Amerikan ila\u00e7 \u015firketi Pfizer taraf\u0131ndan geli\u015ftirilen Kovid-19 a\u015f\u0131s\u0131n\u0131n uyguland\u0131\u011f\u0131 2 sa\u011fl\u0131k \u00e7al\u0131\u015fan\u0131nda &#8220;a\u015f\u0131r\u0131 alerjik tepkiye&#8221; yol a\u00e7t\u0131\u011f\u0131 belirtildi. D\u00fcnya Sa\u011fl\u0131k \u00d6rg\u00fct\u00fcn\u00fcn (DS\u00d6), salg\u0131n\u0131n [&hellip;]<\/p>\n","protected":false},"author":1,"featured_media":0,"comment_status":"open","ping_status":"open","sticky":false,"template":"","format":"standard","meta":{"ngg_post_thumbnail":0,"footnotes":""},"categories":[13],"tags":[558,1509,2302,2444,1550,460],"class_list":["post-7182","post","type-post","status-publish","format-standard","hentry","category-saglik","tag-dunya-saglik-orgutu","tag-kovid-19","tag-kovid-19-pandemisi","tag-kuresel-salgin","tag-pandemi","tag-salgin"],"_links":{"self":[{"href":"https:\/\/by-tv.co.uk\/en\/wp-json\/wp\/v2\/posts\/7182","targetHints":{"allow":["GET"]}}],"collection":[{"href":"https:\/\/by-tv.co.uk\/en\/wp-json\/wp\/v2\/posts"}],"about":[{"href":"https:\/\/by-tv.co.uk\/en\/wp-json\/wp\/v2\/types\/post"}],"author":[{"embeddable":true,"href":"https:\/\/by-tv.co.uk\/en\/wp-json\/wp\/v2\/users\/1"}],"replies":[{"embeddable":true,"href":"https:\/\/by-tv.co.uk\/en\/wp-json\/wp\/v2\/comments?post=7182"}],"version-history":[{"count":0,"href":"https:\/\/by-tv.co.uk\/en\/wp-json\/wp\/v2\/posts\/7182\/revisions"}],"wp:attachment":[{"href":"https:\/\/by-tv.co.uk\/en\/wp-json\/wp\/v2\/media?parent=7182"}],"wp:term":[{"taxonomy":"category","embeddable":true,"href":"https:\/\/by-tv.co.uk\/en\/wp-json\/wp\/v2\/categories?post=7182"},{"taxonomy":"post_tag","embeddable":true,"href":"https:\/\/by-tv.co.uk\/en\/wp-json\/wp\/v2\/tags?post=7182"}],"curies":[{"name":"wp","href":"https:\/\/api.w.org\/{rel}","templated":true}]}}