{"id":7059,"date":"2020-12-09T16:56:56","date_gmt":"2020-12-09T16:56:56","guid":{"rendered":"https:\/\/by-tv.co.uk\/?p=7059"},"modified":"2020-12-09T16:56:56","modified_gmt":"2020-12-09T16:56:56","slug":"pfizerin-kovid-19-asisiyla-ilgili-alerji-uyarisi-yapildi","status":"publish","type":"post","link":"https:\/\/by-tv.co.uk\/en\/pfizerin-kovid-19-asisiyla-ilgili-alerji-uyarisi-yapildi\/","title":{"rendered":"Pfizer&#8217;\u0131n Kovid-19 a\u015f\u0131s\u0131yla ilgili alerji uyar\u0131s\u0131 yap\u0131ld\u0131"},"content":{"rendered":"<p>LONDRA (AA) &#8211; \u0130ngiltere&#8217;de ila\u00e7 d\u00fczenleme kurumu, Pfizer ve BioNTech&#8217;in yeni tip koronavir\u00fcs (Kovid-19) a\u015f\u0131s\u0131n\u0131n \u00f6nemli alerjik reaksiyon ge\u00e7mi\u015fi olanlara yap\u0131lmamas\u0131 tavsiyesinde bulundu.<\/p>\n<p>\u0130la\u00e7 ve Sa\u011fl\u0131k \u00dcr\u00fcnleri D\u00fczenleme Kurumu (MHRA) Ba\u015fkan\u0131 June Raine, yapt\u0131\u011f\u0131 a\u00e7\u0131klamada, &#8220;Ge\u00e7en ak\u015fam, alerjik reaksiyonlarla ilgili iki vaka raporunu inceledik. Kapsaml\u0131 klinik denemelerde bunun g\u00f6r\u00fclmedi\u011fini biliyoruz.&#8221; dedi.<\/p>\n<p>Raine, ilk a\u015f\u0131 yap\u0131lanlar\u0131n daha savunmas\u0131zlardan olu\u015ftu\u011funa dikkati \u00e7ekerek bu konudaki tavsiyeyi acilen ilgili taraflara ileteceklerini bildirdi.<\/p><div id=\"briti-4178395660\" class=\"briti-icerik\" style=\"margin-top: 5px;margin-bottom: 5px;\"><a href=\"https:\/\/piaryum.com\/services\/\" aria-label=\"piaryum banner\"><img loading=\"lazy\" decoding=\"async\" src=\"https:\/\/by-tv.co.uk\/wp-content\/uploads\/2025\/12\/Gemini_Generated_Image_g5yqr1g5yqr1g5yq.jpg\" alt=\"\"  width=\"2064\" height=\"1152\"   \/><\/a><\/div>\n<p>\u0130ngiltere Halk Sa\u011fl\u0131\u011f\u0131 Kurumu (NHS) T\u0131p Direkt\u00f6r\u00fc Prof. Stephen Powis ise alerjik reaksiyon ge\u00e7mi\u015fi bulunan her iki ki\u015finin de iyile\u015fmekte oldu\u011funu belirtti.<\/p>\n<p>Powis, alerjik vakalar\u0131n ard\u0131ndan MHRA&#8217;n\u0131n \u00f6nemli alerjik reaksiyon ge\u00e7mi\u015fi olan ki\u015filere bu a\u015f\u0131n\u0131n yap\u0131lmamas\u0131 tavsiyesinde bulundu\u011funu a\u00e7\u0131klad\u0131.<\/p>\n<p>Pfizer ve BioNTech&#8217;in geli\u015ftirdi\u011fi Kovid-19 a\u015f\u0131s\u0131, d\u00fcnyada ilk kez d\u00fcn \u0130ngiltere&#8217;de kullan\u0131lmaya ba\u015flanm\u0131\u015ft\u0131.<\/p>\n<div id=\"briti-348731516\" class=\"briti-icerikten-sonra_2\" style=\"margin-top: 25px;margin-bottom: 25px;\"><a href=\"https:\/\/wa.me\/message\/NDZLLIOQT4H3O1\" aria-label=\"bytv reklam banner\"><img loading=\"lazy\" decoding=\"async\" src=\"https:\/\/by-tv.co.uk\/wp-content\/uploads\/2025\/12\/bytv-reklam-banner.jpg\" alt=\"\"  width=\"2376\" height=\"1008\"   \/><\/a><\/div>","protected":false},"excerpt":{"rendered":"<p>LONDRA (AA) &#8211; \u0130ngiltere&#8217;de ila\u00e7 d\u00fczenleme kurumu, Pfizer ve BioNTech&#8217;in yeni tip koronavir\u00fcs (Kovid-19) a\u015f\u0131s\u0131n\u0131n \u00f6nemli alerjik reaksiyon ge\u00e7mi\u015fi olanlara yap\u0131lmamas\u0131 tavsiyesinde bulundu. \u0130la\u00e7 ve Sa\u011fl\u0131k \u00dcr\u00fcnleri D\u00fczenleme Kurumu (MHRA) Ba\u015fkan\u0131 June Raine, yapt\u0131\u011f\u0131 a\u00e7\u0131klamada, &#8220;Ge\u00e7en ak\u015fam, alerjik reaksiyonlarla ilgili iki vaka raporunu inceledik. Kapsaml\u0131 klinik denemelerde bunun g\u00f6r\u00fclmedi\u011fini biliyoruz.&#8221; dedi. Raine, ilk a\u015f\u0131 yap\u0131lanlar\u0131n daha savunmas\u0131zlardan olu\u015ftu\u011funa dikkati \u00e7ekerek bu konudaki tavsiyeyi acilen ilgili taraflara ileteceklerini bildirdi. \u0130ngiltere Halk Sa\u011fl\u0131\u011f\u0131 Kurumu (NHS) T\u0131p Direkt\u00f6r\u00fc Prof. Stephen Powis ise alerjik reaksiyon ge\u00e7mi\u015fi bulunan her iki ki\u015finin de iyile\u015fmekte oldu\u011funu belirtti. Powis, alerjik vakalar\u0131n ard\u0131ndan MHRA&#8217;n\u0131n \u00f6nemli alerjik reaksiyon ge\u00e7mi\u015fi olan [&hellip;]<\/p>\n","protected":false},"author":1,"featured_media":0,"comment_status":"open","ping_status":"open","sticky":false,"template":"","format":"standard","meta":{"ngg_post_thumbnail":0,"footnotes":""},"categories":[13],"tags":[2414,1834,2415,1372,1509,1566,2302,1837,2416,460],"class_list":["post-7059","post","type-post","status-publish","format-standard","hentry","category-saglik","tag-alerji","tag-biontech","tag-ingiltere-halk-sagligi-kurumu","tag-koronavirus-salgini","tag-kovid-19","tag-kovid-19-asi","tag-kovid-19-pandemisi","tag-pfizer","tag-prof-stephen-powis","tag-salgin"],"_links":{"self":[{"href":"https:\/\/by-tv.co.uk\/en\/wp-json\/wp\/v2\/posts\/7059","targetHints":{"allow":["GET"]}}],"collection":[{"href":"https:\/\/by-tv.co.uk\/en\/wp-json\/wp\/v2\/posts"}],"about":[{"href":"https:\/\/by-tv.co.uk\/en\/wp-json\/wp\/v2\/types\/post"}],"author":[{"embeddable":true,"href":"https:\/\/by-tv.co.uk\/en\/wp-json\/wp\/v2\/users\/1"}],"replies":[{"embeddable":true,"href":"https:\/\/by-tv.co.uk\/en\/wp-json\/wp\/v2\/comments?post=7059"}],"version-history":[{"count":0,"href":"https:\/\/by-tv.co.uk\/en\/wp-json\/wp\/v2\/posts\/7059\/revisions"}],"wp:attachment":[{"href":"https:\/\/by-tv.co.uk\/en\/wp-json\/wp\/v2\/media?parent=7059"}],"wp:term":[{"taxonomy":"category","embeddable":true,"href":"https:\/\/by-tv.co.uk\/en\/wp-json\/wp\/v2\/categories?post=7059"},{"taxonomy":"post_tag","embeddable":true,"href":"https:\/\/by-tv.co.uk\/en\/wp-json\/wp\/v2\/tags?post=7059"}],"curies":[{"name":"wp","href":"https:\/\/api.w.org\/{rel}","templated":true}]}}