{"id":6944,"date":"2020-11-29T10:31:43","date_gmt":"2020-11-29T10:31:43","guid":{"rendered":"https:\/\/by-tv.co.uk\/?p=6944"},"modified":"2020-11-29T03:44:10","modified_gmt":"2020-11-29T03:44:10","slug":"fransada-guvenlik-yasa-tasarisi-ve-polis-siddetinin-protesto-edildigi-gosterilerde-olaylar-cikti","status":"publish","type":"post","link":"https:\/\/by-tv.co.uk\/en\/fransada-guvenlik-yasa-tasarisi-ve-polis-siddetinin-protesto-edildigi-gosterilerde-olaylar-cikti\/","title":{"rendered":"Fransa&#8217;da g\u00fcvenlik yasa tasar\u0131s\u0131 ve polis \u015fiddetinin protesto edildi\u011fi g\u00f6sterilerde olaylar \u00e7\u0131kt\u0131"},"content":{"rendered":"<p><strong>Fransa<\/strong>&#8216;da g\u00fcvenlik g\u00fc\u00e7lerinin g\u00f6r\u00fcnt\u00fclerinin yay\u0131mlanmas\u0131n\u0131 yasaklayan g\u00fcvenlik yasa tasar\u0131s\u0131 ve <strong>polis <\/strong><strong>\u015fiddeti <\/strong>protesto edildi.<\/p>\n<p>\u00dclkede g\u00fcvenlik yasa tasar\u0131s\u0131na ve artan polis \u015fiddetine tepkiler b\u00fcy\u00fcyor.<\/p>\n<div class=\"col-12 videoembed\">\n<p><video id=\"video1\" class=\"video-dty context-menu-active\" style=\"width: 100%;\" poster=\"https:\/\/cdnuploads.aa.com.tr\/uploads\/VideoGallery\/2020\/11\/28\/b7c3b81aaa6118cf2be1759b72aa0321.jpg\" preload=\"none\" controls=\"controls\" width=\"300\" height=\"150\"><source src=\"https:\/\/cdnuploads.aa.com.tr\/uploads\/VideoGallery\/2020\/11\/28\/b7c3b81aaa6118cf2be1759b72aa0321.mp4\" type=\"video\/mp4\" \/><\/video><\/p>\n<div class=\"row\">\n<h4 class=\"row\">Fransa&#8217;da g\u00fcvenlik yasa tasar\u0131s\u0131 ve polis \u015fiddetinin protesto edildi\u011fi g\u00f6sterilerde olaylar \u00e7\u0131kt\u0131<\/h4>\n<\/div>\n<\/div>\n<p>Bas\u0131n kurulu\u015flar\u0131, sendikalar ve insan haklar\u0131 derneklerinden olu\u015fan &#8220;Genel g\u00fcvenlik yasas\u0131na hay\u0131r&#8221; Kolektifinin \u00e7a\u011fr\u0131s\u0131yla Fransa genelinde 100&#8217;den fazla eylem yap\u0131ld\u0131.<\/p><div id=\"briti-236252333\" class=\"briti-icerik\" style=\"margin-top: 5px;margin-bottom: 5px;\"><a href=\"https:\/\/piaryum.com\/services\/\" aria-label=\"piaryum banner\"><img loading=\"lazy\" decoding=\"async\" src=\"https:\/\/by-tv.co.uk\/wp-content\/uploads\/2025\/12\/Gemini_Generated_Image_g5yqr1g5yqr1g5yq.jpg\" alt=\"\"  width=\"2064\" height=\"1152\"   \/><\/a><\/div>\n<p>Paris&#8217;teki <strong>Republique Meydan\u0131<\/strong>&#8216;ndan toplanan binlerce eylemci, Nation Meydan\u0131&#8217;na kadar y\u00fcr\u00fcd\u00fc.<\/p>\n<p>Tasar\u0131 ve polis \u015fiddeti kar\u015f\u0131t\u0131 pankartlar ta\u015f\u0131yan g\u00f6stericiler, &#8220;(Cumhurba\u015fkan\u0131 Emmanuel) <strong>Macron <\/strong><strong>istifa<\/strong>&#8221; sloganlar\u0131 att\u0131.<\/p>\n<p>Eylemde polis ile g\u00f6stericiler aras\u0131nda arbede ya\u015fand\u0131. Polis, protestoculara biber gaz\u0131yla m\u00fcdahale etti. G\u00f6stericiler, bir\u00e7ok \u00e7\u00f6p bidonu ve ara\u00e7 ile bir kafeyi ate\u015fe verdi.<\/p>\n<p><img decoding=\"async\" src=\"\/uploads\/userFiles\/9dc44792-6950-4a76-84e5-ff158892943f\/2020%2F11%2FNew%20folder%2Fanadoluimages_20881410.jpg\" alt=\"\" title=\"\">\u0130\u00e7i\u015fleri Bakanl\u0131\u011f\u0131n\u0131n verilerine g\u00f6re ba\u015fkentteki g\u00f6steriye 46 bin ki\u015fi kat\u0131ld\u0131.<\/p>\n<p>Paris Emniyet M\u00fcd\u00fcrl\u00fc\u011f\u00fcnden yap\u0131lan a\u00e7\u0131klamaya g\u00f6re, Paris&#8217;teki eylemde 9 ki\u015fi g\u00f6zalt\u0131na al\u0131nd\u0131.<\/p>\n<p>Lyon&#8217;daki g\u00f6steride de polis protestoculara kar\u015f\u0131 biber gaz\u0131 kulland\u0131. Eylemde, bir\u00e7ok g\u00f6sterici ve bir polis yaraland\u0131.<\/p>\n<h4>&#8220;Polis \u015fiddetine isyan etmemiz gerekiyor&#8221;<\/h4>\n<p>Soyismini vermek istemeyen eylemcilerden Fran\u00e7ois, AA muhabirine yapt\u0131\u011f\u0131 a\u00e7\u0131klamada, polis \u015fiddetini protesto etmek i\u00e7in g\u00f6steriye kat\u0131ld\u0131\u011f\u0131n\u0131 s\u00f6yledi.<\/p>\n<p>\u0130nsanlar\u0131n g\u00f6revdeki polislerin g\u00f6r\u00fcnt\u00fclerini \u00e7ekebilmesi gerekti\u011fini ifade eden Fran\u00e7ois, polis \u015fiddetine maruz kalan Afrika k\u00f6kenli gencin ya\u015fad\u0131klar\u0131n\u0131 \u00e7ekilen g\u00f6r\u00fcnt\u00fcler sayesinde \u00f6\u011frendiklerini belirtti.<\/p>\n<p>G\u00f6stericilerden Raphael Henry ise \u00f6zg\u00fcrl\u00fcklerin savunulmas\u0131 gerekti\u011fini s\u00f6yledi.<\/p>\n<p>&#8220;Devletin sosyal hareketlere bask\u0131 uygulamak i\u00e7in, polisin halka daha kolay \u015fekilde bask\u0131 yapmas\u0131n\u0131 sa\u011flayan yasan\u0131n ge\u00e7irmesini istemiyoruz. Macron y\u00f6netimi sosyal hareketlere bask\u0131 uygulayarak kapitalist s\u0131n\u0131f\u0131 korumaya \u00e7al\u0131\u015f\u0131yor.&#8221; ifadesini kullanan Henry, Macron&#8217;un bu tasar\u0131yla polis \u015fiddetinin g\u00f6r\u00fcn\u00fcr olmas\u0131n\u0131 engellemek istedi\u011fini belirtti.<\/p>\n<p>Soy ismini vermek istemeyen gen\u00e7 \u00f6\u011frenci Marc, \u00f6zg\u00fcrl\u00fcklerini savunmak i\u00e7in eyleme kat\u0131ld\u0131\u011f\u0131n\u0131 aktard\u0131.<\/p>\n<p>Mathilde isimli avukat da Fransa gibi \u00fclkede b\u00f6yle bir yasa tasar\u0131n\u0131n haz\u0131rlanmas\u0131n\u0131 \u015fa\u015fk\u0131nl\u0131kla kar\u015f\u0131lad\u0131\u011f\u0131n\u0131 kaydetti.<\/p>\n<p>Paris&#8217;te \u00e7ad\u0131rlarda bar\u0131nmaya \u00e7al\u0131\u015fan s\u0131\u011f\u0131nmac\u0131lar\u0131n ve Afrika k\u00f6kenli gencin polis \u015fiddetine maruz kalmas\u0131na tepki g\u00f6steren Mathilde, &#8220;T\u00fcm bunlara ve polis \u015fiddetine isyan etmemiz gerekiyor.&#8221; dedi.<\/p>\n<p>Mathilde, bu polis \u015fiddetinin me\u015fru olmad\u0131\u011f\u0131n\u0131 vurgulad\u0131.<\/p>\n<p>Hukuki a\u00e7\u0131dan savunulacak taraf\u0131 olmad\u0131\u011f\u0131n\u0131 ifade eden Mathilde, polis \u015fiddetine kar\u015f\u0131 oldu\u011funu s\u00f6yledi.<\/p>\n<p>Mathilde, tasar\u0131n\u0131n hukuki y\u00f6n\u00fcyle de bir\u00e7ok sorun ta\u015f\u0131d\u0131\u011f\u0131n\u0131 kaydetti.<\/p>\n<p>Caroline Julien de tasar\u0131n\u0131n insani hukukuna ayk\u0131r\u0131 oldu\u011funu belirtti.<\/p>\n<p>Devletin polis devletine do\u011fru kayd\u0131\u011f\u0131n\u0131 aktaran Julien, tasar\u0131n\u0131n \u00f6zg\u00fcrl\u00fckleri k\u0131s\u0131tland\u0131\u011f\u0131n\u0131 ve polis \u015fiddetine ra\u011fmen harekete ge\u00e7meleri gerekti\u011fini s\u00f6yledi.<\/p>\n<p>Paris&#8217;in 17. b\u00f6lgesinde gen\u00e7 m\u00fczik yap\u0131mc\u0131s\u0131 Michel Zecler st\u00fcdyosuna girdi\u011fi s\u0131rada arkas\u0131ndan i\u00e7eri giren ikisi \u00fcniformal\u0131 3 polis memuru taraf\u0131ndan \u015fiddete maruz kalm\u0131\u015f, 20 dakika boyunca polislerce darbedilmi\u015fti.<\/p>\n<p>Paris&#8217;te 23 Kas\u0131m&#8217;da, polis, Republique Meydan\u0131&#8217;nda \u00e7ad\u0131r kuran \u00e7o\u011funlu\u011fu Afgan 500&#8217;e yak\u0131n s\u0131\u011f\u0131nmac\u0131y\u0131 yaka pa\u00e7a d\u0131\u015far\u0131 atm\u0131\u015f, biber gaz\u0131yla m\u00fcdahalede bulunmu\u015ftu.<\/p>\n<h4>Tart\u0131\u015fmal\u0131 yasa tasar\u0131s\u0131<\/h4>\n<p>Bas\u0131n \u00f6zg\u00fcrl\u00fc\u011f\u00fcn\u00fc ihlal edebilece\u011fi ve polis \u015fiddetini art\u0131rabilece\u011fi gerek\u00e7esiyle ele\u015ftirilen g\u00fcvenlik yasa tasar\u0131s\u0131 Ulusal Mecliste kabul edilmi\u015fti. Tasar\u0131, Ocak 2021&#8217;de Senatonun onay\u0131na sunulacak.<\/p>\n<p>Senatodan ge\u00e7mesi halinde tasar\u0131, bir kez daha Mecliste oylanacak.<\/p>\n<p>Tasar\u0131, g\u00fcvenlik g\u00fc\u00e7lerinin g\u00f6r\u00fcnt\u00fclerini yay\u0131nlayanlara 1 y\u0131l hapis ve 45 bin avroya kadar para cezas\u0131 \u00f6ng\u00f6r\u00fcrken, g\u00f6sterilerde &#8220;drone&#8221;ninyan\u0131 s\u0131ra g\u00fcvenlik g\u00fc\u00e7lerinin g\u00f6rev s\u0131ras\u0131nda kulland\u0131\u011f\u0131 kameralar\u0131n insanlar\u0131 izlemek i\u00e7in kullan\u0131labilece\u011fi belirtiliyor.<\/p>\n<p>Fransa&#8217;da sar\u0131 yeleklilerin g\u00f6sterilerinde ve emeklilik reformuna kar\u015f\u0131 yap\u0131lan eylemlerde, polisin protestoculara kar\u015f\u0131 kulland\u0131\u011f\u0131 \u015fiddetin g\u00f6r\u00fcnt\u00fclenerek sosyal medyada payla\u015f\u0131lmas\u0131n\u0131n ard\u0131ndan polisler hakk\u0131nda soru\u015fturma a\u00e7\u0131lm\u0131\u015ft\u0131.<\/p>\n<p>Sar\u0131 yeleklilerin eylemlerindeki polis \u015fiddetinin bilan\u00e7osu, \u00fclkedeki polisin \u015fiddete meyilli oldu\u011funu ve orant\u0131s\u0131z g\u00fc\u00e7 kulland\u0131\u011f\u0131n\u0131 ortaya koyuyor.<\/p>\n<div id=\"briti-2119674448\" class=\"briti-icerikten-sonra_2\" style=\"margin-top: 25px;margin-bottom: 25px;\"><a href=\"https:\/\/wa.me\/message\/NDZLLIOQT4H3O1\" aria-label=\"bytv reklam banner\"><img loading=\"lazy\" decoding=\"async\" src=\"https:\/\/by-tv.co.uk\/wp-content\/uploads\/2025\/12\/bytv-reklam-banner.jpg\" alt=\"\"  width=\"2376\" height=\"1008\"   \/><\/a><\/div>","protected":false},"excerpt":{"rendered":"<p>Fransa&#8216;da g\u00fcvenlik g\u00fc\u00e7lerinin g\u00f6r\u00fcnt\u00fclerinin yay\u0131mlanmas\u0131n\u0131 yasaklayan g\u00fcvenlik yasa tasar\u0131s\u0131 ve polis \u015fiddeti protesto edildi. \u00dclkede g\u00fcvenlik yasa tasar\u0131s\u0131na ve artan polis \u015fiddetine tepkiler b\u00fcy\u00fcyor. Fransa&#8217;da g\u00fcvenlik yasa tasar\u0131s\u0131 ve polis \u015fiddetinin protesto edildi\u011fi g\u00f6sterilerde olaylar \u00e7\u0131kt\u0131 Bas\u0131n kurulu\u015flar\u0131, sendikalar ve insan haklar\u0131 derneklerinden olu\u015fan &#8220;Genel g\u00fcvenlik yasas\u0131na hay\u0131r&#8221; Kolektifinin \u00e7a\u011fr\u0131s\u0131yla Fransa genelinde 100&#8217;den fazla eylem yap\u0131ld\u0131. Paris&#8217;teki Republique Meydan\u0131&#8216;ndan toplanan binlerce eylemci, Nation Meydan\u0131&#8217;na kadar y\u00fcr\u00fcd\u00fc. Tasar\u0131 ve polis \u015fiddeti kar\u015f\u0131t\u0131 pankartlar ta\u015f\u0131yan g\u00f6stericiler, &#8220;(Cumhurba\u015fkan\u0131 Emmanuel) Macron istifa&#8221; sloganlar\u0131 att\u0131. Eylemde polis ile g\u00f6stericiler aras\u0131nda arbede ya\u015fand\u0131. Polis, protestoculara biber gaz\u0131yla m\u00fcdahale etti. G\u00f6stericiler, bir\u00e7ok \u00e7\u00f6p bidonu ve ara\u00e7 ile [&hellip;]<\/p>\n","protected":false},"author":1,"featured_media":0,"comment_status":"open","ping_status":"open","sticky":false,"template":"","format":"standard","meta":{"ngg_post_thumbnail":0,"footnotes":""},"categories":[11],"tags":[227,2368,2367,2369],"class_list":["post-6944","post","type-post","status-publish","format-standard","hentry","category-dunya","tag-fransa","tag-guvenlik-yasa-tasarisi","tag-polis-siddeti","tag-protesto"],"_links":{"self":[{"href":"https:\/\/by-tv.co.uk\/en\/wp-json\/wp\/v2\/posts\/6944","targetHints":{"allow":["GET"]}}],"collection":[{"href":"https:\/\/by-tv.co.uk\/en\/wp-json\/wp\/v2\/posts"}],"about":[{"href":"https:\/\/by-tv.co.uk\/en\/wp-json\/wp\/v2\/types\/post"}],"author":[{"embeddable":true,"href":"https:\/\/by-tv.co.uk\/en\/wp-json\/wp\/v2\/users\/1"}],"replies":[{"embeddable":true,"href":"https:\/\/by-tv.co.uk\/en\/wp-json\/wp\/v2\/comments?post=6944"}],"version-history":[{"count":0,"href":"https:\/\/by-tv.co.uk\/en\/wp-json\/wp\/v2\/posts\/6944\/revisions"}],"wp:attachment":[{"href":"https:\/\/by-tv.co.uk\/en\/wp-json\/wp\/v2\/media?parent=6944"}],"wp:term":[{"taxonomy":"category","embeddable":true,"href":"https:\/\/by-tv.co.uk\/en\/wp-json\/wp\/v2\/categories?post=6944"},{"taxonomy":"post_tag","embeddable":true,"href":"https:\/\/by-tv.co.uk\/en\/wp-json\/wp\/v2\/tags?post=6944"}],"curies":[{"name":"wp","href":"https:\/\/api.w.org\/{rel}","templated":true}]}}