{"id":6880,"date":"2020-11-24T22:32:58","date_gmt":"2020-11-24T22:32:58","guid":{"rendered":"https:\/\/by-tv.co.uk\/?p=6880"},"modified":"2020-11-25T01:49:08","modified_gmt":"2020-11-25T01:49:08","slug":"podcast-summit-iinin-programi-belli-oldu","status":"publish","type":"post","link":"https:\/\/by-tv.co.uk\/en\/podcast-summit-iinin-programi-belli-oldu\/","title":{"rendered":"Podcast Summit II\u2019nin program\u0131 belli oldu"},"content":{"rendered":"<p>T\u00fcrkiye\u2019nin ilk podcast a\u011flar\u0131ndan Medyapod\u2019un bu y\u0131l ikincisini d\u00fczenlemeye haz\u0131rland\u0131\u011f\u0131 Podcast zirvesinin program detaylar\u0131 belli oldu. Podcast Summit II, 28-29 Kas\u0131m tarihlerinde (T\u00fcrkiye saatiyle) 11.00 &#8211; 17.00 saatleri aras\u0131nda, Medyapod\u2019un sosyal medya hesaplar\u0131 ve Youtube kanal\u0131n\u0131n yan\u0131 s\u0131ra Kadir Has Yeni Medya B\u00f6l\u00fcm\u00fc\u2019n\u00fcn twitter hesab\u0131 ve Youtube kanal\u0131 \u00fczerinden canl\u0131 yay\u0131nla ger\u00e7ekle\u015fecek.<\/p>\n<p>Gazetecilikte yeni bir alan: Podcast\u201d temas\u0131yla ger\u00e7ekle\u015fecek olan zirvenin ilk g\u00fcn\u00fc, organizasyonun ileti\u015fim sponsorlar\u0131ndan Kadir Has \u00dcniversitesi Yeni Medya B\u00f6l\u00fcm ba\u015fkan\u0131 Do\u00e7. Dr. Eylem Yanarda\u011fo\u011flu\u2019nun konuk oldu\u011fu oturumla ba\u015flayacak.<\/p>\n<p>Yanarda\u011fo\u011flu, pop\u00fcler bir yeni medya enstr\u00fcman\u0131 olarak podcast\u2019e ili\u015fkin sorular\u0131 yan\u0131tlayacak. Program, tecr\u00fcbeli gazeteci Cansu \u00c7aml\u0131bel\u2019in, genel yay\u0131n y\u00f6netmenli\u011fini duvaR English i\u00e7in Can Sel\u00e7uki ile birlikte yapt\u0131klar\u0131 podcast Zeitgesit Turkey\u2019i ve yap\u0131mc\u0131l\u0131\u011f\u0131n\u0131 \u00fcstlendi\u011fi bir di\u011fer podcast IPI Press Freedom Podcast\u2019i anlatt\u0131\u011f\u0131 oturumla s\u00fcrecek. Podcast Summit II\u2019nin bir di\u011fer konu\u011fu gazeteci Nev\u015fin Meng\u00fc, Podbee \u00e7at\u0131s\u0131 alt\u0131nda yapt\u0131\u011f\u0131 podcast program\u0131 Trend Topic\u2019e dair deneyimlerini aktaracak.<\/p><div id=\"briti-858072715\" class=\"briti-icerik\" style=\"margin-top: 5px;margin-bottom: 5px;\"><a href=\"https:\/\/piaryum.com\/services\/\" aria-label=\"piaryum banner\"><img loading=\"lazy\" decoding=\"async\" src=\"https:\/\/by-tv.co.uk\/wp-content\/uploads\/2025\/12\/Gemini_Generated_Image_g5yqr1g5yqr1g5yq.jpg\" alt=\"\"  width=\"2064\" height=\"1152\"   \/><\/a><\/div>\n<p>Ayn\u0131 zamanda Podcast Summit II\u2019nin ileti\u015fim sponsorlar\u0131ndan biri olan d\u00fcnyan\u0131n en b\u00fcy\u00fck podcast hosting, reklam da\u011f\u0131t\u0131m ve teknoloji \u015firketi Megaphone\u2019un direkt\u00f6r\u00fc Joseph Sasso ise Megaphone\u2019un podcast d\u00fcnyas\u0131na ve \u00fcreticilere sundu\u011fu avantajlar\u0131n yan\u0131 s\u0131ra podcast ekosisteminde rakamlar\u0131n \u00f6nemini anlatacak.<\/p>\n<p>Gazeteci Burak Tatari, Medyascope\u2019un podcast\u2019ini ve birbirinden \u00fcnl\u00fc konuklar a\u011f\u0131rlad\u0131\u011f\u0131 podcasti 2 Hafta 1 G\u00fcn\u2019\u00fc anlat\u0131rken, hemen ard\u0131ndan K\u0131sa Dalga platformunu anlatmak \u00fczere genel yay\u0131n y\u00f6netmeni Kemal G\u00f6kta\u015f, NLTR Podcast ile News Lab Turkey Genel Yay\u0131n Y\u00f6netmeni Sarphan Uzuno\u011flu ve Mental Klitoris program\u0131 ile Hazal Sipahi, teyit.org\u2019un t Cetveli podcasti ile edit\u00f6r Emre Sakl\u0131ca ve e\u011fitim sorumlusu Ekin Kansu Tanca Podcast Summit II\u2019nin konuklar\u0131 olacak. Zirvenin ilk g\u00fcn\u00fc, bianet Podcast\u2019i konu\u015fmak \u00fczere bianet Genel Yay\u0131n Y\u00f6netmeni Nazan \u00d6zcan\u2019\u0131n kat\u0131ld\u0131\u011f\u0131 oturum ile sonlanacak.<\/p>\n<p>29 Kas\u0131m Pazar g\u00fcn\u00fc ger\u00e7ekle\u015fecek ikinci b\u00f6l\u00fcmde ise teyit.org\u2019un kurucusu Mehmet Atakan Fo\u00e7a ile program sorumlusu Selin Y\u0131ld\u0131z teyit.org\u2019un giri\u015fimcileri destekledi\u011fi program\u0131 Factory\u2019i anlatacaklar.<\/p>\n<p>Ard\u0131ndan podcast programlar\u0131 Yeni Medya 451 ile Can \u00d6z ve \u00dcmit Alan, J Raporu ile Orhan \u015eener ve Emre K\u0131z\u0131lkaya, Podfresh \u00e7at\u0131s\u0131 alt\u0131nda yay\u0131n yapan D\u00fcndem ile program edit\u00f6r\u00fc O\u011fuz Bak\u0131r ve program yap\u0131mc\u0131lar\u0131 Gonca Tokyol ile Orhan \u015eener, Yeni Haller ile gazeteci \u00d6zg\u00fcr Mumcu ve Eray \u00d6zer Podcast Summit II\u2019nin ikinci g\u00fcn konuklar\u0131 olacak.<\/p>\n<p><iframe loading=\"lazy\" src=\"https:\/\/www.youtube.com\/embed\/NLsNPorBiJE\" width=\"692\" height=\"389\" frameborder=\"0\" allowfullscreen=\"allowfullscreen\"><\/iframe><\/p>\n<p>Program\u0131n ilerleyen oturumlar\u0131nda tecr\u00fcbeli gazeteci Kumru Ba\u015fer ise \u201cRadyodan podcaste bak\u0131\u015f\u201d ba\u015fl\u0131kl\u0131 oturumda radyoyla podcast\u2019in birbirinden ayr\u0131ld\u0131\u011f\u0131 ve bulu\u015ftu\u011fu noktalara dair sorular\u0131 yan\u0131tlayacak.<\/p>\n<p>Teknoloji habercili\u011fi alan\u0131nda en \u00e7ok dinlenen yap\u0131m Teknoseyir\u2019i ise anlatmak \u00fczere Murat Gams\u0131z ve Levent Pekcan Podcast Summit II\u2019nin konuklar\u0131 aras\u0131nda olacak. Podcast Summit II ayr\u0131ca Medyapod\u2019un sevilen program ve programc\u0131lar\u0131na da ev sahipli\u011fi yapacak.<\/p>\n<p>Podcast Summit II, t\u0131pk\u0131 geride kalan y\u0131ldaki gibi Friedrich Ebert Stiftung\u2019un ana sponsorlu\u011funda, Kadir Has \u00dcniversitesi Yeni Medya B\u00f6l\u00fcm\u00fc\u2019n\u00fcn destekleriyle d\u00fczenleniyor. Zirvenin ileti\u015fim sponsorlu\u011funu ise d\u00fcnyan\u0131n en b\u00fcy\u00fck podcast hosting, reklam da\u011f\u0131t\u0131m ve teknoloji \u015firketi Megaphone ile T\u00fcrkiye ve d\u00fcnya g\u00fcndemini takip edip \u00f6zetleyen g\u00fcnl\u00fck haber b\u00fclteni Kaps\u00fcl \u00fcstleniyor. Podcast Summit II\u2019nin yay\u0131n\u0131, Medyapod\u2019un yan\u0131 s\u0131ra Kadir Has Yeni Medya B\u00f6l\u00fcm\u00fc\u2019n\u00fcn sosyal medya hesaplar\u0131 \u00fczerinden izlenebilecek. Podcast Summit II\u2019nin detayl\u0131 program\u0131na g\u00f6z atmak i\u00e7in: https:\/\/medyapod.com\/summit-2020\/<\/p>\n<p>Ge\u00e7ti\u011fimiz y\u0131l, Kadir Has \u00dcniversitesi\u2019nin Hali\u00e7 Kamp\u00fcs\u00fc\u2019nde ger\u00e7ekle\u015fen ve iki g\u00fcne yay\u0131lan oturumlarda onur konu\u011fu olarak \u00dcnsal \u00dcnl\u00fc\u2019n\u00fcn yan\u0131 s\u0131ra Nilay \u00d6rnek, Caner Eler, Kaan Kural, Tevfik Uyar, Gerisi Hikaye ekibi ve Farkl\u0131 Kaydet gibi \u00e7ok sevilen podcast yap\u0131mc\u0131lar\u0131 a\u011f\u0131rlanm\u0131\u015ft\u0131. Oturumlar\u0131n sonunda d\u00fczenlenen podcast \u00fcretim s\u00fcre\u00e7lerine dair at\u00f6lyelerde kat\u0131l\u0131mc\u0131lara, podcast \u00fcretimine dair pratik bilgiler aktar\u0131lm\u0131\u015ft\u0131.<\/p>\n<blockquote class=\"twitter-tweet\">\n<p dir=\"ltr\" lang=\"tr\">Bu dopdolu programa elbette 1 g\u00fcn yetmezdi!<br \/>\n\u0130\u015fte <a href=\"https:\/\/twitter.com\/hashtag\/PodcastSummitII?src=hash&amp;ref_src=twsrc%5Etfw\" target=\"_blank\" rel=\"noopener\">#PodcastSummitII<\/a>&#8216;nin 2. g\u00fcn program\u0131 \ud83d\udd25\ud83d\udd25\ud83d\udd25 <a href=\"https:\/\/t.co\/PlzOPEvcQQ\">pic.twitter.com\/PlzOPEvcQQ<\/a><\/p>\n<p>\u2014 Medyapod (@medyapod) <a href=\"https:\/\/twitter.com\/medyapod\/status\/1329840168560422920?ref_src=twsrc%5Etfw\" target=\"_blank\" rel=\"noopener\">November 20, 2020<\/a><\/p><\/blockquote>\n<p><script async src=\"https:\/\/platform.twitter.com\/widgets.js\" charset=\"utf-8\"><\/script><\/p>\n<div id=\"briti-2923270701\" class=\"briti-icerikten-sonra_2\" style=\"margin-top: 25px;margin-bottom: 25px;\"><a href=\"https:\/\/wa.me\/message\/NDZLLIOQT4H3O1\" aria-label=\"bytv reklam banner\"><img loading=\"lazy\" decoding=\"async\" src=\"https:\/\/by-tv.co.uk\/wp-content\/uploads\/2025\/12\/bytv-reklam-banner.jpg\" alt=\"\"  width=\"2376\" height=\"1008\"   \/><\/a><\/div>","protected":false},"excerpt":{"rendered":"<p>T\u00fcrkiye\u2019nin ilk podcast a\u011flar\u0131ndan Medyapod\u2019un bu y\u0131l ikincisini d\u00fczenlemeye haz\u0131rland\u0131\u011f\u0131 Podcast zirvesinin program detaylar\u0131 belli oldu. Podcast Summit II, 28-29 Kas\u0131m tarihlerinde (T\u00fcrkiye saatiyle) 11.00 &#8211; 17.00 saatleri aras\u0131nda, Medyapod\u2019un sosyal medya hesaplar\u0131 ve Youtube kanal\u0131n\u0131n yan\u0131 s\u0131ra Kadir Has Yeni Medya B\u00f6l\u00fcm\u00fc\u2019n\u00fcn twitter hesab\u0131 ve Youtube kanal\u0131 \u00fczerinden canl\u0131 yay\u0131nla ger\u00e7ekle\u015fecek. Gazetecilikte yeni bir alan: Podcast\u201d temas\u0131yla ger\u00e7ekle\u015fecek olan zirvenin ilk g\u00fcn\u00fc, organizasyonun ileti\u015fim sponsorlar\u0131ndan Kadir Has \u00dcniversitesi Yeni Medya B\u00f6l\u00fcm ba\u015fkan\u0131 Do\u00e7. Dr. Eylem Yanarda\u011fo\u011flu\u2019nun konuk oldu\u011fu oturumla ba\u015flayacak. Yanarda\u011fo\u011flu, pop\u00fcler bir yeni medya enstr\u00fcman\u0131 olarak podcast\u2019e ili\u015fkin sorular\u0131 yan\u0131tlayacak. Program, tecr\u00fcbeli gazeteci Cansu \u00c7aml\u0131bel\u2019in, genel yay\u0131n y\u00f6netmenli\u011fini [&hellip;]<\/p>\n","protected":false},"author":1,"featured_media":0,"comment_status":"open","ping_status":"open","sticky":false,"template":"","format":"standard","meta":{"ngg_post_thumbnail":0,"footnotes":""},"categories":[1],"tags":[],"class_list":["post-6880","post","type-post","status-publish","format-standard","hentry","category-genel"],"_links":{"self":[{"href":"https:\/\/by-tv.co.uk\/en\/wp-json\/wp\/v2\/posts\/6880","targetHints":{"allow":["GET"]}}],"collection":[{"href":"https:\/\/by-tv.co.uk\/en\/wp-json\/wp\/v2\/posts"}],"about":[{"href":"https:\/\/by-tv.co.uk\/en\/wp-json\/wp\/v2\/types\/post"}],"author":[{"embeddable":true,"href":"https:\/\/by-tv.co.uk\/en\/wp-json\/wp\/v2\/users\/1"}],"replies":[{"embeddable":true,"href":"https:\/\/by-tv.co.uk\/en\/wp-json\/wp\/v2\/comments?post=6880"}],"version-history":[{"count":0,"href":"https:\/\/by-tv.co.uk\/en\/wp-json\/wp\/v2\/posts\/6880\/revisions"}],"wp:attachment":[{"href":"https:\/\/by-tv.co.uk\/en\/wp-json\/wp\/v2\/media?parent=6880"}],"wp:term":[{"taxonomy":"category","embeddable":true,"href":"https:\/\/by-tv.co.uk\/en\/wp-json\/wp\/v2\/categories?post=6880"},{"taxonomy":"post_tag","embeddable":true,"href":"https:\/\/by-tv.co.uk\/en\/wp-json\/wp\/v2\/tags?post=6880"}],"curies":[{"name":"wp","href":"https:\/\/api.w.org\/{rel}","templated":true}]}}