{"id":6836,"date":"2020-11-20T17:39:46","date_gmt":"2020-11-20T17:39:46","guid":{"rendered":"https:\/\/by-tv.co.uk\/?p=6836"},"modified":"2020-11-20T17:39:46","modified_gmt":"2020-11-20T17:39:46","slug":"pfizer-kovid-19-asisinin-acil-kullanimi-icin-abd-gida-ve-ilac-dairesine-basvuruda-bulundu","status":"publish","type":"post","link":"https:\/\/by-tv.co.uk\/en\/pfizer-kovid-19-asisinin-acil-kullanimi-icin-abd-gida-ve-ilac-dairesine-basvuruda-bulundu\/","title":{"rendered":"Pfizer, Kovid-19 a\u015f\u0131s\u0131n\u0131n acil kullan\u0131m\u0131 i\u00e7in ABD G\u0131da ve \u0130la\u00e7 Dairesine ba\u015fvuruda bulundu"},"content":{"rendered":"<p>ANKARA (AA) &#8211; Pfizer ile T\u00fcrk bilim insan\u0131 Prof. Dr. U\u011fur \u015eahin&#8217;in kurucu orta\u011f\u0131 oldu\u011fu Alman biyoteknoloji firmas\u0131 BioNTech, a\u015f\u0131n\u0131n koruma \u00f6zelli\u011finin yan\u0131 s\u0131ra iyi bir g\u00fcvenlik kayd\u0131na sahip olmas\u0131n\u0131n, acil kullan\u0131ma uygun oldu\u011fu anlam\u0131na geldi\u011fini a\u00e7\u0131klad\u0131.<\/p>\n<p>Acil kullan\u0131m i\u00e7in ABD G\u0131da ve \u0130la\u00e7 Dairesine (FDA) ba\u015fvuruda bulunan Pfizer ve BioNTech, Avrupa&#8217;da da halihaz\u0131rda kurumlara m\u00fcracaat etmeye ba\u015flad\u0131.<\/p>\n<p>Amerikan ila\u00e7 firmas\u0131 Pfizer, BioNTech ile yeni tip koronavir\u00fcse kar\u015f\u0131 geli\u015ftirdi\u011fi a\u015f\u0131n\u0131n 3&#8217;\u00fcnc\u00fc a\u015fama denemelerini sonu\u00e7land\u0131rd\u0131\u011f\u0131n\u0131 ve a\u015f\u0131n\u0131n vir\u00fcse kar\u015f\u0131 y\u00fczde 95 etkili oldu\u011funu duyurmu\u015ftu.<\/p><div id=\"briti-414739334\" class=\"briti-icerik\" style=\"margin-top: 5px;margin-bottom: 5px;\"><a href=\"https:\/\/piaryum.com\/services\/\" aria-label=\"piaryum banner\"><img loading=\"lazy\" decoding=\"async\" src=\"https:\/\/by-tv.co.uk\/wp-content\/uploads\/2025\/12\/Gemini_Generated_Image_g5yqr1g5yqr1g5yq.jpg\" alt=\"\"  width=\"2064\" height=\"1152\"   \/><\/a><\/div>\n<p>A\u015f\u0131n\u0131n ya\u015f, etnik grup ve cinsiyete kar\u015f\u0131 tutarl\u0131l\u0131k g\u00f6sterdi\u011fi ve FDA&#8217;n\u0131n gerekli g\u00fcvenlik kriterlerini kar\u015f\u0131lad\u0131\u011f\u0131 belirtilmi\u015fti.<\/p>\n<p>Pfizer, 2020&#8217;de a\u015f\u0131dan 50 milyon, 2021&#8217;in sonuna kadar da 1,3 milyar doz \u00fcretilmesini planl\u0131yor.<\/p>\n<p>&nbsp;<\/p>\n<p>&nbsp;<\/p>\n<div id=\"briti-2191408178\" class=\"briti-icerikten-sonra_2\" style=\"margin-top: 25px;margin-bottom: 25px;\"><a href=\"https:\/\/wa.me\/message\/NDZLLIOQT4H3O1\" aria-label=\"bytv reklam banner\"><img loading=\"lazy\" decoding=\"async\" src=\"https:\/\/by-tv.co.uk\/wp-content\/uploads\/2025\/12\/bytv-reklam-banner.jpg\" alt=\"\"  width=\"2376\" height=\"1008\"   \/><\/a><\/div>","protected":false},"excerpt":{"rendered":"<p>ANKARA (AA) &#8211; Pfizer ile T\u00fcrk bilim insan\u0131 Prof. Dr. U\u011fur \u015eahin&#8217;in kurucu orta\u011f\u0131 oldu\u011fu Alman biyoteknoloji firmas\u0131 BioNTech, a\u015f\u0131n\u0131n koruma \u00f6zelli\u011finin yan\u0131 s\u0131ra iyi bir g\u00fcvenlik kayd\u0131na sahip olmas\u0131n\u0131n, acil kullan\u0131ma uygun oldu\u011fu anlam\u0131na geldi\u011fini a\u00e7\u0131klad\u0131. Acil kullan\u0131m i\u00e7in ABD G\u0131da ve \u0130la\u00e7 Dairesine (FDA) ba\u015fvuruda bulunan Pfizer ve BioNTech, Avrupa&#8217;da da halihaz\u0131rda kurumlara m\u00fcracaat etmeye ba\u015flad\u0131. Amerikan ila\u00e7 firmas\u0131 Pfizer, BioNTech ile yeni tip koronavir\u00fcse kar\u015f\u0131 geli\u015ftirdi\u011fi a\u015f\u0131n\u0131n 3&#8217;\u00fcnc\u00fc a\u015fama denemelerini sonu\u00e7land\u0131rd\u0131\u011f\u0131n\u0131 ve a\u015f\u0131n\u0131n vir\u00fcse kar\u015f\u0131 y\u00fczde 95 etkili oldu\u011funu duyurmu\u015ftu. A\u015f\u0131n\u0131n ya\u015f, etnik grup ve cinsiyete kar\u015f\u0131 tutarl\u0131l\u0131k g\u00f6sterdi\u011fi ve FDA&#8217;n\u0131n gerekli g\u00fcvenlik kriterlerini kar\u015f\u0131lad\u0131\u011f\u0131 belirtilmi\u015fti. Pfizer, [&hellip;]<\/p>\n","protected":false},"author":1,"featured_media":0,"comment_status":"open","ping_status":"open","sticky":false,"template":"","format":"standard","meta":{"ngg_post_thumbnail":0,"footnotes":""},"categories":[13],"tags":[1096,372,991,1834,2317,2302,1550,1837,2219],"class_list":["post-6836","post","type-post","status-publish","format-standard","hentry","category-saglik","tag-covit-19","tag-abd","tag-asi","tag-biontech","tag-fda","tag-kovid-19-pandemisi","tag-pandemi","tag-pfizer","tag-prof-dr-ugur-sahin"],"_links":{"self":[{"href":"https:\/\/by-tv.co.uk\/en\/wp-json\/wp\/v2\/posts\/6836","targetHints":{"allow":["GET"]}}],"collection":[{"href":"https:\/\/by-tv.co.uk\/en\/wp-json\/wp\/v2\/posts"}],"about":[{"href":"https:\/\/by-tv.co.uk\/en\/wp-json\/wp\/v2\/types\/post"}],"author":[{"embeddable":true,"href":"https:\/\/by-tv.co.uk\/en\/wp-json\/wp\/v2\/users\/1"}],"replies":[{"embeddable":true,"href":"https:\/\/by-tv.co.uk\/en\/wp-json\/wp\/v2\/comments?post=6836"}],"version-history":[{"count":0,"href":"https:\/\/by-tv.co.uk\/en\/wp-json\/wp\/v2\/posts\/6836\/revisions"}],"wp:attachment":[{"href":"https:\/\/by-tv.co.uk\/en\/wp-json\/wp\/v2\/media?parent=6836"}],"wp:term":[{"taxonomy":"category","embeddable":true,"href":"https:\/\/by-tv.co.uk\/en\/wp-json\/wp\/v2\/categories?post=6836"},{"taxonomy":"post_tag","embeddable":true,"href":"https:\/\/by-tv.co.uk\/en\/wp-json\/wp\/v2\/tags?post=6836"}],"curies":[{"name":"wp","href":"https:\/\/api.w.org\/{rel}","templated":true}]}}