{"id":6824,"date":"2020-11-20T02:12:34","date_gmt":"2020-11-20T02:12:34","guid":{"rendered":"https:\/\/by-tv.co.uk\/?p=6824"},"modified":"2020-11-20T02:12:34","modified_gmt":"2020-11-20T02:12:34","slug":"turkish-cargo-kitalar-arasi-kurdugu-hava-koprusuyle-kovid-19-asilarini-tasiyor","status":"publish","type":"post","link":"https:\/\/by-tv.co.uk\/en\/turkish-cargo-kitalar-arasi-kurdugu-hava-koprusuyle-kovid-19-asilarini-tasiyor\/","title":{"rendered":"Turkish Cargo k\u0131talar aras\u0131 kurdu\u011fu hava k\u00f6pr\u00fcs\u00fcyle Kovid-19 a\u015f\u0131lar\u0131n\u0131 ta\u015f\u0131yor"},"content":{"rendered":"<p>\u0130STANBUL(AA) &#8211; \u200bTHY Bas\u0131n M\u00fc\u015favirli\u011finden yap\u0131lan a\u00e7\u0131klamada, d\u00fcnyan\u0131n 127 \u00fclkesine hizmet sa\u011flayan Turkish Cargo&#8217;nun, \u00c7in&#8217;de \u00fcretilen Kovid-19 a\u015f\u0131lar\u0131n\u0131 yakla\u015f\u0131k 17 bin kilometre u\u00e7u\u015f mesafesi uzakl\u0131kta olan Brezilya&#8217;ya ta\u015f\u0131d\u0131\u011f\u0131 belirtildi. \u00d6zel so\u011futma sistemlerine sahip 7 konteynere y\u00fcklenen Kovid-19 a\u015f\u0131lar\u0131n\u0131n, Pekin&#8217;den \u0130stanbul aktarmal\u0131 olarak G\u00fcney Amerika&#8217;n\u0131n en b\u00fcy\u00fck kenti olan Sao Paulo&#8217;ya korunakl\u0131 \u015fekilde ula\u015ft\u0131r\u0131ld\u0131\u011f\u0131 kaydedildi.<\/p>\n<h4>A\u00e7\u0131klamada \u015fu ifadelere yer verildi<\/h4>\n<p>&#8220;Turkish Cargo; Mumbai, Br\u00fcksel, \u0130stanbul, Singapur, Dubai, Basel, Londra ve Amsterdam gibi \u00f6nemli ve sertifikal\u0131 destinasyonlara ila\u00e7 ta\u015f\u0131yarak, 400&#8217;den fazla destinasyon aras\u0131nda k\u00fcresel ila\u00e7 koridoru olu\u015fturdu, \u00fcretilen ve \u00fcretilme a\u015famas\u0131nda olan Kovid-19 a\u015f\u0131lar\u0131n\u0131 t\u00fcm d\u00fcnyaya ula\u015ft\u0131rma noktas\u0131ndaki kararl\u0131l\u0131\u011f\u0131n\u0131 s\u00fcrd\u00fcr\u00fcyor. IATA CEIV (Center of Excellence for Independent Validators) pharma sertifikas\u0131na sahip Turkish Cargo, ila\u00e7 ta\u015f\u0131mac\u0131l\u0131\u011f\u0131 i\u00e7in tasarlad\u0131\u011f\u0131 ve global standartlar\u0131 sa\u011flad\u0131\u011f\u0131 &#8216;TK Pharma&#8217; \u00fcr\u00fcn\u00fc ile en ideal \u015fartlarda so\u011fuk zinciri koruyor. Pandemi d\u00f6nemi boyunca d\u00fcnyan\u0131n d\u00f6rt bir yan\u0131na yo\u011fun \u015fekilde ila\u00e7 ta\u015f\u0131mas\u0131 ger\u00e7ekle\u015ftiren ba\u015far\u0131l\u0131 marka, ocak-eyl\u00fcl aylar\u0131 aras\u0131nda 40 bin tonun \u00fczerinde ila\u00e7, sa\u011fl\u0131k \u00fcr\u00fcn\u00fc, t\u0131bbi ekipman ta\u015f\u0131d\u0131 ve bu d\u00f6nemde ila\u00e7 ta\u015f\u0131malar\u0131nda y\u00fczde 50&#8217;nin \u00fczerinde b\u00fcy\u00fcme kaydetti.&#8221;<\/p>\n<h4>Turkish Cargo, Kovid-19 a\u015f\u0131 ta\u015f\u0131malar\u0131 i\u00e7in kapasite art\u0131\u015f\u0131 sa\u011flad\u0131<\/h4>\n<p>A\u00e7\u0131klamada, Turkish Cargo&#8217;nun a\u015f\u0131, ila\u00e7 ve \u0131s\u0131 kontroll\u00fc y\u00fck ta\u015f\u0131mac\u0131l\u0131\u011f\u0131nda artan talebe cevap verebilmek i\u00e7in ilave 1200 metrekare alana sahip \u0131s\u0131 kontroll\u00fc ak\u0131ll\u0131 depoyu devreye ald\u0131\u011f\u0131 belirtildi.<\/p><div id=\"briti-3380195773\" class=\"briti-icerik\" style=\"margin-top: 5px;margin-bottom: 5px;\"><a href=\"https:\/\/piaryum.com\/services\/\" aria-label=\"piaryum banner\"><img loading=\"lazy\" decoding=\"async\" src=\"https:\/\/by-tv.co.uk\/wp-content\/uploads\/2025\/12\/Gemini_Generated_Image_g5yqr1g5yqr1g5yq.jpg\" alt=\"\"  width=\"2064\" height=\"1152\"   \/><\/a><\/div>\n<p>Ayr\u0131ca sekt\u00f6r\u00fcn en b\u00fcy\u00fck aktif konteyner tedarik\u00e7ileri ile yap\u0131lan anla\u015fmalar sonucunda, so\u011fuk zincir ta\u015f\u0131malar\u0131na y\u00f6nelik kapasitenin y\u00fczde 30 seviyelerinde art\u0131r\u0131ld\u0131\u011f\u0131 aktar\u0131lan a\u00e7\u0131klamada, Turkish Cargo&#8217;nun anl\u0131k olarak ilave 150 u\u00e7ak paletine cevap verecek bir kapasite ile so\u011fuk zincir ta\u015f\u0131ma \u00f6l\u00e7e\u011fini ayl\u0131k 25 bin tona kadar y\u00fckseltti\u011fi vurguland\u0131.<\/p>\n<p>A\u00e7\u0131klamada g\u00f6r\u00fc\u015flerine yer verilen THY Kargodan Sorumlu Genel M\u00fcd\u00fcr Yard\u0131mc\u0131s\u0131 Turhan \u00d6zen, \u015funlar\u0131 kaydetti:<\/p>\n<p>&#8220;Pandemi s\u00fcrecinde aral\u0131ks\u0131z olarak s\u00fcrd\u00fcrd\u00fc\u011f\u00fcm\u00fcz i\u015f s\u00fcre\u00e7lerimizle birlikte tedarik zincirinin devaml\u0131l\u0131\u011f\u0131na ciddi katk\u0131lar sa\u011flad\u0131k ve so\u011fuk zincir ayak izimizi t\u00fcm d\u00fcnyada geni\u015flettik. Turkish Cargo olarak, k\u0131talar aras\u0131nda so\u011fuk zinciri korumak i\u00e7in; -20\/25 derece aral\u0131\u011f\u0131nda olan \u00f6zel s\u0131cakl\u0131k kontroll\u00fc depolama odalar\u0131, ila\u00e7 bak\u0131m ekipleri, aktif konteynerler, termal ta\u015f\u0131y\u0131c\u0131lar gibi end\u00fcstriyel \u00e7\u00f6z\u00fcmler sunuyoruz. K\u00fcresel anlamda t\u00fcm yeterliliklere ve sertifikalara sahip oldu\u011fumuz \u00f6zel kargo ta\u015f\u0131malar\u0131m\u0131zla birlikte, mevcut ve geli\u015ftirilecek olan a\u015f\u0131lar\u0131 t\u00fcm d\u00fcnyaya ula\u015ft\u0131rmaya haz\u0131r\u0131z.&#8221;<\/p>\n<div id=\"briti-1555921247\" class=\"briti-icerikten-sonra_2\" style=\"margin-top: 25px;margin-bottom: 25px;\"><a href=\"https:\/\/wa.me\/message\/NDZLLIOQT4H3O1\" aria-label=\"bytv reklam banner\"><img loading=\"lazy\" decoding=\"async\" src=\"https:\/\/by-tv.co.uk\/wp-content\/uploads\/2025\/12\/bytv-reklam-banner.jpg\" alt=\"\"  width=\"2376\" height=\"1008\"   \/><\/a><\/div>","protected":false},"excerpt":{"rendered":"<p>\u0130STANBUL(AA) &#8211; \u200bTHY Bas\u0131n M\u00fc\u015favirli\u011finden yap\u0131lan a\u00e7\u0131klamada, d\u00fcnyan\u0131n 127 \u00fclkesine hizmet sa\u011flayan Turkish Cargo&#8217;nun, \u00c7in&#8217;de \u00fcretilen Kovid-19 a\u015f\u0131lar\u0131n\u0131 yakla\u015f\u0131k 17 bin kilometre u\u00e7u\u015f mesafesi uzakl\u0131kta olan Brezilya&#8217;ya ta\u015f\u0131d\u0131\u011f\u0131 belirtildi. \u00d6zel so\u011futma sistemlerine sahip 7 konteynere y\u00fcklenen Kovid-19 a\u015f\u0131lar\u0131n\u0131n, Pekin&#8217;den \u0130stanbul aktarmal\u0131 olarak G\u00fcney Amerika&#8217;n\u0131n en b\u00fcy\u00fck kenti olan Sao Paulo&#8217;ya korunakl\u0131 \u015fekilde ula\u015ft\u0131r\u0131ld\u0131\u011f\u0131 kaydedildi. A\u00e7\u0131klamada \u015fu ifadelere yer verildi &#8220;Turkish Cargo; Mumbai, Br\u00fcksel, \u0130stanbul, Singapur, Dubai, Basel, Londra ve Amsterdam gibi \u00f6nemli ve sertifikal\u0131 destinasyonlara ila\u00e7 ta\u015f\u0131yarak, 400&#8217;den fazla destinasyon aras\u0131nda k\u00fcresel ila\u00e7 koridoru olu\u015fturdu, \u00fcretilen ve \u00fcretilme a\u015famas\u0131nda olan Kovid-19 a\u015f\u0131lar\u0131n\u0131 t\u00fcm d\u00fcnyaya ula\u015ft\u0131rma noktas\u0131ndaki kararl\u0131l\u0131\u011f\u0131n\u0131 s\u00fcrd\u00fcr\u00fcyor. IATA CEIV [&hellip;]<\/p>\n","protected":false},"author":1,"featured_media":0,"comment_status":"open","ping_status":"open","sticky":false,"template":"","format":"standard","meta":{"ngg_post_thumbnail":0,"footnotes":""},"categories":[1],"tags":[2330,1566,1550,2331,2332,2329],"class_list":["post-6824","post","type-post","status-publish","format-standard","hentry","category-genel","tag-iata-ceiv","tag-kovid-19-asi","tag-pandemi","tag-thy-kargo","tag-turhan-ozen","tag-turkish-cargo"],"_links":{"self":[{"href":"https:\/\/by-tv.co.uk\/en\/wp-json\/wp\/v2\/posts\/6824","targetHints":{"allow":["GET"]}}],"collection":[{"href":"https:\/\/by-tv.co.uk\/en\/wp-json\/wp\/v2\/posts"}],"about":[{"href":"https:\/\/by-tv.co.uk\/en\/wp-json\/wp\/v2\/types\/post"}],"author":[{"embeddable":true,"href":"https:\/\/by-tv.co.uk\/en\/wp-json\/wp\/v2\/users\/1"}],"replies":[{"embeddable":true,"href":"https:\/\/by-tv.co.uk\/en\/wp-json\/wp\/v2\/comments?post=6824"}],"version-history":[{"count":0,"href":"https:\/\/by-tv.co.uk\/en\/wp-json\/wp\/v2\/posts\/6824\/revisions"}],"wp:attachment":[{"href":"https:\/\/by-tv.co.uk\/en\/wp-json\/wp\/v2\/media?parent=6824"}],"wp:term":[{"taxonomy":"category","embeddable":true,"href":"https:\/\/by-tv.co.uk\/en\/wp-json\/wp\/v2\/categories?post=6824"},{"taxonomy":"post_tag","embeddable":true,"href":"https:\/\/by-tv.co.uk\/en\/wp-json\/wp\/v2\/tags?post=6824"}],"curies":[{"name":"wp","href":"https:\/\/api.w.org\/{rel}","templated":true}]}}