{"id":6821,"date":"2020-11-20T02:06:32","date_gmt":"2020-11-20T02:06:32","guid":{"rendered":"https:\/\/by-tv.co.uk\/?p=6821"},"modified":"2020-11-20T02:06:32","modified_gmt":"2020-11-20T02:06:32","slug":"ekonomist-timothy-ash-yabanci-portfoylerin-geri-donmesi-ve-dolarizasyonun-cozulmesi-gibi-bir-sans-ortaya-cikti","status":"publish","type":"post","link":"https:\/\/by-tv.co.uk\/en\/ekonomist-timothy-ash-yabanci-portfoylerin-geri-donmesi-ve-dolarizasyonun-cozulmesi-gibi-bir-sans-ortaya-cikti\/","title":{"rendered":"Ekonomist Timothy Ash: Yabanc\u0131 portf\u00f6ylerin geri d\u00f6nmesi ve dolarizasyonun \u00e7\u00f6z\u00fclmesi gibi bir \u015fans ortaya \u00e7\u0131kt\u0131"},"content":{"rendered":"<p>\u0130STANBUL (AA) &#8211; T\u00fcrkiye Cumhuriyet Merkez Bankas\u0131 (TCMB), yeni ba\u015fkan Naci A\u011fbal y\u00f6netiminde ger\u00e7ekle\u015ftirilen toplant\u0131da son 2 y\u0131l\u0131n en g\u00fc\u00e7l\u00fc faiz art\u0131r\u0131m\u0131na imza atarken, sadele\u015fme ad\u0131m\u0131n\u0131n gelmesi ve enflasyonla m\u00fccadeleye ili\u015fkin verilen g\u00fc\u00e7l\u00fc mesajlar ile T\u00fcrk liras\u0131n\u0131n dolar kar\u015f\u0131s\u0131ndaki kazan\u0131m\u0131n\u0131n devam etmesi bekleniyor.<\/p>\n<p>TCMB, yeni ba\u015fkan Naci A\u011fbal&#8217;\u0131n ilk toplant\u0131s\u0131nda Eyl\u00fcl 2018&#8217;den bu yanaki en g\u00fc\u00e7l\u00fc faiz art\u0131r\u0131m\u0131na imza atarken, bankadan beklenen sadele\u015fme ad\u0131m\u0131 da at\u0131ld\u0131.<\/p>\n<p>Bu kapsamda TCMB, politika faizi olan bir hafta vadeli repo ihale faiz oran\u0131n\u0131 y\u00fczde 10,25&#8217;ten y\u00fczde 15&#8217;e y\u00fckseltti. \u00d6te yandan t\u00fcm fonlaman\u0131n temel politika arac\u0131 olan bir hafta vadeli repo faiz oran\u0131 \u00fczerinden yap\u0131lmas\u0131na karar verildi.<\/p><div id=\"briti-1180020160\" class=\"briti-icerik\" style=\"margin-top: 5px;margin-bottom: 5px;\"><a href=\"https:\/\/piaryum.com\/services\/\" aria-label=\"piaryum banner\"><img loading=\"lazy\" decoding=\"async\" src=\"https:\/\/by-tv.co.uk\/wp-content\/uploads\/2025\/12\/Gemini_Generated_Image_g5yqr1g5yqr1g5yq.jpg\" alt=\"\"  width=\"2064\" height=\"1152\"   \/><\/a><\/div>\n<p>S\u00f6z konusu kararlara ili\u015fkin de\u011ferlendirmelerde bulunan Bluebay Varl\u0131k Y\u00f6netimi Geli\u015fen Piyasalar K\u0131demli Stratejisti Timothy Ash, Merkez Bankas\u0131 Ba\u015fkan\u0131 Naci A\u011fbal&#8217;\u0131n \u00e7ok iyi bir ba\u015flang\u0131\u00e7 yapt\u0131\u011f\u0131n\u0131 belirterek, piyasalar\u0131n kendisinden bekledi\u011fi 475 baz puanl\u0131k faiz art\u0131r\u0131m\u0131n\u0131 ger\u00e7ekle\u015ftirdi\u011fini s\u00f6yledi.<\/p>\n<p>Bunun yan\u0131 s\u0131ra para politikas\u0131nda sadele\u015ftirmeye gidildi\u011fine i\u015faret eden Ash, &#8220;Bu karar Erdem Bas\u00e7\u0131&#8217;n\u0131n ba\u015flatt\u0131\u011f\u0131 arka kap\u0131 politikalar\u0131ndan da geri d\u00f6n\u00fc\u015f anlam\u0131na geliyor ki, bence bu Merkez Bankas\u0131&#8217;n\u0131n kredibilitesine olduk\u00e7a zarar veriyordu. A\u00e7\u0131klama ayr\u0131ca enflasyon bask\u0131lanana kadar, bir m\u00fcddet faizlerin y\u00fczde 15 seviyesinde kalaca\u011f\u0131n\u0131 g\u00f6sterdi\u011fi i\u00e7in olduk\u00e7a \u015fahin.&#8221; ifadelerini kulland\u0131.<\/p>\n<p>Ash, merkez bankas\u0131n\u0131n piyasalar\u0131n isteyebileyece\u011fi her \u015feyi verdi\u011fini vurgulayarak, &#8220;Bu karar tamamen do\u011fru, mant\u0131kl\u0131 olan da buydu. Yabanc\u0131 portf\u00f6ylerin geri d\u00f6nmesi ve dolarizasyonun \u00e7\u00f6z\u00fclmesi gibi bir \u015fans da ortaya \u00e7\u0131kt\u0131. E\u011fer yabanc\u0131 portf\u00f6y giri\u015fi ba\u015flarsa T\u00fcrkler dolar treninden en k\u0131sa s\u00fcrede atlamaya ba\u015flayacakt\u0131r.&#8221; dedi.<\/p>\n<p>&nbsp;<\/p>\n<div id=\"briti-3350577448\" class=\"briti-icerikten-sonra_2\" style=\"margin-top: 25px;margin-bottom: 25px;\"><a href=\"https:\/\/wa.me\/message\/NDZLLIOQT4H3O1\" aria-label=\"bytv reklam banner\"><img loading=\"lazy\" decoding=\"async\" src=\"https:\/\/by-tv.co.uk\/wp-content\/uploads\/2025\/12\/bytv-reklam-banner.jpg\" alt=\"\"  width=\"2376\" height=\"1008\"   \/><\/a><\/div>","protected":false},"excerpt":{"rendered":"<p>\u0130STANBUL (AA) &#8211; T\u00fcrkiye Cumhuriyet Merkez Bankas\u0131 (TCMB), yeni ba\u015fkan Naci A\u011fbal y\u00f6netiminde ger\u00e7ekle\u015ftirilen toplant\u0131da son 2 y\u0131l\u0131n en g\u00fc\u00e7l\u00fc faiz art\u0131r\u0131m\u0131na imza atarken, sadele\u015fme ad\u0131m\u0131n\u0131n gelmesi ve enflasyonla m\u00fccadeleye ili\u015fkin verilen g\u00fc\u00e7l\u00fc mesajlar ile T\u00fcrk liras\u0131n\u0131n dolar kar\u015f\u0131s\u0131ndaki kazan\u0131m\u0131n\u0131n devam etmesi bekleniyor. TCMB, yeni ba\u015fkan Naci A\u011fbal&#8217;\u0131n ilk toplant\u0131s\u0131nda Eyl\u00fcl 2018&#8217;den bu yanaki en g\u00fc\u00e7l\u00fc faiz art\u0131r\u0131m\u0131na imza atarken, bankadan beklenen sadele\u015fme ad\u0131m\u0131 da at\u0131ld\u0131. Bu kapsamda TCMB, politika faizi olan bir hafta vadeli repo ihale faiz oran\u0131n\u0131 y\u00fczde 10,25&#8217;ten y\u00fczde 15&#8217;e y\u00fckseltti. \u00d6te yandan t\u00fcm fonlaman\u0131n temel politika arac\u0131 olan bir hafta vadeli repo faiz oran\u0131 \u00fczerinden yap\u0131lmas\u0131na [&hellip;]<\/p>\n","protected":false},"author":1,"featured_media":0,"comment_status":"open","ping_status":"open","sticky":false,"template":"","format":"standard","meta":{"ngg_post_thumbnail":0,"footnotes":""},"categories":[1272],"tags":[1202,155,903,2205,1550,2328],"class_list":["post-6821","post","type-post","status-publish","format-standard","hentry","category-ekonomi","tag-doviz","tag-ekonomi","tag-korona","tag-naci-agbal","tag-pandemi","tag-tcmb"],"_links":{"self":[{"href":"https:\/\/by-tv.co.uk\/en\/wp-json\/wp\/v2\/posts\/6821","targetHints":{"allow":["GET"]}}],"collection":[{"href":"https:\/\/by-tv.co.uk\/en\/wp-json\/wp\/v2\/posts"}],"about":[{"href":"https:\/\/by-tv.co.uk\/en\/wp-json\/wp\/v2\/types\/post"}],"author":[{"embeddable":true,"href":"https:\/\/by-tv.co.uk\/en\/wp-json\/wp\/v2\/users\/1"}],"replies":[{"embeddable":true,"href":"https:\/\/by-tv.co.uk\/en\/wp-json\/wp\/v2\/comments?post=6821"}],"version-history":[{"count":0,"href":"https:\/\/by-tv.co.uk\/en\/wp-json\/wp\/v2\/posts\/6821\/revisions"}],"wp:attachment":[{"href":"https:\/\/by-tv.co.uk\/en\/wp-json\/wp\/v2\/media?parent=6821"}],"wp:term":[{"taxonomy":"category","embeddable":true,"href":"https:\/\/by-tv.co.uk\/en\/wp-json\/wp\/v2\/categories?post=6821"},{"taxonomy":"post_tag","embeddable":true,"href":"https:\/\/by-tv.co.uk\/en\/wp-json\/wp\/v2\/tags?post=6821"}],"curies":[{"name":"wp","href":"https:\/\/api.w.org\/{rel}","templated":true}]}}