{"id":6749,"date":"2020-11-16T02:20:16","date_gmt":"2020-11-15T23:20:16","guid":{"rendered":"https:\/\/by-tv.co.uk\/?p=6749"},"modified":"2020-11-16T02:20:16","modified_gmt":"2020-11-15T23:20:16","slug":"kktcnin-yerli-solunum-cihazi-musiad-expoda","status":"publish","type":"post","link":"https:\/\/by-tv.co.uk\/en\/kktcnin-yerli-solunum-cihazi-musiad-expoda\/","title":{"rendered":"KKTC&#8217;nin yerli solunum cihaz\u0131 M\u00dcS\u0130AD Expo&#8217;da"},"content":{"rendered":"<p>\u0130STANBUL (AA) &#8211; Yak\u0131n Do\u011fu \u00dcniversitesi b\u00fcnyesinde geli\u015ftirilen yerli solunum cihaz\u0131, M\u00dcS\u0130AD Expo 2020&#8217;de yerini alacak.<\/p>\n<p>M\u00fcstakil Sanayici ve \u0130\u015fadamlar\u0131 Derne\u011fi&#8217;nden (M\u00dcS\u0130AD) yap\u0131lan a\u00e7\u0131klamaya g\u00f6re, Yak\u0131n Do\u011fu \u00dcniversitesi \u0130novasyon Merkezi taraf\u0131ndan geli\u015ftirilen yo\u011fun bak\u0131m solunum cihaz\u0131, M\u00dcS\u0130AD taraf\u0131ndan T\u00dcYAP \u0130stanbul Fuar ve Kongre Merkezi&#8217;nde, 18-21 Kas\u0131m 2020&#8217;de d\u00fczenlenecek M\u00dcS\u0130AD Expo 2020 fuar\u0131nda ilk kez sergilenecek.<\/p>\n<p>Yaz\u0131l\u0131m, donan\u0131m ve tasar\u0131m\u0131 tamamen Yak\u0131n Do\u011fu \u00dcniversitesi b\u00fcnyesinde yap\u0131lan solunum cihaz\u0131, 6 ayl\u0131k bir ara\u015ft\u0131rma geli\u015ftirme s\u00fcreci sonunda kullan\u0131ma haz\u0131r hale getirildi.<\/p><div id=\"briti-1643545485\" class=\"briti-icerik\" style=\"margin-top: 5px;margin-bottom: 5px;\"><a href=\"https:\/\/piaryum.com\/services\/\" aria-label=\"piaryum banner\"><img loading=\"lazy\" decoding=\"async\" src=\"https:\/\/by-tv.co.uk\/wp-content\/uploads\/2025\/12\/Gemini_Generated_Image_g5yqr1g5yqr1g5yq.jpg\" alt=\"\"  width=\"2064\" height=\"1152\"   \/><\/a><\/div>\n<p>B\u00fct\u00fcn d\u00fcnyada Kovid-19 pandemisinin ikinci dalgas\u0131n\u0131n ya\u015fand\u0131\u011f\u0131 bug\u00fcnlerde, \u00fclkelerin sahip oldu\u011fu yo\u011fun bak\u0131m kapasiteleri, salg\u0131n nedeniyle ger\u00e7ekle\u015fen can kay\u0131plar\u0131n\u0131 azaltmak i\u00e7in hayati \u00f6nem ta\u015f\u0131yor. Solunum cihazlar\u0131 ise Kovid-19&#8217;la m\u00fccadelede, solunum deste\u011fi ihtiyac\u0131 olan hastalar\u0131 hayatta tutabilmek i\u00e7in en \u00f6nemli ekipman olarak \u00f6ne \u00e7\u0131k\u0131yor.<\/p>\n<p>Yak\u0131n Do\u011fu \u00dcniversitesi&#8217;nin geli\u015ftirdi\u011fi tam fonksiyonlu solunum cihaz\u0131, hastanelerin yo\u011fun bak\u0131m ve acillerinde kullan\u0131lmak \u00fczere geli\u015ftirildi. B\u00f6ylece ba\u015fta KKTC ve T\u00fcrkiye olmak \u00fczere, talep gelen \u00fclkelerin yo\u011fun bak\u0131m kapasitelerini art\u0131rmak hedefleniyor.<\/p>\n<h4>Solunum cihaz\u0131n\u0131n seri \u00fcretimi 2020 bitmeden ba\u015flayacak<\/h4>\n<p>A\u00e7\u0131klamada g\u00f6r\u00fc\u015flerine yer verilen Yak\u0131n Do\u011fu \u00dcniversitesi M\u00fctevelli Heyeti Ba\u015fkan\u0131 Prof. Dr. \u0130rfan Suat G\u00fcnsel, b\u00fct\u00fcn d\u00fcnyay\u0131 etkisi alt\u0131na olan Kovid-19&#8217;la m\u00fccadelede sahip olunan solunum cihaz\u0131 say\u0131s\u0131n\u0131n \u00f6nemini vurgulayarak, Yak\u0131n Do\u011fu \u00dcniversitesi m\u00fchendislerince geli\u015ftirilip seri \u00fcretime haz\u0131r hale getirdikleri solunum cihaz\u0131n\u0131n seri \u00fcretiminin 2020 bitmeden ba\u015flayaca\u011f\u0131n\u0131 bildirdi.<\/p>\n<p>G\u00fcnsel, &#8220;Yak\u0131n Do\u011fu \u00dcniversitesi ve Girne \u00dcniversitesi bilim insanlar\u0131 ile \u00fcniversite hastanelerimizin doktorlar\u0131, G\u00fcnsel m\u00fchendisleri, inovasyon ekiplerimiz, 3D Laboratuvar\u0131 ve m\u00fchendislerimiz, salg\u0131n\u0131n ba\u015flad\u0131\u011f\u0131 ilk g\u00fcnlerden itibaren yo\u011fun bir \u00e7al\u0131\u015fma ile Kovid-19 salg\u0131n\u0131yla m\u00fccadelede en \u00f6n safta yer almaya devam ediyor.&#8221; ifadelerini kulland\u0131.<\/p>\n<h4>Solunum cihaz\u0131, sim\u00fclasyon testlerini ba\u015far\u0131yla ge\u00e7ti<\/h4>\n<p>Yak\u0131n Do\u011fu \u00dcniversitesi \u0130novasyon ve Bili\u015fim Teknolojileri Merkezi M\u00fcd\u00fcr\u00fc Ahmet \u00c7a\u011fman da solunum cihazlar\u0131n\u0131n hasta sa\u011fl\u0131\u011f\u0131n\u0131 do\u011frudan etkiledi\u011fini ve hata pay\u0131na yer olmad\u0131\u011f\u0131n\u0131 belirterek, seri \u00fcretime haz\u0131r hale getirdikleri solunum cihaz\u0131n\u0131n, olu\u015fturulan sim\u00fclasyon ortam\u0131nda, doktor kontrol\u00fcnde ger\u00e7ekle\u015ftirilen b\u00fct\u00fcn testleri ge\u00e7erek ba\u015far\u0131s\u0131n\u0131 kan\u0131tlad\u0131\u011f\u0131n\u0131 kaydetti.<\/p>\n<p>Geli\u015ftirdikleri solunum cihaz\u0131nda son teknolojiyi kulland\u0131klar\u0131n\u0131 aktaran \u00c7a\u011fman, \u015fu an hastanelerde kullan\u0131lan solunum cihazlar\u0131n\u0131n ba\u015fta k\u00f6r\u00fck olmak \u00fczere bir\u00e7ok mekanik par\u00e7aya sahip oldu\u011funu bildirdi.<\/p>\n<p>Verilen bilgiye g\u00f6re, Yak\u0131n Do\u011fu \u00dcniversitesi \u0130novasyon Merkezi taraf\u0131ndan geli\u015ftirilen yo\u011fun bak\u0131m solunum cihaz\u0131, yaz\u0131l\u0131mla dijital olarak kontrol edilebiliyor, k\u00f6r\u00fcks\u00fcz ve daha az mekanik par\u00e7aya sahip.<\/p>\n<p>Solunum cihaz\u0131, yeni nesil t\u00fcrbinli \u00f6zel olarak tasarlanm\u0131\u015f bir motor ve \u00f6zel kontrol yaz\u0131l\u0131m\u0131 ile y\u00fcksek bas\u0131n\u00e7 verimlili\u011fi, y\u00fcksek ak\u0131\u015f kapasitesi ve d\u00fc\u015f\u00fck g\u00fc\u00e7 t\u00fcketimi ile sessiz \u00e7al\u0131\u015f\u0131yor. Eski nesil ventilat\u00f6rlere k\u0131yasla daha az hareket eden par\u00e7adan olu\u015ftu\u011fu i\u00e7in ar\u0131zalanma riski daha d\u00fc\u015f\u00fck ve bak\u0131m gideri de daha az.<\/p>\n<div id=\"briti-2312105586\" class=\"briti-icerikten-sonra_2\" style=\"margin-top: 25px;margin-bottom: 25px;\"><a href=\"https:\/\/wa.me\/message\/NDZLLIOQT4H3O1\" aria-label=\"bytv reklam banner\"><img loading=\"lazy\" decoding=\"async\" src=\"https:\/\/by-tv.co.uk\/wp-content\/uploads\/2025\/12\/bytv-reklam-banner.jpg\" alt=\"\"  width=\"2376\" height=\"1008\"   \/><\/a><\/div>","protected":false},"excerpt":{"rendered":"<p>\u0130STANBUL (AA) &#8211; Yak\u0131n Do\u011fu \u00dcniversitesi b\u00fcnyesinde geli\u015ftirilen yerli solunum cihaz\u0131, M\u00dcS\u0130AD Expo 2020&#8217;de yerini alacak. M\u00fcstakil Sanayici ve \u0130\u015fadamlar\u0131 Derne\u011fi&#8217;nden (M\u00dcS\u0130AD) yap\u0131lan a\u00e7\u0131klamaya g\u00f6re, Yak\u0131n Do\u011fu \u00dcniversitesi \u0130novasyon Merkezi taraf\u0131ndan geli\u015ftirilen yo\u011fun bak\u0131m solunum cihaz\u0131, M\u00dcS\u0130AD taraf\u0131ndan T\u00dcYAP \u0130stanbul Fuar ve Kongre Merkezi&#8217;nde, 18-21 Kas\u0131m 2020&#8217;de d\u00fczenlenecek M\u00dcS\u0130AD Expo 2020 fuar\u0131nda ilk kez sergilenecek. Yaz\u0131l\u0131m, donan\u0131m ve tasar\u0131m\u0131 tamamen Yak\u0131n Do\u011fu \u00dcniversitesi b\u00fcnyesinde yap\u0131lan solunum cihaz\u0131, 6 ayl\u0131k bir ara\u015ft\u0131rma geli\u015ftirme s\u00fcreci sonunda kullan\u0131ma haz\u0131r hale getirildi. B\u00fct\u00fcn d\u00fcnyada Kovid-19 pandemisinin ikinci dalgas\u0131n\u0131n ya\u015fand\u0131\u011f\u0131 bug\u00fcnlerde, \u00fclkelerin sahip oldu\u011fu yo\u011fun bak\u0131m kapasiteleri, salg\u0131n nedeniyle ger\u00e7ekle\u015fen can kay\u0131plar\u0131n\u0131 azaltmak i\u00e7in hayati [&hellip;]<\/p>\n","protected":false},"author":1,"featured_media":0,"comment_status":"open","ping_status":"open","sticky":false,"template":"","format":"standard","meta":{"ngg_post_thumbnail":0,"footnotes":""},"categories":[13],"tags":[1508,1509,2302,2300,1550,2303,2301,2299],"class_list":["post-6749","post","type-post","status-publish","format-standard","hentry","category-saglik","tag-kktc","tag-kovid-19","tag-kovid-19-pandemisi","tag-musiad-expo-2020","tag-pandemi","tag-prof-dr-irfan-suat-gunsel","tag-tuyap-istanbul-fuari","tag-yakin-dogu-universitesi"],"_links":{"self":[{"href":"https:\/\/by-tv.co.uk\/en\/wp-json\/wp\/v2\/posts\/6749","targetHints":{"allow":["GET"]}}],"collection":[{"href":"https:\/\/by-tv.co.uk\/en\/wp-json\/wp\/v2\/posts"}],"about":[{"href":"https:\/\/by-tv.co.uk\/en\/wp-json\/wp\/v2\/types\/post"}],"author":[{"embeddable":true,"href":"https:\/\/by-tv.co.uk\/en\/wp-json\/wp\/v2\/users\/1"}],"replies":[{"embeddable":true,"href":"https:\/\/by-tv.co.uk\/en\/wp-json\/wp\/v2\/comments?post=6749"}],"version-history":[{"count":0,"href":"https:\/\/by-tv.co.uk\/en\/wp-json\/wp\/v2\/posts\/6749\/revisions"}],"wp:attachment":[{"href":"https:\/\/by-tv.co.uk\/en\/wp-json\/wp\/v2\/media?parent=6749"}],"wp:term":[{"taxonomy":"category","embeddable":true,"href":"https:\/\/by-tv.co.uk\/en\/wp-json\/wp\/v2\/categories?post=6749"},{"taxonomy":"post_tag","embeddable":true,"href":"https:\/\/by-tv.co.uk\/en\/wp-json\/wp\/v2\/tags?post=6749"}],"curies":[{"name":"wp","href":"https:\/\/api.w.org\/{rel}","templated":true}]}}