{"id":6741,"date":"2020-11-16T01:20:55","date_gmt":"2020-11-15T22:20:55","guid":{"rendered":"https:\/\/by-tv.co.uk\/?p=6741"},"modified":"2020-11-16T01:20:55","modified_gmt":"2020-11-15T22:20:55","slug":"chp-genel-baskani-kilicdaroglu-dort-partiyle-oturup-anayasa-taslagi-hazirlamamiz-asla-soz-konusu-olmadi","status":"publish","type":"post","link":"https:\/\/by-tv.co.uk\/en\/chp-genel-baskani-kilicdaroglu-dort-partiyle-oturup-anayasa-taslagi-hazirlamamiz-asla-soz-konusu-olmadi\/","title":{"rendered":"CHP Genel Ba\u015fkan\u0131 K\u0131l\u0131\u00e7daro\u011flu: D\u00f6rt partiyle oturup anayasa tasla\u011f\u0131 haz\u0131rlamam\u0131z asla s\u00f6z konusu olmad\u0131"},"content":{"rendered":"<p><strong>\u00a0CHP Genel Ba\u015fkan\u0131 Kemal K\u0131l\u0131\u00e7daro\u011flu<\/strong>, &#8220;Bizim d\u00f6rt partiyle bir araya gelip, oturup anayasa tasla\u011f\u0131 haz\u0131rlamam\u0131z asla s\u00f6z konusu olmad\u0131. B\u00f6yle bir \u015fey yok.&#8221; ifadelerini kulland\u0131.<\/p>\n<p>CHP&#8217;den yap\u0131lan a\u00e7\u0131klamaya g\u00f6re, K\u0131l\u0131\u00e7daro\u011flu, \u00c7ukurambar&#8217;daki evinden \u00e7\u0131k\u0131\u015f\u0131nda, 4 partinin anayasa tasla\u011f\u0131 i\u00e7in g\u00f6r\u00fc\u015ft\u00fc\u011f\u00fc iddialar\u0131na y\u00f6nelik a\u00e7\u0131klamalarda bulundu.<\/p>\n<p>&#8220;B\u00f6yle bir anayasa \u00e7al\u0131\u015fmas\u0131 yok. Kamuoyunda tart\u0131\u015f\u0131yorlar ben de hayretle izliyorum&#8221; diyen K\u0131l\u0131\u00e7daro\u011flu, 2017&#8217;de T\u00fcrkiye Sosyal, Ekonomik ve Siyasal Ara\u015ft\u0131rmalar Vakf\u0131nca (T\u00dcSES) \u0130stanbul&#8217;da d\u00fczenlenen &#8220;Orta Do\u011fu Konferans\u0131&#8221;na kat\u0131ld\u0131\u011f\u0131n\u0131 an\u0131msatt\u0131.<\/p><div id=\"briti-2230970595\" class=\"briti-icerik\" style=\"margin-top: 5px;margin-bottom: 5px;\"><a href=\"https:\/\/piaryum.com\/services\/\" aria-label=\"piaryum banner\"><img loading=\"lazy\" decoding=\"async\" src=\"https:\/\/by-tv.co.uk\/wp-content\/uploads\/2025\/12\/Gemini_Generated_Image_g5yqr1g5yqr1g5yq.jpg\" alt=\"\"  width=\"2064\" height=\"1152\"   \/><\/a><\/div>\n<p>O toplant\u0131ya Saadet Partisi Genel Ba\u015fkan\u0131 Temel Karamollao\u011flu ile Gelecek Partisi Genel Ba\u015fkan\u0131 Ahmet Davuto\u011flu&#8217;nun da kat\u0131ld\u0131\u011f\u0131n\u0131 aktaran K\u0131l\u0131\u00e7daro\u011flu, \u015fu de\u011ferlendirmelerde bulundu:<\/p>\n<p>&#8220;Toplant\u0131da, Orta Do\u011fu&#8217;yu konu\u015ftuk, tart\u0131\u015ft\u0131k. T\u00dcSES bir sivil toplum \u00f6rg\u00fct\u00fc. T\u00fcrkiye&#8217;nin ekonomik, politik konular\u0131n\u0131 masaya yat\u0131r\u0131yor, ilgili uzman ki\u015fileri \u00e7a\u011f\u0131r\u0131yor. Yine T\u00dcSES anayasa konusunda da bir toplant\u0131 yapt\u0131 o toplant\u0131ya i\u015fin uzmanlar\u0131, akademisyenler kat\u0131ld\u0131lar, g\u00f6r\u00fc\u015flerini beyan ettiler. \u00d6yle ortada, &#8216;yok efendim bir anayasa yaz\u0131ld\u0131, d\u00f6rt parti bir araya geldi, anayasa tasla\u011f\u0131 haz\u0131rlad\u0131&#8217; b\u00f6yle bir \u015fey yok. Dedi\u011fim gibi hayretle izliyorum. Ben \u00f6teden beri \u0131srarla s\u00f6ylerim, bir partinin mutfa\u011f\u0131nda anayasa haz\u0131rlanmaz diye. Anayasa bir toplumsal sorundur. Anayasa, hepimizin, yani bu \u00fclkenin ana omurgas\u0131n\u0131 belirleyen hukuk kurallar\u0131n\u0131 ihtiva eder. Dolay\u0131s\u0131yla anayasan\u0131n bir toplumsal uzla\u015fmayla haz\u0131rlanmas\u0131 laz\u0131m. Bizim d\u00f6rt partiyle bir araya gelip, oturup anayasa tasla\u011f\u0131 haz\u0131rlamam\u0131z asla s\u00f6z konusu olmad\u0131. B\u00f6yle bir \u015fey yok.&#8221;<\/p>\n<p>Kendisinin defalarca, g\u00fc\u00e7lendirilmi\u015f demokratik parlamenter sistemden s\u00f6z etti\u011fini an\u0131msatan K\u0131l\u0131\u00e7daro\u011flu, demokrasiye inanan pek \u00e7ok siyasi parti liderinin de bunu vurgulad\u0131\u011f\u0131n\u0131 aktard\u0131.<\/p>\n<p>G\u00fc\u00e7lendirilmi\u015f parlamenter sistemden ne anla\u015f\u0131laca\u011f\u0131 konusunda partilerin \u00e7al\u0131\u015fmalar yapt\u0131\u011f\u0131na de\u011finen K\u0131l\u0131\u00e7daro\u011flu, \u015funlar\u0131 kaydetti:<\/p>\n<p>&#8220;Hat\u0131rlarsan\u0131z Say\u0131n Davuto\u011flu bu konuda bir \u00e7al\u0131\u015fma yapt\u0131klar\u0131n\u0131 ve \u00f6n\u00fcm\u00fczdeki g\u00fcnlerde siyasi partileri ziyaret edip kendi g\u00f6r\u00fc\u015flerini ifade edeceklerini s\u00f6ylediler. E\u011fer biz bir anayasa konusunda \u00e7al\u0131\u015fma yapacaksak \u00f6nce ba\u015fvuraca\u011f\u0131m, kap\u0131s\u0131n\u0131 \u00e7alaca\u011f\u0131m parti elbette \u0130Y\u0130 Parti, Say\u0131n Meral Ak\u015fener olacakt\u0131r. Onun g\u00f6r\u00fc\u015flerini almak olacakt\u0131r. Dedi\u011fim gibi b\u00f6yle bir \u00e7al\u0131\u015fma yok, s\u00f6z konusu de\u011fil ama bir bardak suda f\u0131rt\u0131na koparmak gibi bir \u00e7aba var, b\u00fct\u00fcn vatanda\u015flar\u0131m\u0131n bu ger\u00e7e\u011fi bilmesini isterim.&#8221;<\/p>\n<p><strong>ANKARA (AA)\u00a0<\/strong><\/p>\n<div id=\"briti-1477479976\" class=\"briti-icerikten-sonra_2\" style=\"margin-top: 25px;margin-bottom: 25px;\"><a href=\"https:\/\/wa.me\/message\/NDZLLIOQT4H3O1\" aria-label=\"bytv reklam banner\"><img loading=\"lazy\" decoding=\"async\" src=\"https:\/\/by-tv.co.uk\/wp-content\/uploads\/2025\/12\/bytv-reklam-banner.jpg\" alt=\"\"  width=\"2376\" height=\"1008\"   \/><\/a><\/div>","protected":false},"excerpt":{"rendered":"<p>\u00a0CHP Genel Ba\u015fkan\u0131 Kemal K\u0131l\u0131\u00e7daro\u011flu, &#8220;Bizim d\u00f6rt partiyle bir araya gelip, oturup anayasa tasla\u011f\u0131 haz\u0131rlamam\u0131z asla s\u00f6z konusu olmad\u0131. B\u00f6yle bir \u015fey yok.&#8221; ifadelerini kulland\u0131. CHP&#8217;den yap\u0131lan a\u00e7\u0131klamaya g\u00f6re, K\u0131l\u0131\u00e7daro\u011flu, \u00c7ukurambar&#8217;daki evinden \u00e7\u0131k\u0131\u015f\u0131nda, 4 partinin anayasa tasla\u011f\u0131 i\u00e7in g\u00f6r\u00fc\u015ft\u00fc\u011f\u00fc iddialar\u0131na y\u00f6nelik a\u00e7\u0131klamalarda bulundu. &#8220;B\u00f6yle bir anayasa \u00e7al\u0131\u015fmas\u0131 yok. Kamuoyunda tart\u0131\u015f\u0131yorlar ben de hayretle izliyorum&#8221; diyen K\u0131l\u0131\u00e7daro\u011flu, 2017&#8217;de T\u00fcrkiye Sosyal, Ekonomik ve Siyasal Ara\u015ft\u0131rmalar Vakf\u0131nca (T\u00dcSES) \u0130stanbul&#8217;da d\u00fczenlenen &#8220;Orta Do\u011fu Konferans\u0131&#8221;na kat\u0131ld\u0131\u011f\u0131n\u0131 an\u0131msatt\u0131. O toplant\u0131ya Saadet Partisi Genel Ba\u015fkan\u0131 Temel Karamollao\u011flu ile Gelecek Partisi Genel Ba\u015fkan\u0131 Ahmet Davuto\u011flu&#8217;nun da kat\u0131ld\u0131\u011f\u0131n\u0131 aktaran K\u0131l\u0131\u00e7daro\u011flu, \u015fu de\u011ferlendirmelerde bulundu: &#8220;Toplant\u0131da, Orta Do\u011fu&#8217;yu konu\u015ftuk, tart\u0131\u015ft\u0131k. T\u00dcSES [&hellip;]<\/p>\n","protected":false},"author":1,"featured_media":6742,"comment_status":"open","ping_status":"open","sticky":false,"template":"","format":"standard","meta":{"ngg_post_thumbnail":0,"footnotes":""},"categories":[1],"tags":[2287,597,2286,2285,1866,1087,1867,2288],"class_list":["post-6741","post","type-post","status-publish","format-standard","has-post-thumbnail","hentry","category-genel","tag-anayasa","tag-chp","tag-chp-genel-baskani","tag-chp-genel-baskani-kemal-kilicdaroglu","tag-iyi-parti","tag-kemal-kilicdaroglu","tag-meral-aksener","tag-tuses"],"_links":{"self":[{"href":"https:\/\/by-tv.co.uk\/en\/wp-json\/wp\/v2\/posts\/6741","targetHints":{"allow":["GET"]}}],"collection":[{"href":"https:\/\/by-tv.co.uk\/en\/wp-json\/wp\/v2\/posts"}],"about":[{"href":"https:\/\/by-tv.co.uk\/en\/wp-json\/wp\/v2\/types\/post"}],"author":[{"embeddable":true,"href":"https:\/\/by-tv.co.uk\/en\/wp-json\/wp\/v2\/users\/1"}],"replies":[{"embeddable":true,"href":"https:\/\/by-tv.co.uk\/en\/wp-json\/wp\/v2\/comments?post=6741"}],"version-history":[{"count":0,"href":"https:\/\/by-tv.co.uk\/en\/wp-json\/wp\/v2\/posts\/6741\/revisions"}],"wp:featuredmedia":[{"embeddable":true,"href":"https:\/\/by-tv.co.uk\/en\/wp-json\/wp\/v2\/media\/6742"}],"wp:attachment":[{"href":"https:\/\/by-tv.co.uk\/en\/wp-json\/wp\/v2\/media?parent=6741"}],"wp:term":[{"taxonomy":"category","embeddable":true,"href":"https:\/\/by-tv.co.uk\/en\/wp-json\/wp\/v2\/categories?post=6741"},{"taxonomy":"post_tag","embeddable":true,"href":"https:\/\/by-tv.co.uk\/en\/wp-json\/wp\/v2\/tags?post=6741"}],"curies":[{"name":"wp","href":"https:\/\/api.w.org\/{rel}","templated":true}]}}