{"id":6637,"date":"2020-11-10T03:29:21","date_gmt":"2020-11-10T00:29:21","guid":{"rendered":"https:\/\/by-tv.co.uk\/?p=6637"},"modified":"2020-11-10T03:29:21","modified_gmt":"2020-11-10T00:29:21","slug":"hazine-ve-maliye-bakanligi-gorevine-lutfi-elvan-atandi","status":"publish","type":"post","link":"https:\/\/by-tv.co.uk\/en\/hazine-ve-maliye-bakanligi-gorevine-lutfi-elvan-atandi\/","title":{"rendered":"Hazine ve Maliye Bakanl\u0131\u011f\u0131 g\u00f6revine L\u00fctfi Elvan atand\u0131"},"content":{"rendered":"<p>Cumhurba\u015fkan\u0131 Karar\u0131 ile <strong>Hazine ve Maliye Bakanl\u0131\u011f\u0131<\/strong> g\u00f6revine <strong>L\u00fctfi Elvan<\/strong> getirildi.<\/p>\n<p><strong>Resmi Gazete<\/strong>&#8216;de yay\u0131mlanan <strong>Cumhurba\u015fkan\u0131 Karar\u0131<\/strong>&#8216;na g\u00f6re, g\u00f6revden aff\u0131n\u0131 isteyen ve talebi kabul edilen Berat Albayrak\u2019tan bo\u015falan Hazine ve Maliye Bakanl\u0131\u011f\u0131na L\u00fctfi Elvan atand\u0131.<\/p>\n<p>Atama, Anayasan\u0131n 104&#8217;\u00fcnc\u00fc ve 106&#8217;nc\u0131 maddeleri gere\u011fince yap\u0131ld\u0131.<\/p><div id=\"briti-1342903922\" class=\"briti-icerik\" style=\"margin-top: 5px;margin-bottom: 5px;\"><a href=\"https:\/\/piaryum.com\/services\/\" aria-label=\"piaryum banner\"><img loading=\"lazy\" decoding=\"async\" src=\"https:\/\/by-tv.co.uk\/wp-content\/uploads\/2025\/12\/Gemini_Generated_Image_g5yqr1g5yqr1g5yq.jpg\" alt=\"\"  width=\"2064\" height=\"1152\"   \/><\/a><\/div>\n<h4>Yeni Hazine ve Maliye Bakan\u0131 Elvan&#8217;\u0131n \u00f6z ge\u00e7mi\u015fi<\/h4>\n<p>Yeni <strong>Hazine ve Maliye Bakan\u0131 L\u00fctfi Elvan<\/strong>, 1962&#8217;de Karaman&#8217;\u0131n Ermenek il\u00e7esinde do\u011fdu. \u0130stanbul Teknik \u00dcniversitesi Maden Fak\u00fcltesini bitiren Elvan, \u0130ngiltere&#8217;de Leeds \u00dcniversitesinde Maden ve Y\u00f6neylem Ara\u015ft\u0131rmas\u0131 alan\u0131nda, ABD&#8217;de Delaware \u00dcniversitesinde Ekonomi alan\u0131nda y\u00fcksek lisanslar\u0131n\u0131 yapt\u0131.<\/p>\n<p>\u00c7e\u015fitli kamu kurumlar\u0131nda uzmanl\u0131k, daire ba\u015fkanl\u0131\u011f\u0131 ve m\u00fcste\u015far yard\u0131mc\u0131l\u0131\u011f\u0131 g\u00f6revlerinde bulunan Elvan, Organisation for Economic Co-operation and Development K\u0131rsal Kalk\u0131nma Grubu Ba\u015fkan Yard\u0131mc\u0131s\u0131, Avrupa Birli\u011fi E\u011fitim ve Gen\u00e7lik Merkezi Y\u00f6netim Kurulu Ba\u015fkan\u0131 ve AB M\u00fczakere \u0130zleme ve Y\u00f6nlendirme Komitesi \u00dcyesi olarak g\u00f6rev yapt\u0131.<\/p>\n<p>Elvan, AK Parti&#8217;den 23 ve 24. D\u00f6nemde Karaman, 25. D\u00f6nemde Antalya ve 26. D\u00f6nemde Mersin Milletvekili se\u00e7ildi.<\/p>\n<p>23. D\u00f6nemde T\u00fcrkiye-AB Karma Parlamento Komisyonu E\u015f Ba\u015fkanl\u0131\u011f\u0131 ve G\u00fcneydo\u011fu Avrupa \u0130\u015fbirli\u011fi S\u00fcreci T\u00fcrkiye Temsilcili\u011fi g\u00f6revlerinde bulunan Elvan, 24. D\u00f6nemde TBMM Plan ve B\u00fct\u00e7e Komisyonu Ba\u015fkan\u0131 ve ard\u0131ndan Ula\u015ft\u0131rma, Denizcilik ve Haberle\u015fme Bakan\u0131 oldu.<\/p>\n<p>Elvan, 64. H\u00fck\u00fcmet&#8217;te Ba\u015fbakan Yard\u0131mc\u0131s\u0131 ve 65. H\u00fck\u00fcmet&#8217;te Kalk\u0131nma Bakan\u0131 olarak g\u00f6rev ald\u0131. 27. D\u00f6nem AK Parti Mersin Milletvekili olan Elvan, TBMM Plan ve B\u00fct\u00e7e Komisyonu Ba\u015fkanl\u0131\u011f\u0131 g\u00f6revini y\u00fcr\u00fct\u00fcyordu.<\/p>\n<p>\u00c7ok iyi d\u00fczeyde \u0130ngilizce bilen Elvan, evli ve 2 \u00e7ocuk babas\u0131.<\/p>\n<div id=\"briti-3100171684\" class=\"briti-icerikten-sonra_2\" style=\"margin-top: 25px;margin-bottom: 25px;\"><a href=\"https:\/\/wa.me\/message\/NDZLLIOQT4H3O1\" aria-label=\"bytv reklam banner\"><img loading=\"lazy\" decoding=\"async\" src=\"https:\/\/by-tv.co.uk\/wp-content\/uploads\/2025\/12\/bytv-reklam-banner.jpg\" alt=\"\"  width=\"2376\" height=\"1008\"   \/><\/a><\/div>","protected":false},"excerpt":{"rendered":"<p>Cumhurba\u015fkan\u0131 Karar\u0131 ile Hazine ve Maliye Bakanl\u0131\u011f\u0131 g\u00f6revine L\u00fctfi Elvan getirildi. Resmi Gazete&#8216;de yay\u0131mlanan Cumhurba\u015fkan\u0131 Karar\u0131&#8216;na g\u00f6re, g\u00f6revden aff\u0131n\u0131 isteyen ve talebi kabul edilen Berat Albayrak\u2019tan bo\u015falan Hazine ve Maliye Bakanl\u0131\u011f\u0131na L\u00fctfi Elvan atand\u0131. Atama, Anayasan\u0131n 104&#8217;\u00fcnc\u00fc ve 106&#8217;nc\u0131 maddeleri gere\u011fince yap\u0131ld\u0131. Yeni Hazine ve Maliye Bakan\u0131 Elvan&#8217;\u0131n \u00f6z ge\u00e7mi\u015fi Yeni Hazine ve Maliye Bakan\u0131 L\u00fctfi Elvan, 1962&#8217;de Karaman&#8217;\u0131n Ermenek il\u00e7esinde do\u011fdu. \u0130stanbul Teknik \u00dcniversitesi Maden Fak\u00fcltesini bitiren Elvan, \u0130ngiltere&#8217;de Leeds \u00dcniversitesinde Maden ve Y\u00f6neylem Ara\u015ft\u0131rmas\u0131 alan\u0131nda, ABD&#8217;de Delaware \u00dcniversitesinde Ekonomi alan\u0131nda y\u00fcksek lisanslar\u0131n\u0131 yapt\u0131. \u00c7e\u015fitli kamu kurumlar\u0131nda uzmanl\u0131k, daire ba\u015fkanl\u0131\u011f\u0131 ve m\u00fcste\u015far yard\u0131mc\u0131l\u0131\u011f\u0131 g\u00f6revlerinde bulunan Elvan, Organisation for Economic [&hellip;]<\/p>\n","protected":false},"author":1,"featured_media":6638,"comment_status":"open","ping_status":"open","sticky":false,"template":"","format":"standard","meta":{"ngg_post_thumbnail":0,"footnotes":""},"categories":[1272],"tags":[2213,1612,155,194,2212,2231,2194],"class_list":["post-6637","post","type-post","status-publish","format-standard","has-post-thumbnail","hentry","category-ekonomi","tag-berat-albayrak","tag-cumhurbaskani-recep-tayyip-erdogan","tag-ekonomi","tag-ekonomik-kriz","tag-hazine-ve-maliye-bakani","tag-lutfi-elvan","tag-para-politikasi"],"_links":{"self":[{"href":"https:\/\/by-tv.co.uk\/en\/wp-json\/wp\/v2\/posts\/6637","targetHints":{"allow":["GET"]}}],"collection":[{"href":"https:\/\/by-tv.co.uk\/en\/wp-json\/wp\/v2\/posts"}],"about":[{"href":"https:\/\/by-tv.co.uk\/en\/wp-json\/wp\/v2\/types\/post"}],"author":[{"embeddable":true,"href":"https:\/\/by-tv.co.uk\/en\/wp-json\/wp\/v2\/users\/1"}],"replies":[{"embeddable":true,"href":"https:\/\/by-tv.co.uk\/en\/wp-json\/wp\/v2\/comments?post=6637"}],"version-history":[{"count":0,"href":"https:\/\/by-tv.co.uk\/en\/wp-json\/wp\/v2\/posts\/6637\/revisions"}],"wp:featuredmedia":[{"embeddable":true,"href":"https:\/\/by-tv.co.uk\/en\/wp-json\/wp\/v2\/media\/6638"}],"wp:attachment":[{"href":"https:\/\/by-tv.co.uk\/en\/wp-json\/wp\/v2\/media?parent=6637"}],"wp:term":[{"taxonomy":"category","embeddable":true,"href":"https:\/\/by-tv.co.uk\/en\/wp-json\/wp\/v2\/categories?post=6637"},{"taxonomy":"post_tag","embeddable":true,"href":"https:\/\/by-tv.co.uk\/en\/wp-json\/wp\/v2\/tags?post=6637"}],"curies":[{"name":"wp","href":"https:\/\/api.w.org\/{rel}","templated":true}]}}