{"id":6620,"date":"2020-11-09T22:31:03","date_gmt":"2020-11-09T19:31:03","guid":{"rendered":"https:\/\/by-tv.co.uk\/?p=6620"},"modified":"2020-11-09T22:37:51","modified_gmt":"2020-11-09T19:37:51","slug":"cumhurbaskanligi-iletisim-baskanligi-hazine-ve-maliye-bakani-albayrakin-gorevden-af-talebi-kabul-edilmistir","status":"publish","type":"post","link":"https:\/\/by-tv.co.uk\/en\/cumhurbaskanligi-iletisim-baskanligi-hazine-ve-maliye-bakani-albayrakin-gorevden-af-talebi-kabul-edilmistir\/","title":{"rendered":"Cumhurba\u015fkan\u0131 taraf\u0131ndan Berat Albayrak&#8217;\u0131n istifas\u0131 kabul edildi"},"content":{"rendered":"<p style=\"font-variant-ligatures: normal; orphans: 2; widows: 2;\">ANKARA (AA) &#8211; Cumhurba\u015fkanl\u0131\u011f\u0131 \u0130leti\u015fim Ba\u015fkanl\u0131\u011f\u0131ndan yap\u0131lan yaz\u0131l\u0131 a\u00e7\u0131klamada, T\u00fcrkiye&#8217;nin Cumhuriyet tarihindeki en b\u00fcy\u00fck y\u00f6netim reformu olan Cumhurba\u015fkanl\u0131\u011f\u0131 H\u00fck\u00fcmet Sistemi&#8217;ne ge\u00e7i\u015finin ard\u0131ndan Cumhurba\u015fkan\u0131 Recep Tayyip Erdo\u011fan&#8217;\u0131n kabinesini kurarak milletin takdirine sundu\u011fu belirtildi.<\/p>\n<p><span style=\"orphans: 2; widows: 2;\">Cumhurba\u015fkan\u0131 Erdo\u011fan taraf\u0131ndan kabinede yer verilen bakanlar\u0131n 10 Temmuz 2018&#8217;de Meclis&#8217;te yemin ederek resmen g\u00f6revlerine ba\u015flad\u0131klar\u0131, daha \u00f6nceki h\u00fck\u00fcmette Enerji ve Tabii Kaynaklar Bakanl\u0131\u011f\u0131 yapan \u0130stanbul Milletvekili Berat Albayrak&#8217;\u0131n Cumhuriyet&#8217;in 66&#8217;nc\u0131 h\u00fck\u00fcmeti olan bu kabinede Hazine ve Maliye Bakan\u0131 olarak yer ald\u0131\u011f\u0131 hat\u0131rlat\u0131ld\u0131.<\/span><\/p>\n<h4 style=\"font-variant-ligatures: normal; orphans: 2; widows: 2;\">A\u00e7\u0131klamada, \u015funlar kaydedildi:<\/h4>\n<p style=\"font-variant-ligatures: normal; orphans: 2; widows: 2;\">&#8220;B\u00f6lgesel ve k\u00fcresel siyasi krizlere ilave olarak koronavir\u00fcs salg\u0131n\u0131 sebebiyle geli\u015fmi\u015f devletlerin dahi ciddi ekonomik s\u0131k\u0131nt\u0131lar ya\u015fad\u0131\u011f\u0131 bir d\u00f6nemde, Hazine ve Maliye Bakan\u0131 Berat Albayrak&#8217;\u0131n gayretleriyle \u00fclkemiz, bu kritik s\u00fcre\u00e7te olabilecek en az hasarla yoluna devam etmi\u015f, Say\u0131n Bakan\u0131m\u0131z\u0131n ba\u015far\u0131lar\u0131 Say\u0131n Cumhurba\u015fkan\u0131m\u0131z taraf\u0131ndan takdir edilmi\u015ftir. Bilindi\u011fi gibi 8 Kas\u0131m 2020 Pazar ak\u015fam\u0131 Hazine ve Maliye Bakan\u0131m\u0131z Berat Albayrak, sosyal medya hesaplar\u0131ndan birinde, sa\u011fl\u0131k nedenleriyle g\u00f6revden aff\u0131n\u0131 isteyen bir a\u00e7\u0131klama yay\u0131nlam\u0131\u015ft\u0131r. Cumhurba\u015fkan\u0131m\u0131z taraf\u0131ndan yap\u0131lan de\u011ferlendirme sonunda, Hazine ve Maliye Bakan\u0131 Berat Albayrak&#8217;\u0131n g\u00f6revden af talebi kabul edilmi\u015ftir. Kamuoyuna sayg\u0131yla duyurulur.&#8221;<\/p><div id=\"briti-4125228140\" class=\"briti-icerik\" style=\"margin-top: 5px;margin-bottom: 5px;\"><a href=\"https:\/\/piaryum.com\/services\/\" aria-label=\"piaryum banner\"><img loading=\"lazy\" decoding=\"async\" src=\"https:\/\/by-tv.co.uk\/wp-content\/uploads\/2025\/12\/Gemini_Generated_Image_g5yqr1g5yqr1g5yq.jpg\" alt=\"\"  width=\"2064\" height=\"1152\"   \/><\/a><\/div>\n<div><\/div>\n<div id=\"briti-3354279471\" class=\"briti-icerikten-sonra_2\" style=\"margin-top: 25px;margin-bottom: 25px;\"><a href=\"https:\/\/wa.me\/message\/NDZLLIOQT4H3O1\" aria-label=\"bytv reklam banner\"><img loading=\"lazy\" decoding=\"async\" src=\"https:\/\/by-tv.co.uk\/wp-content\/uploads\/2025\/12\/bytv-reklam-banner.jpg\" alt=\"\"  width=\"2376\" height=\"1008\"   \/><\/a><\/div>","protected":false},"excerpt":{"rendered":"<p>ANKARA (AA) &#8211; Cumhurba\u015fkanl\u0131\u011f\u0131 \u0130leti\u015fim Ba\u015fkanl\u0131\u011f\u0131ndan yap\u0131lan yaz\u0131l\u0131 a\u00e7\u0131klamada, T\u00fcrkiye&#8217;nin Cumhuriyet tarihindeki en b\u00fcy\u00fck y\u00f6netim reformu olan Cumhurba\u015fkanl\u0131\u011f\u0131 H\u00fck\u00fcmet Sistemi&#8217;ne ge\u00e7i\u015finin ard\u0131ndan Cumhurba\u015fkan\u0131 Recep Tayyip Erdo\u011fan&#8217;\u0131n kabinesini kurarak milletin takdirine sundu\u011fu belirtildi. Cumhurba\u015fkan\u0131 Erdo\u011fan taraf\u0131ndan kabinede yer verilen bakanlar\u0131n 10 Temmuz 2018&#8217;de Meclis&#8217;te yemin ederek resmen g\u00f6revlerine ba\u015flad\u0131klar\u0131, daha \u00f6nceki h\u00fck\u00fcmette Enerji ve Tabii Kaynaklar Bakanl\u0131\u011f\u0131 yapan \u0130stanbul Milletvekili Berat Albayrak&#8217;\u0131n Cumhuriyet&#8217;in 66&#8217;nc\u0131 h\u00fck\u00fcmeti olan bu kabinede Hazine ve Maliye Bakan\u0131 olarak yer ald\u0131\u011f\u0131 hat\u0131rlat\u0131ld\u0131. A\u00e7\u0131klamada, \u015funlar kaydedildi: &#8220;B\u00f6lgesel ve k\u00fcresel siyasi krizlere ilave olarak koronavir\u00fcs salg\u0131n\u0131 sebebiyle geli\u015fmi\u015f devletlerin dahi ciddi ekonomik s\u0131k\u0131nt\u0131lar ya\u015fad\u0131\u011f\u0131 bir d\u00f6nemde, Hazine ve Maliye [&hellip;]<\/p>\n","protected":false},"author":1,"featured_media":6621,"comment_status":"open","ping_status":"open","sticky":false,"template":"","format":"standard","meta":{"ngg_post_thumbnail":0,"footnotes":""},"categories":[1],"tags":[2208,2213,1612,2214,155,2212,637],"class_list":["post-6620","post","type-post","status-publish","format-standard","has-post-thumbnail","hentry","category-genel","tag-akp","tag-berat-albayrak","tag-cumhurbaskani-recep-tayyip-erdogan","tag-cumhurbaskanligi","tag-ekonomi","tag-hazine-ve-maliye-bakani","tag-istifa"],"_links":{"self":[{"href":"https:\/\/by-tv.co.uk\/en\/wp-json\/wp\/v2\/posts\/6620","targetHints":{"allow":["GET"]}}],"collection":[{"href":"https:\/\/by-tv.co.uk\/en\/wp-json\/wp\/v2\/posts"}],"about":[{"href":"https:\/\/by-tv.co.uk\/en\/wp-json\/wp\/v2\/types\/post"}],"author":[{"embeddable":true,"href":"https:\/\/by-tv.co.uk\/en\/wp-json\/wp\/v2\/users\/1"}],"replies":[{"embeddable":true,"href":"https:\/\/by-tv.co.uk\/en\/wp-json\/wp\/v2\/comments?post=6620"}],"version-history":[{"count":0,"href":"https:\/\/by-tv.co.uk\/en\/wp-json\/wp\/v2\/posts\/6620\/revisions"}],"wp:featuredmedia":[{"embeddable":true,"href":"https:\/\/by-tv.co.uk\/en\/wp-json\/wp\/v2\/media\/6621"}],"wp:attachment":[{"href":"https:\/\/by-tv.co.uk\/en\/wp-json\/wp\/v2\/media?parent=6620"}],"wp:term":[{"taxonomy":"category","embeddable":true,"href":"https:\/\/by-tv.co.uk\/en\/wp-json\/wp\/v2\/categories?post=6620"},{"taxonomy":"post_tag","embeddable":true,"href":"https:\/\/by-tv.co.uk\/en\/wp-json\/wp\/v2\/tags?post=6620"}],"curies":[{"name":"wp","href":"https:\/\/api.w.org\/{rel}","templated":true}]}}