{"id":6578,"date":"2020-11-06T03:26:46","date_gmt":"2020-11-06T00:26:46","guid":{"rendered":"https:\/\/by-tv.co.uk\/?p=6578"},"modified":"2020-11-06T03:26:46","modified_gmt":"2020-11-06T00:26:46","slug":"ingilterede-karantina-protestosunda-104-kisi-gozaltina-alindi","status":"publish","type":"post","link":"https:\/\/by-tv.co.uk\/en\/ingilterede-karantina-protestosunda-104-kisi-gozaltina-alindi\/","title":{"rendered":"\u0130ngiltere&#8217;de karantina protestosunda 104 ki\u015fi g\u00f6zalt\u0131na al\u0131nd\u0131"},"content":{"rendered":"<p>Londra&#8217;daki karantina kar\u015f\u0131t\u0131 eyleme polis m\u00fcdahale etti. Londra polisinden yap\u0131lan a\u00e7\u0131klamada, ulusal karantinaya ra\u011fmen g\u00f6steriler d\u00fczenlendi\u011fi belirtildi.<\/p>\n<p>Kalabal\u0131klar\u0131n toplanmaya ba\u015flamas\u0131yla polislerin g\u00f6stericileri evlerine gitmeleri konusunda uyard\u0131\u011f\u0131 ancak bu uyar\u0131lara riayet edilmedi\u011fi i\u00e7in 104 ki\u015finin g\u00f6zalt\u0131na al\u0131nd\u0131\u011f\u0131 aktar\u0131ld\u0131.<\/p>\n<p>AA&#8217;n\u0131n haberine g\u00f6re; m\u00fcdahaleyi y\u00f6neten Polis \u015eefi Jane Connors da konuya ili\u015fkin, &#8220;Bu ak\u015fam as\u0131l \u00f6nceli\u011fimiz, Londral\u0131lar\u0131 g\u00fcvende tutmakt\u0131. Salg\u0131n\u0131n 8. ay\u0131nday\u0131z ve insanlar\u0131n koronavir\u00fcs\u00fcn daha fazla yay\u0131lmas\u0131n\u0131 \u00f6nlemek i\u00e7in var olan d\u00fczenlemeleri tehlikeli bir \u015fekilde ihlal etmelerinin hi\u00e7bir mazereti olamaz.&#8221; dedi.<\/p><div id=\"briti-31548383\" class=\"briti-icerik\" style=\"margin-top: 5px;margin-bottom: 5px;\"><a href=\"https:\/\/piaryum.com\/services\/\" aria-label=\"piaryum banner\"><img loading=\"lazy\" decoding=\"async\" src=\"https:\/\/by-tv.co.uk\/wp-content\/uploads\/2025\/12\/Gemini_Generated_Image_g5yqr1g5yqr1g5yq.jpg\" alt=\"\"  width=\"2064\" height=\"1152\"   \/><\/a><\/div>\n<p><strong>&#8220;G\u00d6ZALTI SAYISININ ARTMASINI BEKL\u0130YORUZ&#8221;<\/strong><\/p>\n<p>Ancak kalabal\u0131\u011f\u0131n yeni d\u00fczenlemeleri g\u00f6rmezden gelmeyi ve sorumsuzca davranmay\u0131 se\u00e7ti\u011fini kaydeden Connors, &#8220;Bu ki\u015filerin 100&#8217;den fazlas\u0131 g\u00f6zalt\u0131na al\u0131nd\u0131 ve \u015fimdi yapt\u0131klar\u0131n\u0131n sonu\u00e7lar\u0131yla y\u00fczle\u015fmek zorunda kalacaklar. Polis operasyonlar\u0131 devam etmekte ve g\u00f6zalt\u0131 say\u0131s\u0131n\u0131n artmas\u0131n\u0131 bekliyoruz.&#8221; ifadesini kulland\u0131.<\/p>\n<p>Trafalgar Meydan\u0131 ve Oxford Caddesi&#8217;ndeki m\u00fcdahalelerin ard\u0131ndan g\u00f6stericiler, b\u00fcy\u00fck \u00f6l\u00e7\u00fcde da\u011f\u0131ld\u0131. Eyleme liderlik eden isimlerden olan eski \u0130\u015f\u00e7i Partisi lideri Jeremy Corbyn&#8217;nin karde\u015fi Piers Corbyn&#8217;in de g\u00f6zalt\u0131na al\u0131nd\u0131\u011f\u0131 g\u00f6r\u00fcld\u00fc.<\/p>\n<p><strong>\u00d6ZG\u00dcRL\u00dcK SLOGANLARI<\/strong><\/p>\n<p>\u00d6nlemlere ra\u011fmen yerel saatle 18.00&#8217;de (TS\u0130 21.00) g\u00f6stericiler, Trafalgar Meydan\u0131&#8217;nda toplanmaya ba\u015flam\u0131\u015ft\u0131.<\/p>\n<p>\u0130lerleyen saatlerde ba\u015fka bir grup da Oxford Caddesi&#8217;nde y\u00fcr\u00fcy\u00fc\u015fe ge\u00e7mi\u015f, polis uyar\u0131lar\u0131n ard\u0131ndan eyleme m\u00fcdahale ederek, g\u00f6stericileri g\u00f6zalt\u0131na almaya ba\u015flam\u0131\u015ft\u0131.<\/p>\n<p><strong>\u0130K\u0130NC\u0130 ULUSAL KARANT\u0130NA KARARI<\/strong><\/p>\n<p>&#8220;Evde kal\u0131n. Ulusal Sa\u011fl\u0131k Hizmetlerini koruyun. Hayat kurtar\u0131n.&#8221; \u00e7a\u011fr\u0131s\u0131 yapan Ba\u015fbakan Boris Johnson&#8217;\u0131n a\u00e7\u0131klamas\u0131na g\u00f6re, 5 Kas\u0131m&#8217;da ba\u015flayan karantina 2 Aral\u0131k&#8217;a kadar devam edecek.<\/p>\n<p>Karantina kapsam\u0131nda temel \u00fcr\u00fcnlerin sat\u0131ld\u0131\u011f\u0131 marketler ve eczaneler hari\u00e7 t\u00fcm perakende ma\u011fazalar\u0131, kuaf\u00f6r salonlar\u0131 ve g\u00fczellik merkezi gibi i\u015fletmeler kapat\u0131ld\u0131.<\/p>\n<p>Kapat\u0131lan bar ve restoranlar\u0131n sadece paket servisi yapabilece\u011fi a\u00e7\u0131kland\u0131.<\/p>\n<p>Kurallara g\u00f6re, m\u00fcmk\u00fcn oldu\u011funca evden \u00e7al\u0131\u015f\u0131lacak; insanlar yaln\u0131zca e\u011fitim, i\u015f, yiyecek al\u0131\u015fveri\u015fi ve egzersiz gibi belirli sebeplerle evlerinden \u00e7\u0131kabilecek.<\/p>\n<p>Farkl\u0131 hane halk\u0131 \u00fcyeleri, kapal\u0131 mekanda bir araya gelemeyecek, a\u00e7\u0131k alanda ise ba\u015fka bir haneden en fazla bir ki\u015fiyle g\u00f6r\u00fc\u015f\u00fclebilecek.<\/p>\n<p>E\u011fitim ve i\u015f harici yurt i\u00e7i ve yurt d\u0131\u015f\u0131 seyahat yap\u0131lamayacak, evliliklere de ancak \u00e7iftlerden birinin \u00f6l\u00fcmc\u00fcl hastal\u0131\u011f\u0131 olmas\u0131 durumunda izin verilecek, d\u00fc\u011f\u00fcn t\u00f6reni 6 ki\u015fiyle s\u0131n\u0131rland\u0131r\u0131lacak.<\/p>\n<p>Marttaki ilk karantinan\u0131n aksine, okullar ve \u00fcniversiteler a\u00e7\u0131k kalmaya devam edecek.<\/p>\n<p>Kaynak AA<\/p>\n<div id=\"briti-3877780177\" class=\"briti-icerikten-sonra_2\" style=\"margin-top: 25px;margin-bottom: 25px;\"><a href=\"https:\/\/wa.me\/message\/NDZLLIOQT4H3O1\" aria-label=\"bytv reklam banner\"><img loading=\"lazy\" decoding=\"async\" src=\"https:\/\/by-tv.co.uk\/wp-content\/uploads\/2025\/12\/bytv-reklam-banner.jpg\" alt=\"\"  width=\"2376\" height=\"1008\"   \/><\/a><\/div>","protected":false},"excerpt":{"rendered":"<p>Londra&#8217;daki karantina kar\u015f\u0131t\u0131 eyleme polis m\u00fcdahale etti. Londra polisinden yap\u0131lan a\u00e7\u0131klamada, ulusal karantinaya ra\u011fmen g\u00f6steriler d\u00fczenlendi\u011fi belirtildi. Kalabal\u0131klar\u0131n toplanmaya ba\u015flamas\u0131yla polislerin g\u00f6stericileri evlerine gitmeleri konusunda uyard\u0131\u011f\u0131 ancak bu uyar\u0131lara riayet edilmedi\u011fi i\u00e7in 104 ki\u015finin g\u00f6zalt\u0131na al\u0131nd\u0131\u011f\u0131 aktar\u0131ld\u0131. AA&#8217;n\u0131n haberine g\u00f6re; m\u00fcdahaleyi y\u00f6neten Polis \u015eefi Jane Connors da konuya ili\u015fkin, &#8220;Bu ak\u015fam as\u0131l \u00f6nceli\u011fimiz, Londral\u0131lar\u0131 g\u00fcvende tutmakt\u0131. Salg\u0131n\u0131n 8. ay\u0131nday\u0131z ve insanlar\u0131n koronavir\u00fcs\u00fcn daha fazla yay\u0131lmas\u0131n\u0131 \u00f6nlemek i\u00e7in var olan d\u00fczenlemeleri tehlikeli bir \u015fekilde ihlal etmelerinin hi\u00e7bir mazereti olamaz.&#8221; dedi. &#8220;G\u00d6ZALTI SAYISININ ARTMASINI BEKL\u0130YORUZ&#8221; Ancak kalabal\u0131\u011f\u0131n yeni d\u00fczenlemeleri g\u00f6rmezden gelmeyi ve sorumsuzca davranmay\u0131 se\u00e7ti\u011fini kaydeden Connors, &#8220;Bu ki\u015filerin 100&#8217;den fazlas\u0131 g\u00f6zalt\u0131na [&hellip;]<\/p>\n","protected":false},"author":1,"featured_media":0,"comment_status":"open","ping_status":"open","sticky":false,"template":"","format":"standard","meta":{"ngg_post_thumbnail":0,"footnotes":""},"categories":[15],"tags":[],"class_list":["post-6578","post","type-post","status-publish","format-standard","hentry","category-ingiltere"],"_links":{"self":[{"href":"https:\/\/by-tv.co.uk\/en\/wp-json\/wp\/v2\/posts\/6578","targetHints":{"allow":["GET"]}}],"collection":[{"href":"https:\/\/by-tv.co.uk\/en\/wp-json\/wp\/v2\/posts"}],"about":[{"href":"https:\/\/by-tv.co.uk\/en\/wp-json\/wp\/v2\/types\/post"}],"author":[{"embeddable":true,"href":"https:\/\/by-tv.co.uk\/en\/wp-json\/wp\/v2\/users\/1"}],"replies":[{"embeddable":true,"href":"https:\/\/by-tv.co.uk\/en\/wp-json\/wp\/v2\/comments?post=6578"}],"version-history":[{"count":0,"href":"https:\/\/by-tv.co.uk\/en\/wp-json\/wp\/v2\/posts\/6578\/revisions"}],"wp:attachment":[{"href":"https:\/\/by-tv.co.uk\/en\/wp-json\/wp\/v2\/media?parent=6578"}],"wp:term":[{"taxonomy":"category","embeddable":true,"href":"https:\/\/by-tv.co.uk\/en\/wp-json\/wp\/v2\/categories?post=6578"},{"taxonomy":"post_tag","embeddable":true,"href":"https:\/\/by-tv.co.uk\/en\/wp-json\/wp\/v2\/tags?post=6578"}],"curies":[{"name":"wp","href":"https:\/\/api.w.org\/{rel}","templated":true}]}}