{"id":6474,"date":"2020-11-01T21:54:13","date_gmt":"2020-11-01T18:54:13","guid":{"rendered":"https:\/\/by-tv.co.uk\/?p=6474"},"modified":"2020-11-01T22:10:19","modified_gmt":"2020-11-01T19:10:19","slug":"ingiltere-hukumet-yeni-yardim-paketini-acikladi","status":"publish","type":"post","link":"https:\/\/by-tv.co.uk\/en\/ingiltere-hukumet-yeni-yardim-paketini-acikladi\/","title":{"rendered":"\u0130ngiltere h\u00fck\u00fcmeti yeni yard\u0131m paketini a\u00e7\u0131klad\u0131"},"content":{"rendered":"<p>\u0130ngiltere h\u00fck\u00fcmeti koronavir\u00fcsle m\u00fccadele i\u00e7in yeni lockdown (k\u0131smi karantina)ilan etti. Birle\u015fik Krall\u0131k\u2019ta vaka say\u0131s\u0131 1 milyonu a\u015ft\u0131. \u0130ngiltere Ba\u015fbakan\u0131 Boris Johnson, artan corona vir\u00fcs\u00fc vakalar\u0131 nedeniyle \u00fclke genelinde 4 haftal\u0131k k\u0131smi karantina karar\u0131 ald\u0131.Bu d\u00f6nemde kapanacak i\u015fletmeler ve ondan etkilenen halk\u00a0 i\u00e7in Maliye Bakan\u0131 da yeni te\u015fvik ve hibe paketi yay\u0131nlad\u0131.<\/p>\n<p>Ba\u015fbakan, h\u00fck\u00fcmetin Furlough plan\u0131 olarak da bilinen Coronavirus \u0130\u015f Tutma Plan\u0131n\u0131n (CJRS) Aral\u0131k ay\u0131na kadar devam edece\u011fini, \u00e7al\u0131\u015fanlar\u0131n \u00e7al\u0131\u015fmad\u0131\u011f\u0131 saatlerde mevcut maa\u015flar\u0131n\u0131n % 80&#8217;ini, maksimum 2.500 \u00a3 &#8216;a kadar devlet taraf\u0131ndan kar\u015f\u0131lanaca\u011f\u0131n\u0131 s\u00f6yledi.<\/p>\n<p><img loading=\"lazy\" decoding=\"async\" class=\"alignleft size-full wp-image-6466\" src=\"https:\/\/by-tv.co.uk\/wp-content\/uploads\/2020\/11\/e5a06814-3be1-466a-b4b0-80de033b3f38.jpg\" alt=\"\" width=\"1600\" height=\"580\" title=\"\"><\/p>\n<h4>Geni\u015fletilmi\u015f \u015fema alt\u0131nda<\/h4>\n<p>\u0130\u015f\u00e7ileri tutman\u0131n i\u015fverenler i\u00e7in maliyeti, 31 Ekim&#8217;de sona eren mevcut programa k\u0131yasla azalacak. Bu, uzat\u0131lm\u0131\u015f izin plan\u0131n\u0131n i\u015fverenler i\u00e7in Ekim ay\u0131na g\u00f6re daha c\u00f6mert oldu\u011fu anlam\u0131na geliyor.<\/p><div id=\"briti-1552381788\" class=\"briti-icerik\" style=\"margin-top: 5px;margin-bottom: 5px;\"><a href=\"https:\/\/piaryum.com\/services\/\" aria-label=\"piaryum banner\"><img loading=\"lazy\" decoding=\"async\" src=\"https:\/\/by-tv.co.uk\/wp-content\/uploads\/2025\/12\/Gemini_Generated_Image_g5yqr1g5yqr1g5yq.jpg\" alt=\"\"  width=\"2064\" height=\"1152\"   \/><\/a><\/div>\n<p>Ayr\u0131ca, \u0130ngiltere&#8217;de kapanmaya zorlanan i\u015f yerleri, Yerel K\u0131s\u0131tlamalar Destek \u00d6dene\u011fi kapsam\u0131nda ayda 3.000 \u00a3 &#8216;a kadar hibe alacak. Bunun yan\u0131nda i\u015fletmeleri daha geni\u015f kapsamda desteklemelerini sa\u011flamak \u00fczere tek seferlik \u00f6demeler i\u00e7in Yerel Y\u00f6netimlere ki\u015fi ba\u015f\u0131na 20 sterlin olarak da\u011f\u0131t\u0131lan 1.1 milyar sterlin verilecek.<\/p>\n<p>Mortgage taksitleri olan ev sahiplerine de kolayl\u0131k sa\u011flamak i\u00e7in, taksit ertelemeleri devam edecek.<\/p>\n<h4>Maliye Bakan\u0131 Rishi Sunak &#8220;Zorlu bir k\u0131\u015fla kar\u015f\u0131yay\u0131z&#8221;<\/h4>\n<p>&#8220;Bu krizde ge\u00e7ti\u011fimiz sekiz ay boyunca milyonlarca insan\u0131n ailelerine bakmaya devam etmesine yard\u0131mc\u0131 olduk. Ama \u015fimdi d\u00fcnyadaki di\u011fer bir\u00e7ok \u00fclke gibi ileride zorlu bir k\u0131\u015fla kar\u015f\u0131 kar\u015f\u0131yay\u0131z.<\/p>\n<p>Durum geli\u015ftik\u00e7e ne gerekiyorsa yapaca\u011f\u0131m\u0131z\u0131 her zaman s\u00f6ylemi\u015fimdir. \u015eimdi, k\u0131s\u0131tlamalar zorla\u015ft\u0131k\u00e7a\u00a0 i\u015fleri ve i\u015fletmeleri korumak i\u00e7in daha fazla finansal destek sa\u011flamak i\u00e7in ad\u0131mlar at\u0131yoruz. Bu de\u011fi\u015fiklikler, Birle\u015fik Krall\u0131k&#8217;taki insanlar i\u00e7in hayati bir g\u00fcvenlik a\u011f\u0131 sa\u011flayacakt\u0131r.&#8221;<\/p>\n<div id=\"attachment_5841\" style=\"width: 1130px\" class=\"wp-caption alignleft\"><img loading=\"lazy\" decoding=\"async\" aria-describedby=\"caption-attachment-5841\" class=\"size-full wp-image-5841\" src=\"https:\/\/by-tv.co.uk\/wp-content\/uploads\/2020\/09\/20200924_2_44515341_58387616.jpg\" alt=\"\" width=\"1120\" height=\"630\" title=\"\"><p id=\"caption-attachment-5841\" class=\"wp-caption-text\">Bilal Acar &#8211; Anadolu Ajans\u0131<\/p><\/div>\n<h4>\u0130\u015f Tutma Plan\u0131<\/h4>\n<p>K\u00fc\u00e7\u00fck veya b\u00fcy\u00fck hay\u0131r kurumu olan veya kar amac\u0131 g\u00fctmeyen i\u015fverenler, bir ay daha fazla devam edecek olan uzat\u0131lm\u0131\u015f \u0130\u015f Tutma Program\u0131dan faydalanabilecekler.<\/p>\n<p>\u0130\u015fletmeler, izinli \u00e7al\u0131\u015fanlar\u0131 yar\u0131 zamanl\u0131 olarak veya tam zamanl\u0131 olarak i\u015fe geri getirme esnekli\u011fine sahip olacak ve yaln\u0131zca ortalama talep i\u00e7in toplam\u0131n sadece % 5&#8217;ini olu\u015fturan istihdam maliyetleri olan Ulusal Sigorta ve i\u015fveren emeklilik katk\u0131lar\u0131n\u0131 kar\u015f\u0131lamalar\u0131 istenecektir.<\/p>\n<h4>Mortgage Ertelemeleri<\/h4>\n<p>Mortgage \u00f6deme ertelemeleri sona ermeyecek.<br \/>\nKoronavir\u00fcsten etkilenen ve hen\u00fcz bir ipotek \u00f6deme ertelemesi ge\u00e7irmemi\u015f olan bor\u00e7lular alt\u0131 ayl\u0131k erteleme hakk\u0131na sahip olacaklar ve halihaz\u0131rda bir ipotek \u00f6deme ertelemesi ba\u015flatm\u0131\u015f olanlar, bu durum kay\u0131t alt\u0131na al\u0131nmadan alt\u0131 aya kadar daha gecikmelerden etkilenmeyecek.<\/p>\n<h4>\u0130\u015fletme Hibeleri<\/h4>\n<p>Yerel veya ulusal k\u0131s\u0131tlamalar nedeniyle \u0130ngiltere&#8217;de kapanmas\u0131 gereken i\u015fletmeler a\u015fa\u011f\u0131daki desteklerden yararlanabilecektir.<\/p>\n<p>Rates de\u011feri 15.000 \u00a3 veya alt\u0131nda olan m\u00fclkler i\u00e7in hibeler ayda 1.334 \u00a3 veya iki hafta i\u00e7in \u00a3 667;<\/p>\n<p>Rates de\u011feri 15.000 &#8211; 51.000 \u00a3 aras\u0131nda olan m\u00fclkler i\u00e7in hibelerin ayl\u0131k 2.000 \u00a3 veya \u00a3 1 olmas\u0131,<\/p>\n<p>Rates de\u011feri 51.000 \u00a3 veya \u00fczerinde olan m\u00fclkler i\u00e7in ayl\u0131k 3.000 \u00a3 veya iki hafta i\u00e7in 1.500 \u00a3<\/p>\n<p>\u0130zin program\u0131, i\u015fletmeler i\u00e7in vergi ertelemeleri ve hibelerdeki milyarlarca pound&#8217;a ek olarak Birle\u015fik Krall\u0131k&#8217;ta dokuz milyondan fazla i\u015fi korudu ve serbest meslek sahipleri 13 milyar sterlinin \u00fczerinde destek ald\u0131.<\/p>\n<h4>\u0130\u015f Tutma Plan\u0131<\/h4>\n<p>Bu geni\u015fletilmi\u015f \u0130\u015f Tutma Plan\u0131, \u00f6nceki programda oldu\u011fu gibi i\u015fleyecektir ve i\u015f yerlerine \u00fccret maliyetlerini kar\u015f\u0131lamak i\u00e7in \u00f6nceden \u00f6deme yap\u0131lacakt\u0131r.<\/p>\n<p>Program\u0131n yasal \u015fartlar\u0131n\u0131 de\u011fi\u015ftirmemiz ve sistemi g\u00fcncellememiz gereken k\u0131sa bir d\u00f6nem olacak ve i\u015fletmelere bu s\u00fcre i\u00e7in gecikmi\u015f olarak \u00f6denecek.<\/p>\n<p>CJRS Aral\u0131k ay\u0131na kadar uzat\u0131lacak. Hibenin seviyesi CJRS kapsam\u0131nda A\u011fustos ay\u0131nda mevcut olan seviyelerin ayn\u0131s\u0131 olacak, bu nedenle h\u00fckumet 2.500 \u00a3 &#8216;a kadar olan \u00fccretlerin% 80&#8217;ini \u00f6deyecek .<\/p>\n<p>\u0130\u015fverenler Ulusal Sigorta Katk\u0131lar\u0131 (NIC&#8217;ler) ve emeklilik katk\u0131 paylar\u0131n\u0131 yaln\u0131zca \u00e7al\u0131\u015fan\u0131n \u00e7al\u0131\u015fmad\u0131\u011f\u0131 saatler i\u00e7in \u00f6deyecek.<\/p>\n<p>Mevcut CJRS&#8217;de oldu\u011fu gibi, tam zamanl\u0131 ge\u00e7i\u015fe ek olarak esnek ge\u00e7i\u015fe izin verilecektir.<\/p>\n<p>G\u00fcncellenmi\u015f bir talep servisi arac\u0131l\u0131\u011f\u0131yla bu geni\u015fletilmi\u015f deste\u011fin nas\u0131l talep edilece\u011fi dahil daha fazla ayr\u0131nt\u0131,k\u0131sa s\u00fcre i\u00e7inde sa\u011flanacakt\u0131r.<br \/>\n\u0130\u015f Destek Program\u0131 CJRS&#8217;nin bitiminden sonra tan\u0131t\u0131lacakt\u0131r.<\/p>\n<h4>Kimler faydalanabilir?<\/h4>\n<p>Birle\u015fik Krall\u0131k banka hesab\u0131 ve Birle\u015fik Krall\u0131k PAYE programlar\u0131 olan t\u00fcm i\u015fverenler hibeyi talep edebilir. Ne i\u015fveren ne de \u00e7al\u0131\u015fan\u0131n \u00f6nceden CJRS&#8217;yi kullanm\u0131\u015f olmas\u0131 gerekmez.<\/p>\n<ul>\n<li>H\u00fck\u00fcmet, devlet taraf\u0131ndan finanse edilen kurulu\u015flar\u0131n, CJRS \u00f6rne\u011finde oldu\u011fu gibi program\u0131 kullanmamas\u0131n\u0131 beklemektedir, ancak k\u0131smen kamu taraf\u0131ndan finanse edilen kurulu\u015flar, \u00f6zel gelirleri kesintiye u\u011frad\u0131\u011f\u0131nda uygun olabilir. Di\u011fer t\u00fcm uygunluk ko\u015fullar\u0131 bu i\u015fverenler i\u00e7in ge\u00e7erlidir.<\/li>\n<\/ul>\n<ul>\n<li>Bu destek kapsam\u0131nda hak talebinde bulunulmaya uygun olmak i\u00e7in, \u00e7al\u0131\u015fanlar\u0131n 30 Ekim 2020 23:59 tarihine kadar bir i\u015fverenin PAYE maa\u015f bordrosunda olmas\u0131 gerekir. Bu, s\u00f6z konusu \u00e7al\u0131\u015fan\u0131n HMRC\u2019ye \u00f6demesini bildiren Ger\u00e7ek Zamanl\u0131 Bilgi (RTI) sunumunun \u015fu tarihte yap\u0131lm\u0131\u015f olmas\u0131 gerekti\u011fi anlam\u0131na gelir: 30 Ekim 2020\u2019den \u00f6nce.<\/li>\n<\/ul>\n<h4>* Mevcut CJRS kurallar\u0131nca<\/h4>\n<ul>\n<li>\u00c7al\u0131\u015fanlar her t\u00fcrl\u00fc s\u00f6zle\u015fmeye tabii olabilir. \u0130\u015fverenler, \u00e7al\u0131\u015fanlarla herhangi bir \u00e7al\u0131\u015fma d\u00fczenlemesi \u00fczerinde anla\u015fabilecektir.<\/li>\n<li>\u0130\u015fverenler, \u00e7al\u0131\u015fanlar\u0131n\u0131n \u00e7al\u0131\u015fmad\u0131\u011f\u0131 saatler i\u00e7in hibe talebinde bulunabilirler ve bir talep d\u00f6neminde \u00e7al\u0131\u015ft\u0131klar\u0131 ola\u011fan \u00e7al\u0131\u015fma saatlerine g\u00f6re hesaplan\u0131r.<\/li>\n<li>Bu t\u00fcr hesaplamalar genel olarak \u015fu anda CJRS uyar\u0131nca ayn\u0131 metodolojiyi takip edecektir.<\/li>\n<li>\u0130zin verilen saatler i\u00e7in CJRS hibesi talep ederken, i\u015fverenlerin en az 7 i\u015f g\u00fcn\u00fc \u00fcst \u00fcste rapor vermesi ve talepte bulunmas\u0131 gerekecektir.<\/li>\n<li>\u0130\u015fverenlerin \u00e7al\u0131\u015f\u0131lan saatleri ve bir \u00e7al\u0131\u015fan\u0131n bir talep d\u00f6neminde \u00e7al\u0131\u015fmas\u0131 beklenen ola\u011fan saatleri bildirmesi gerekecektir.<\/li>\n<li>\u00c7al\u0131\u015fma saatleri i\u00e7in, \u00e7al\u0131\u015fanlar, i\u015f s\u00f6zle\u015fmelerine tabi olarak i\u015fverenleri taraf\u0131ndan \u00f6denecek ve i\u015fverenler bu tutarlar \u00fczerinden \u00f6denmesi gereken vergi ve NIC&#8217;leri \u00f6demekten sorumlu olacakt\u0131r.<\/li>\n<\/ul>\n<h4>Hangi destekler sa\u011flan\u0131yor ve i\u015fveren maliyetleri<\/h4>\n<ul>\n<li>\u00c7al\u0131\u015fan taraf\u0131ndan \u00e7al\u0131\u015f\u0131lmayan saatler i\u00e7in h\u00fck\u00fcmet, 2.500 sterline kadar \u00fccretlerin% 80&#8217;ini \u00f6deyecek.<\/li>\n<li>Hibe, \u00e7al\u0131\u015fana tam olarak \u00f6denmelidir.<\/li>\n<li>\u0130\u015fverenler, i\u015fveren NIC&#8217;lerini ve emeklilik katk\u0131 paylar\u0131n\u0131 \u00f6deyecek ve \u00e7al\u0131\u015fana normal \u015fekilde \u00e7al\u0131\u015ft\u0131\u011f\u0131 saatler i\u00e7in \u00f6deme yapmaya devam etmelidir.<\/li>\n<li>Mevcut CJRS&#8217;de oldu\u011fu gibi, i\u015fverenler, isterlerse yine de, program \u00f6dene\u011finin \u00fczerinde \u00e7al\u0131\u015fan \u00fccretlerini masraflar\u0131 kendilerine ait olacak \u015fekilde tamamlamay\u0131 se\u00e7ebilirler.<\/li>\n<li>H\u00fck\u00fcmet, Kas\u0131m ay\u0131nda \u00e7al\u0131\u015fan \u00fccret maliyetleri ile ilgili ilk taleplerin ne zaman yap\u0131labilece\u011fini k\u0131sa bir s\u00fcre sonra teyit edecek, ancak CJRS&#8217;nin \u00f6nceden duyurulan biti\u015f tarihi ile bu uzatma aras\u0131nda destek i\u00e7in uygunluk a\u00e7\u0131s\u0131ndan herhangi bir bo\u015fluk olmayacak.<\/li>\n<\/ul>\n<div id=\"briti-1521001481\" class=\"briti-icerikten-sonra_2\" style=\"margin-top: 25px;margin-bottom: 25px;\"><a href=\"https:\/\/wa.me\/message\/NDZLLIOQT4H3O1\" aria-label=\"bytv reklam banner\"><img loading=\"lazy\" decoding=\"async\" src=\"https:\/\/by-tv.co.uk\/wp-content\/uploads\/2025\/12\/bytv-reklam-banner.jpg\" alt=\"\"  width=\"2376\" height=\"1008\"   \/><\/a><\/div>","protected":false},"excerpt":{"rendered":"<p>\u0130ngiltere h\u00fck\u00fcmeti koronavir\u00fcsle m\u00fccadele i\u00e7in yeni lockdown (k\u0131smi karantina)ilan etti. Birle\u015fik Krall\u0131k\u2019ta vaka say\u0131s\u0131 1 milyonu a\u015ft\u0131. \u0130ngiltere Ba\u015fbakan\u0131 Boris Johnson, artan corona vir\u00fcs\u00fc vakalar\u0131 nedeniyle \u00fclke genelinde 4 haftal\u0131k k\u0131smi karantina karar\u0131 ald\u0131.Bu d\u00f6nemde kapanacak i\u015fletmeler ve ondan etkilenen halk\u00a0 i\u00e7in Maliye Bakan\u0131 da yeni te\u015fvik ve hibe paketi yay\u0131nlad\u0131. Ba\u015fbakan, h\u00fck\u00fcmetin Furlough plan\u0131 olarak da bilinen Coronavirus \u0130\u015f Tutma Plan\u0131n\u0131n (CJRS) Aral\u0131k ay\u0131na kadar devam edece\u011fini, \u00e7al\u0131\u015fanlar\u0131n \u00e7al\u0131\u015fmad\u0131\u011f\u0131 saatlerde mevcut maa\u015flar\u0131n\u0131n % 80&#8217;ini, maksimum 2.500 \u00a3 &#8216;a kadar devlet taraf\u0131ndan kar\u015f\u0131lanaca\u011f\u0131n\u0131 s\u00f6yledi. Geni\u015fletilmi\u015f \u015fema alt\u0131nda \u0130\u015f\u00e7ileri tutman\u0131n i\u015fverenler i\u00e7in maliyeti, 31 Ekim&#8217;de sona eren mevcut programa k\u0131yasla azalacak. [&hellip;]<\/p>\n","protected":false},"author":1,"featured_media":0,"comment_status":"open","ping_status":"open","sticky":false,"template":"","format":"standard","meta":{"ngg_post_thumbnail":0,"footnotes":""},"categories":[1272,15],"tags":[430,685,2154,808,2152,2153,758,1550,1845,855],"class_list":["post-6474","post","type-post","status-publish","format-standard","hentry","category-ekonomi","category-ingiltere","tag-birlesik-krallik","tag-boris-johanson","tag-cjrs","tag-covid-19","tag-ekonomi-destek-paketi","tag-is-tutma-plani","tag-korona-virus","tag-pandemi","tag-pandemi-onlemleri","tag-rishi-sunak"],"_links":{"self":[{"href":"https:\/\/by-tv.co.uk\/en\/wp-json\/wp\/v2\/posts\/6474","targetHints":{"allow":["GET"]}}],"collection":[{"href":"https:\/\/by-tv.co.uk\/en\/wp-json\/wp\/v2\/posts"}],"about":[{"href":"https:\/\/by-tv.co.uk\/en\/wp-json\/wp\/v2\/types\/post"}],"author":[{"embeddable":true,"href":"https:\/\/by-tv.co.uk\/en\/wp-json\/wp\/v2\/users\/1"}],"replies":[{"embeddable":true,"href":"https:\/\/by-tv.co.uk\/en\/wp-json\/wp\/v2\/comments?post=6474"}],"version-history":[{"count":0,"href":"https:\/\/by-tv.co.uk\/en\/wp-json\/wp\/v2\/posts\/6474\/revisions"}],"wp:attachment":[{"href":"https:\/\/by-tv.co.uk\/en\/wp-json\/wp\/v2\/media?parent=6474"}],"wp:term":[{"taxonomy":"category","embeddable":true,"href":"https:\/\/by-tv.co.uk\/en\/wp-json\/wp\/v2\/categories?post=6474"},{"taxonomy":"post_tag","embeddable":true,"href":"https:\/\/by-tv.co.uk\/en\/wp-json\/wp\/v2\/tags?post=6474"}],"curies":[{"name":"wp","href":"https:\/\/api.w.org\/{rel}","templated":true}]}}