{"id":6397,"date":"2020-10-30T01:51:35","date_gmt":"2020-10-29T22:51:35","guid":{"rendered":"https:\/\/by-tv.co.uk\/?p=6397"},"modified":"2020-10-30T01:51:35","modified_gmt":"2020-10-29T22:51:35","slug":"chp-genel-baskani-kilicdaroglu-cumhuriyetimizi-demokrasiyle-taclandirmak-zorundayiz","status":"publish","type":"post","link":"https:\/\/by-tv.co.uk\/en\/chp-genel-baskani-kilicdaroglu-cumhuriyetimizi-demokrasiyle-taclandirmak-zorundayiz\/","title":{"rendered":"CHP Genel Ba\u015fkan\u0131 K\u0131l\u0131\u00e7daro\u011flu: Cumhuriyetimizi demokrasiyle ta\u00e7land\u0131rmak zorunday\u0131z"},"content":{"rendered":"<p>Kemal K\u0131l\u0131\u00e7daro\u011flu, Cumhuriyet&#8217;in ilan\u0131n\u0131n 97&#8217;nci y\u0131l d\u00f6n\u00fcm\u00fc dolay\u0131s\u0131yla Ulus&#8217;taki Birinci Meclis&#8217;i ziyaret etti.<\/p>\n<p>Ziyaretinin ard\u0131ndan bas\u0131n mensuplar\u0131na a\u00e7\u0131klamalarda bulunan CHP lideri K\u0131l\u0131\u00e7daro\u011flu, 97 y\u0131l \u00f6nce bu binada alk\u0131\u015flar, g\u00f6zya\u015flar\u0131 ve kucakla\u015fmalar\u0131n ya\u015fand\u0131\u011f\u0131n\u0131, Cumhuriyet ilan edildi\u011fini s\u00f6yledi.<\/p>\n<p>Kemal K\u0131l\u0131\u00e7daro\u011flu, &#8220;Cumhuriyet&#8217;in ne oldu\u011funu, ne kadar de\u011ferli oldu\u011funu onlar bizden \u00e7ok daha iyi biliyorlard\u0131. \u00c7\u00fcnk\u00fc onlar sava\u015f meydanlar\u0131ndan gelmi\u015flerdi, bedel \u00f6demi\u015flerdi, arkada\u015flar\u0131n\u0131 topra\u011fa g\u00f6mm\u00fc\u015flerdi ve dolay\u0131s\u0131yla Cumhuriyet&#8217;in ilan\u0131 bizim en b\u00fcy\u00fck devrimimizdir.&#8221; diye konu\u015ftu.<\/p><div id=\"briti-2063109248\" class=\"briti-icerik\" style=\"margin-top: 5px;margin-bottom: 5px;\"><a href=\"https:\/\/piaryum.com\/services\/\" aria-label=\"piaryum banner\"><img loading=\"lazy\" decoding=\"async\" src=\"https:\/\/by-tv.co.uk\/wp-content\/uploads\/2025\/12\/Gemini_Generated_Image_g5yqr1g5yqr1g5yq.jpg\" alt=\"\"  width=\"2064\" height=\"1152\"   \/><\/a><\/div>\n<h4>Cumhuriyetimizi demokrasiyle ta\u00e7land\u0131rmak zorunday\u0131z<\/h4>\n<p>\u0130lk Anayasa&#8217;da yaz\u0131ld\u0131\u011f\u0131 \u015fekliyle &#8220;Hakimiyet bilakay\u0131du\u015fart milletindir&#8221; ifadesinin asl\u0131nda Cumhuriyet&#8217;in getirdi\u011fi g\u00fczel bir kavram oldu\u011funu, halk\u0131 her \u015feyin \u00fcst\u00fcnde tutma anlam\u0131na geldi\u011fini vurgulayan K\u0131l\u0131\u00e7daro\u011flu, \u015funlar\u0131 kaydetti:<\/p>\n<p>&#8220;Bu binay\u0131 bug\u00fcn gezdim. \u0130kinci y\u00fczy\u0131la do\u011fru gidiyoruz. \u0130kinci y\u00fczy\u0131lda Cumhuriyetimizi demokrasiyle ta\u00e7land\u0131rmak zorunday\u0131z. E\u011fer bu \u00fclkede, 1921 Anayasas\u0131&#8217;nda yaz\u0131ld\u0131\u011f\u0131 gibi hakimiyet bilakay\u0131du\u015fart milletin olacaksa, milletten korkmamak laz\u0131m, milletin oyuna ba\u015fvurmaktan korkmamak laz\u0131m. Milletin taleplerini, beklentilerini siyaset kurumunun dinlemesi, bilmesi gerekiyor.<\/p>\n<p>Zor g\u00fcnlerden ge\u00e7iyoruz. Ama \u015fundan b\u00fct\u00fcn milletimin emin olmas\u0131n\u0131 isterim, bu \u00fclke en zor g\u00fcnlerinde bile bir araya gelerek, bar\u0131\u015f i\u00e7inde b\u00fct\u00fcn zorluklar\u0131 a\u015fm\u0131\u015ft\u0131r, biz de a\u015faca\u011f\u0131z ve Cumhuriyet&#8217;in ikinci y\u00fczy\u0131l\u0131nda g\u00fczel Cumhuriyetimizi demokrasi ile ta\u00e7land\u0131raca\u011f\u0131z. Bu bina bizim i\u00e7in \u00e7ok de\u011ferli. \u0130\u00e7eride Cumhuriyet&#8217;i kuranlar bug\u00fcn aram\u0131zda yoklar. Onlar\u0131n her birisine tek tek \u015f\u00fckranlar\u0131m\u0131z\u0131 sunuyoruz. Rahmet diliyoruz. Onlar ger\u00e7ekten de bizi biz yapan de\u011ferlerdir. O de\u011ferlere sahip \u00e7\u0131kmak da bizim g\u00f6revimiz.&#8221;<\/p>\n<p>ANKARA (AA)<\/p>\n<p>&nbsp;<\/p>\n<div id=\"briti-3455401998\" class=\"briti-icerikten-sonra_2\" style=\"margin-top: 25px;margin-bottom: 25px;\"><a href=\"https:\/\/wa.me\/message\/NDZLLIOQT4H3O1\" aria-label=\"bytv reklam banner\"><img loading=\"lazy\" decoding=\"async\" src=\"https:\/\/by-tv.co.uk\/wp-content\/uploads\/2025\/12\/bytv-reklam-banner.jpg\" alt=\"\"  width=\"2376\" height=\"1008\"   \/><\/a><\/div>","protected":false},"excerpt":{"rendered":"<p>Kemal K\u0131l\u0131\u00e7daro\u011flu, Cumhuriyet&#8217;in ilan\u0131n\u0131n 97&#8217;nci y\u0131l d\u00f6n\u00fcm\u00fc dolay\u0131s\u0131yla Ulus&#8217;taki Birinci Meclis&#8217;i ziyaret etti. Ziyaretinin ard\u0131ndan bas\u0131n mensuplar\u0131na a\u00e7\u0131klamalarda bulunan CHP lideri K\u0131l\u0131\u00e7daro\u011flu, 97 y\u0131l \u00f6nce bu binada alk\u0131\u015flar, g\u00f6zya\u015flar\u0131 ve kucakla\u015fmalar\u0131n ya\u015fand\u0131\u011f\u0131n\u0131, Cumhuriyet ilan edildi\u011fini s\u00f6yledi. Kemal K\u0131l\u0131\u00e7daro\u011flu, &#8220;Cumhuriyet&#8217;in ne oldu\u011funu, ne kadar de\u011ferli oldu\u011funu onlar bizden \u00e7ok daha iyi biliyorlard\u0131. \u00c7\u00fcnk\u00fc onlar sava\u015f meydanlar\u0131ndan gelmi\u015flerdi, bedel \u00f6demi\u015flerdi, arkada\u015flar\u0131n\u0131 topra\u011fa g\u00f6mm\u00fc\u015flerdi ve dolay\u0131s\u0131yla Cumhuriyet&#8217;in ilan\u0131 bizim en b\u00fcy\u00fck devrimimizdir.&#8221; diye konu\u015ftu. Cumhuriyetimizi demokrasiyle ta\u00e7land\u0131rmak zorunday\u0131z \u0130lk Anayasa&#8217;da yaz\u0131ld\u0131\u011f\u0131 \u015fekliyle &#8220;Hakimiyet bilakay\u0131du\u015fart milletindir&#8221; ifadesinin asl\u0131nda Cumhuriyet&#8217;in getirdi\u011fi g\u00fczel bir kavram oldu\u011funu, halk\u0131 her \u015feyin \u00fcst\u00fcnde tutma anlam\u0131na geldi\u011fini vurgulayan K\u0131l\u0131\u00e7daro\u011flu, \u015funlar\u0131 [&hellip;]<\/p>\n","protected":false},"author":1,"featured_media":0,"comment_status":"open","ping_status":"open","sticky":false,"template":"","format":"standard","meta":{"ngg_post_thumbnail":0,"footnotes":""},"categories":[1],"tags":[2115,2127,597,2126,1087,2117,2128],"class_list":["post-6397","post","type-post","status-publish","format-standard","hentry","category-genel","tag-29-ekim","tag-97nci-yil","tag-chp","tag-cumhuriyet","tag-kemal-kilicdaroglu","tag-mustafa-kemal-ataturk","tag-ulusal-egemenlik"],"_links":{"self":[{"href":"https:\/\/by-tv.co.uk\/en\/wp-json\/wp\/v2\/posts\/6397","targetHints":{"allow":["GET"]}}],"collection":[{"href":"https:\/\/by-tv.co.uk\/en\/wp-json\/wp\/v2\/posts"}],"about":[{"href":"https:\/\/by-tv.co.uk\/en\/wp-json\/wp\/v2\/types\/post"}],"author":[{"embeddable":true,"href":"https:\/\/by-tv.co.uk\/en\/wp-json\/wp\/v2\/users\/1"}],"replies":[{"embeddable":true,"href":"https:\/\/by-tv.co.uk\/en\/wp-json\/wp\/v2\/comments?post=6397"}],"version-history":[{"count":0,"href":"https:\/\/by-tv.co.uk\/en\/wp-json\/wp\/v2\/posts\/6397\/revisions"}],"wp:attachment":[{"href":"https:\/\/by-tv.co.uk\/en\/wp-json\/wp\/v2\/media?parent=6397"}],"wp:term":[{"taxonomy":"category","embeddable":true,"href":"https:\/\/by-tv.co.uk\/en\/wp-json\/wp\/v2\/categories?post=6397"},{"taxonomy":"post_tag","embeddable":true,"href":"https:\/\/by-tv.co.uk\/en\/wp-json\/wp\/v2\/tags?post=6397"}],"curies":[{"name":"wp","href":"https:\/\/api.w.org\/{rel}","templated":true}]}}