{"id":6394,"date":"2020-10-30T01:44:09","date_gmt":"2020-10-29T22:44:09","guid":{"rendered":"https:\/\/by-tv.co.uk\/?p=6394"},"modified":"2020-10-30T01:44:09","modified_gmt":"2020-10-29T22:44:09","slug":"odtulu-asli-kuskonmaz-uretimiyle-ihracatci-oldu","status":"publish","type":"post","link":"https:\/\/by-tv.co.uk\/en\/odtulu-asli-kuskonmaz-uretimiyle-ihracatci-oldu\/","title":{"rendered":"ODT\u00dc&#8217;l\u00fc Asl\u0131 &#8216;ku\u015fkonmaz&#8217; \u00fcretimiyle ihracat\u00e7\u0131 oldu"},"content":{"rendered":"<p>\u0130\u015f gezisi s\u0131ras\u0131nda yurt d\u0131\u015f\u0131nda lezzetinden etkilendi\u011fi ku\u015fkonmaz bitkisinin \u00fcretimine ba\u015flayan kad\u0131n giri\u015fimci Asl\u0131 Aksoy, birlikte \u00e7al\u0131\u015ft\u0131\u011f\u0131 kad\u0131nlar\u0131n deste\u011fiyle \u00fcretim kapasitesini 5 y\u0131lda 100 kat art\u0131rd\u0131.<\/p>\n<p>\u0130stanbul&#8217;da bir g\u0131da firmas\u0131nda pazarlama m\u00fcd\u00fcr\u00fc olarak \u00e7al\u0131\u015f\u0131rken New York&#8217;ta i\u015f gezisinde tatt\u0131\u011f\u0131 ku\u015fkonmazla hayat\u0131 de\u011fi\u015fen, Orta Do\u011fu Teknik \u00dcniversitesi (ODT\u00dc) \u0130\u015fletme B\u00f6l\u00fcm\u00fcnden mezun ve Ko\u00e7 \u00dcniversitesinde y\u00fcksek lisan\u0131n\u0131 tamamlayan 40 ya\u015f\u0131ndaki Aksoy, kariyerini b\u0131rak\u0131p memleketi Mu\u011fla&#8217;ya yerle\u015fti.<\/p>\n<p>\u0130lk etapta 2,5 d\u00f6n\u00fcml\u00fck bir arazide \u00fcretime ba\u015flayan ve sonu\u00e7lardan memnun kalan Aksoy, mahalleli kad\u0131nlar\u0131n da deste\u011fiyle \u00fcretim kapasitesini \u00f6nce 20 d\u00f6n\u00fcme, ard\u0131ndan da 40 d\u00f6n\u00fcme \u00e7\u0131kard\u0131.<\/p><div id=\"briti-4058604713\" class=\"briti-icerik\" style=\"margin-top: 5px;margin-bottom: 5px;\"><a href=\"https:\/\/piaryum.com\/services\/\" aria-label=\"piaryum banner\"><img loading=\"lazy\" decoding=\"async\" src=\"https:\/\/by-tv.co.uk\/wp-content\/uploads\/2025\/12\/Gemini_Generated_Image_g5yqr1g5yqr1g5yq.jpg\" alt=\"\"  width=\"2064\" height=\"1152\"   \/><\/a><\/div>\n<p><img decoding=\"async\" src=\"\/uploads\/userFiles\/7fc6ad83-e801-4dd2-b1c1-974abd5a6af0\/2020%2FEkim%2Fanadoluimages_20703674.jpg\" alt=\"\" title=\"\">Y\u0131lda yakla\u015f\u0131k 20 tonluk \u00fcretim kapasitesine ula\u015fan Asl\u0131 Aksoy, orta\u011f\u0131 Bu\u011fra T\u00fcrker ile Antalya&#8217;n\u0131n Aksu il\u00e7esinde Tar\u0131m \u0130\u015fletmeleri Genel M\u00fcd\u00fcrl\u00fc\u011f\u00fc (T\u0130GEM) Boztepe Tar\u0131m \u0130\u015fletmesinden 210 d\u00f6n\u00fcml\u00fck yer daha kiralad\u0131.<\/p>\n<p>\u0130lk ba\u015fta 2,5 d\u00f6n\u00fcm arazide ba\u015flad\u0131\u011f\u0131 \u00fcretim kapasitesini 5 y\u0131lda 100 kat art\u0131rarak 250 d\u00f6n\u00fcme \u00e7\u0131karan Aksoy, Avrupa \u00fclkeleri ba\u015fta olmak \u00fczere d\u00fcnyan\u0131n bir\u00e7ok \u00fclkesine ihracat yapmay\u0131 hedefliyor.<\/p>\n<p>Aksoy, AA muhabirine, \u0130stanbul&#8217;daki kariyeri s\u00fcresince, akl\u0131nda hep memleketine d\u00f6nmek ve k\u00f6yl\u00fc kad\u0131nlarla katma de\u011feri y\u00fcksek bir \u00fcr\u00fcn yeti\u015ftirmek oldu\u011funu s\u00f6yledi.<\/p>\n<p>Bu hayalini de ku\u015fkonmazla ger\u00e7ekle\u015ftirdi\u011fini anlatan Aksoy, &#8220;\u0130stanbul&#8217;da tekstil ve g\u0131da sekt\u00f6rlerinde 13 y\u0131l \u00fcst y\u00f6netici olarak \u00e7al\u0131\u015ft\u0131m. Akl\u0131m\u0131n bir k\u00f6\u015fesinde, kurumsal hayat\u0131n karma\u015fas\u0131ndan \u00e7\u0131k\u0131p, memleketime d\u00f6n\u00fcp kad\u0131n eme\u011fini de i\u015fin i\u00e7erisine aktif \u015fekilde katacak bir \u00fcretim modelinin hayalini kuruyordum.&#8221; dedi.<\/p>\n<h4>Ba\u015far\u0131 kad\u0131nlar\u0131n deste\u011fi ile geldi<\/h4>\n<p>\u0130lk etapta 2015 y\u0131l\u0131nda k\u00fc\u00e7\u00fck bir arazide ba\u015flad\u0131\u011f\u0131 \u00fcretim kapasitesini zamanla art\u0131rd\u0131\u011f\u0131n\u0131 aktaran Aksoy, arkas\u0131na ald\u0131\u011f\u0131 kad\u0131nlar\u0131n deste\u011fiyle k\u0131sa s\u00fcrede ba\u015far\u0131n\u0131n geldi\u011fini dile getirdi.<\/p>\n<p>Aksoy, ku\u015fkonmaz\u0131n her a\u015famas\u0131nda kad\u0131nlar\u0131n eme\u011fi oldu\u011funu belirterek \u015f\u00f6yle konu\u015ftu:<\/p>\n<p>&#8220;Topra\u011fa m\u00fcthi\u015f bir sayg\u0131m olsa da ger\u00e7ekten onlar\u0131n bilgisi, onlar\u0131n eme\u011fiyle i\u015f \u015fekillenmeye ba\u015flad\u0131. B\u00fct\u00fcn \u00fcretim alan\u0131m\u0131z\u0131 organik \u00fcretim esaslar\u0131na g\u00f6re revize ettik, sertifikam\u0131z\u0131 da ald\u0131k. Bu y\u0131l \u00fcretim alan\u0131n\u0131 daha da b\u00fcy\u00fctmeye karar verdim ve arazi aray\u0131\u015f\u0131na girdim. T\u0130GEM&#8217;den arazi buldum. Sonu\u00e7ta 250 d\u00f6n\u00fcml\u00fck bir \u00fcretim kapasitesine ula\u015faca\u011f\u0131z. T\u00fcrk sofralar\u0131nda \u00e7ok bilinmeyen ku\u015fkonmaz, \u00f6zellikle Avrupa&#8217;da b\u00fcy\u00fck ilgi g\u00f6r\u00fcyor. \u0130hracatta \u00f6nemli f\u0131rsatlar sunuyor. Singapur, Almanya ve Hollanda&#8217;ya ilk deneme sevkiyatlar\u0131m\u0131z\u0131 ger\u00e7ekle\u015ftirdik. Talepler var. Bunun i\u00e7in de \u00f6nce \u00fcretim alanlar\u0131n\u0131n b\u00fcy\u00fcmesi ve \u00fcr\u00fcn\u00fcn artmas\u0131 gerekiyor. \u0130yi tar\u0131m \u00fcretim esaslar\u0131na g\u00f6re \u00fcretilmi\u015f \u00fcr\u00fcnleri, Avrupa&#8217;n\u0131n kalbine g\u00f6ndermeyi hedefliyorum.&#8221;<\/p>\n<p>ANTALYA(AA)<\/p>\n<p><img decoding=\"async\" src=\"\/uploads\/userFiles\/7fc6ad83-e801-4dd2-b1c1-974abd5a6af0\/2020%2FEkim%2Fanadoluimages_20703683.jpg\" alt=\"\" title=\"\"><\/p>\n<div id=\"briti-3134475058\" class=\"briti-icerikten-sonra_2\" style=\"margin-top: 25px;margin-bottom: 25px;\"><a href=\"https:\/\/wa.me\/message\/NDZLLIOQT4H3O1\" aria-label=\"bytv reklam banner\"><img loading=\"lazy\" decoding=\"async\" src=\"https:\/\/by-tv.co.uk\/wp-content\/uploads\/2025\/12\/bytv-reklam-banner.jpg\" alt=\"\"  width=\"2376\" height=\"1008\"   \/><\/a><\/div>","protected":false},"excerpt":{"rendered":"<p>\u0130\u015f gezisi s\u0131ras\u0131nda yurt d\u0131\u015f\u0131nda lezzetinden etkilendi\u011fi ku\u015fkonmaz bitkisinin \u00fcretimine ba\u015flayan kad\u0131n giri\u015fimci Asl\u0131 Aksoy, birlikte \u00e7al\u0131\u015ft\u0131\u011f\u0131 kad\u0131nlar\u0131n deste\u011fiyle \u00fcretim kapasitesini 5 y\u0131lda 100 kat art\u0131rd\u0131. \u0130stanbul&#8217;da bir g\u0131da firmas\u0131nda pazarlama m\u00fcd\u00fcr\u00fc olarak \u00e7al\u0131\u015f\u0131rken New York&#8217;ta i\u015f gezisinde tatt\u0131\u011f\u0131 ku\u015fkonmazla hayat\u0131 de\u011fi\u015fen, Orta Do\u011fu Teknik \u00dcniversitesi (ODT\u00dc) \u0130\u015fletme B\u00f6l\u00fcm\u00fcnden mezun ve Ko\u00e7 \u00dcniversitesinde y\u00fcksek lisan\u0131n\u0131 tamamlayan 40 ya\u015f\u0131ndaki Aksoy, kariyerini b\u0131rak\u0131p memleketi Mu\u011fla&#8217;ya yerle\u015fti. \u0130lk etapta 2,5 d\u00f6n\u00fcml\u00fck bir arazide \u00fcretime ba\u015flayan ve sonu\u00e7lardan memnun kalan Aksoy, mahalleli kad\u0131nlar\u0131n da deste\u011fiyle \u00fcretim kapasitesini \u00f6nce 20 d\u00f6n\u00fcme, ard\u0131ndan da 40 d\u00f6n\u00fcme \u00e7\u0131kard\u0131. Y\u0131lda yakla\u015f\u0131k 20 tonluk \u00fcretim kapasitesine ula\u015fan Asl\u0131 Aksoy, [&hellip;]<\/p>\n","protected":false},"author":1,"featured_media":6395,"comment_status":"open","ping_status":"open","sticky":false,"template":"","format":"standard","meta":{"ngg_post_thumbnail":0,"footnotes":""},"categories":[1],"tags":[2123,2124,2121,1578,2125,2122],"class_list":["post-6394","post","type-post","status-publish","format-standard","has-post-thumbnail","hentry","category-genel","tag-asli-aksoy","tag-kadinin-gucu","tag-kuskonmaz","tag-odtu","tag-organik-tarim","tag-tarim"],"_links":{"self":[{"href":"https:\/\/by-tv.co.uk\/en\/wp-json\/wp\/v2\/posts\/6394","targetHints":{"allow":["GET"]}}],"collection":[{"href":"https:\/\/by-tv.co.uk\/en\/wp-json\/wp\/v2\/posts"}],"about":[{"href":"https:\/\/by-tv.co.uk\/en\/wp-json\/wp\/v2\/types\/post"}],"author":[{"embeddable":true,"href":"https:\/\/by-tv.co.uk\/en\/wp-json\/wp\/v2\/users\/1"}],"replies":[{"embeddable":true,"href":"https:\/\/by-tv.co.uk\/en\/wp-json\/wp\/v2\/comments?post=6394"}],"version-history":[{"count":0,"href":"https:\/\/by-tv.co.uk\/en\/wp-json\/wp\/v2\/posts\/6394\/revisions"}],"wp:featuredmedia":[{"embeddable":true,"href":"https:\/\/by-tv.co.uk\/en\/wp-json\/wp\/v2\/media\/6395"}],"wp:attachment":[{"href":"https:\/\/by-tv.co.uk\/en\/wp-json\/wp\/v2\/media?parent=6394"}],"wp:term":[{"taxonomy":"category","embeddable":true,"href":"https:\/\/by-tv.co.uk\/en\/wp-json\/wp\/v2\/categories?post=6394"},{"taxonomy":"post_tag","embeddable":true,"href":"https:\/\/by-tv.co.uk\/en\/wp-json\/wp\/v2\/tags?post=6394"}],"curies":[{"name":"wp","href":"https:\/\/api.w.org\/{rel}","templated":true}]}}