{"id":6391,"date":"2020-10-30T00:37:50","date_gmt":"2020-10-29T21:37:50","guid":{"rendered":"https:\/\/by-tv.co.uk\/?p=6391"},"modified":"2020-10-30T00:37:50","modified_gmt":"2020-10-29T21:37:50","slug":"avrupa-merkez-bankasi-faiz-oranlarini-sabit-tuttu","status":"publish","type":"post","link":"https:\/\/by-tv.co.uk\/en\/avrupa-merkez-bankasi-faiz-oranlarini-sabit-tuttu\/","title":{"rendered":"Avrupa Merkez Bankas\u0131 faiz oranlar\u0131n\u0131 sabit tuttu"},"content":{"rendered":"<div id=\"icerikDiv_45088719\" class=\"iliskiIcerik ltr\">\n<p>BR\u00dcKSEL (AA) &#8211; Avrupa Merkez Bankas\u0131&#8217;ndan (ECB) yap\u0131lan a\u00e7\u0131klamada, Y\u00f6netim Konseyi&#8217;nin, bug\u00fcnk\u00fc toplant\u0131s\u0131nda faiz oranlar\u0131n\u0131 de\u011fi\u015ftirmeme karar\u0131 ald\u0131\u011f\u0131, politika faizinin s\u0131f\u0131r, mevduat faizinin y\u00fczde eksi 0,50 ve marjinal fonlama faizinin de y\u00fczde 0,25&#8217;te sabit b\u0131rakt\u0131\u011f\u0131 bildirildi.<\/p>\n<p>A\u00e7\u0131klamada, salg\u0131n nedeniyle martta 750 milyar avro ile ba\u015flat\u0131lan ve haziranda 600 milyar avro art\u0131r\u0131larak toplam 1 trilyon 350 milyar avroya \u00e7\u0131kar\u0131lan PEPP&#8217;in boyutunda da de\u011fi\u015fiklik yap\u0131lmad\u0131\u011f\u0131na dikkat \u00e7ekilerek, bankan\u0131n gerek duyuldu\u011funda t\u00fcm enstr\u00fcmanlarda de\u011fi\u015fiklik yapmaya haz\u0131r oldu\u011fu ifade edildi.<\/p>\n<p>PEPP&#8217;de al\u0131mlar\u0131n esnek bir \u015fekilde en az\u0131ndan 2021 y\u0131l\u0131 haziran ay\u0131 sonuna kadar devam edece\u011fi belirtilen a\u00e7\u0131klamada, PEPP&#8217;de ana paralar\u0131 en az\u0131ndan 2022&#8217;nin sonuna kadar yeniden yat\u0131r\u0131ma y\u00f6nlendirilmeye devam edilece\u011fi kaydedildi.<\/p><div id=\"briti-848878532\" class=\"briti-icerik\" style=\"margin-top: 5px;margin-bottom: 5px;\"><a href=\"https:\/\/piaryum.com\/services\/\" aria-label=\"piaryum banner\"><img loading=\"lazy\" decoding=\"async\" src=\"https:\/\/by-tv.co.uk\/wp-content\/uploads\/2025\/12\/Gemini_Generated_Image_g5yqr1g5yqr1g5yq.jpg\" alt=\"\"  width=\"2064\" height=\"1152\"   \/><\/a><\/div>\n<p>A\u00e7\u0131klamada, varl\u0131k al\u0131m programlar\u0131na ayl\u0131k 20 milyar avro seviyesinde devam edilece\u011fi i\u015faret edilerek, bankan\u0131n yeniden finansman operasyonlar\u0131 yoluyla bol miktarda likidite sa\u011flamaya devam edece\u011fi belirtildi.<\/p>\n<p>Mevcut ortamda a\u015fa\u011f\u0131 y\u00f6nl\u00fc risklerin oldu\u011fu an\u0131msat\u0131lan a\u00e7\u0131klamada, &#8220;Y\u00f6netim Konseyi, salg\u0131n\u0131n dinamikleri, a\u015f\u0131lar\u0131n piyasaya s\u00fcr\u00fclmesi ve d\u00f6viz kurundaki geli\u015fmeler dahil olmak \u00fczere gelen bilgileri dikkatlice de\u011ferlendirecek.&#8221; ifadesi kullan\u0131ld\u0131.<\/p>\n<p>A\u00e7\u0131klamada, aral\u0131k ay\u0131nda yapacaklar\u0131 makro ekonomik \u00e7al\u0131\u015fman\u0131n ard\u0131ndan ekonomik g\u00f6r\u00fcn\u00fcm ve risk dengesinin detayl\u0131 ele al\u0131naca\u011f\u0131 ve uygun enstr\u00fcmanlar\u0131n yeniden de\u011ferlendirilece\u011fi kaydedildi.<\/p>\n<\/div>\n<div id=\"parentdivEtiket_45088719\" class=\"data_tags\">\n<div id=\"splitteryayin_callbackhaberdetay_HaberDetayGoster_dListIliski_divEtiket_1\" class=\"ltr\"><\/div>\n<\/div>\n<div id=\"briti-4245914717\" class=\"briti-icerikten-sonra_2\" style=\"margin-top: 25px;margin-bottom: 25px;\"><a href=\"https:\/\/wa.me\/message\/NDZLLIOQT4H3O1\" aria-label=\"bytv reklam banner\"><img loading=\"lazy\" decoding=\"async\" src=\"https:\/\/by-tv.co.uk\/wp-content\/uploads\/2025\/12\/bytv-reklam-banner.jpg\" alt=\"\"  width=\"2376\" height=\"1008\"   \/><\/a><\/div>","protected":false},"excerpt":{"rendered":"<p>BR\u00dcKSEL (AA) &#8211; Avrupa Merkez Bankas\u0131&#8217;ndan (ECB) yap\u0131lan a\u00e7\u0131klamada, Y\u00f6netim Konseyi&#8217;nin, bug\u00fcnk\u00fc toplant\u0131s\u0131nda faiz oranlar\u0131n\u0131 de\u011fi\u015ftirmeme karar\u0131 ald\u0131\u011f\u0131, politika faizinin s\u0131f\u0131r, mevduat faizinin y\u00fczde eksi 0,50 ve marjinal fonlama faizinin de y\u00fczde 0,25&#8217;te sabit b\u0131rakt\u0131\u011f\u0131 bildirildi. A\u00e7\u0131klamada, salg\u0131n nedeniyle martta 750 milyar avro ile ba\u015flat\u0131lan ve haziranda 600 milyar avro art\u0131r\u0131larak toplam 1 trilyon 350 milyar avroya \u00e7\u0131kar\u0131lan PEPP&#8217;in boyutunda da de\u011fi\u015fiklik yap\u0131lmad\u0131\u011f\u0131na dikkat \u00e7ekilerek, bankan\u0131n gerek duyuldu\u011funda t\u00fcm enstr\u00fcmanlarda de\u011fi\u015fiklik yapmaya haz\u0131r oldu\u011fu ifade edildi. PEPP&#8217;de al\u0131mlar\u0131n esnek bir \u015fekilde en az\u0131ndan 2021 y\u0131l\u0131 haziran ay\u0131 sonuna kadar devam edece\u011fi belirtilen a\u00e7\u0131klamada, PEPP&#8217;de ana paralar\u0131 en az\u0131ndan 2022&#8217;nin sonuna [&hellip;]<\/p>\n","protected":false},"author":1,"featured_media":6392,"comment_status":"open","ping_status":"open","sticky":false,"template":"","format":"standard","meta":{"ngg_post_thumbnail":0,"footnotes":""},"categories":[11],"tags":[],"class_list":["post-6391","post","type-post","status-publish","format-standard","has-post-thumbnail","hentry","category-dunya"],"_links":{"self":[{"href":"https:\/\/by-tv.co.uk\/en\/wp-json\/wp\/v2\/posts\/6391","targetHints":{"allow":["GET"]}}],"collection":[{"href":"https:\/\/by-tv.co.uk\/en\/wp-json\/wp\/v2\/posts"}],"about":[{"href":"https:\/\/by-tv.co.uk\/en\/wp-json\/wp\/v2\/types\/post"}],"author":[{"embeddable":true,"href":"https:\/\/by-tv.co.uk\/en\/wp-json\/wp\/v2\/users\/1"}],"replies":[{"embeddable":true,"href":"https:\/\/by-tv.co.uk\/en\/wp-json\/wp\/v2\/comments?post=6391"}],"version-history":[{"count":0,"href":"https:\/\/by-tv.co.uk\/en\/wp-json\/wp\/v2\/posts\/6391\/revisions"}],"wp:featuredmedia":[{"embeddable":true,"href":"https:\/\/by-tv.co.uk\/en\/wp-json\/wp\/v2\/media\/6392"}],"wp:attachment":[{"href":"https:\/\/by-tv.co.uk\/en\/wp-json\/wp\/v2\/media?parent=6391"}],"wp:term":[{"taxonomy":"category","embeddable":true,"href":"https:\/\/by-tv.co.uk\/en\/wp-json\/wp\/v2\/categories?post=6391"},{"taxonomy":"post_tag","embeddable":true,"href":"https:\/\/by-tv.co.uk\/en\/wp-json\/wp\/v2\/tags?post=6391"}],"curies":[{"name":"wp","href":"https:\/\/api.w.org\/{rel}","templated":true}]}}