{"id":6284,"date":"2020-10-21T02:55:32","date_gmt":"2020-10-20T23:55:32","guid":{"rendered":"https:\/\/by-tv.co.uk\/?p=6284"},"modified":"2020-10-21T02:55:32","modified_gmt":"2020-10-20T23:55:32","slug":"ingilterede-restorant-calisanlari-johnsona-seslendi","status":"publish","type":"post","link":"https:\/\/by-tv.co.uk\/en\/ingilterede-restorant-calisanlari-johnsona-seslendi\/","title":{"rendered":"\u0130ngiltere\u2019de restorant \u00e7al\u0131\u015fanlar\u0131 Johnson&#8217;a Seslendi!"},"content":{"rendered":"<p>LONDRA &#8211; \u0130ngiltere\u2019de yeni tip koronavir\u00fcs (Kovid-19) \u00f6nlemleri nedeniyle yerel saatle 22.00\u2019da kapanmak zorunda kalan restoran ve barlar\u0131n \u00e7al\u0131\u015fanlar\u0131 g\u00f6steri d\u00fczenledi.<\/p>\n<p>Ba\u015fkent Londra&#8217;daki Parlamento Meydan\u0131&#8217;nda toplanan yakla\u015f\u0131k 250 g\u00f6sterici, yanlar\u0131nda getirdikleri \u00e7e\u015fitli mutfak malzemeleriyle yasaklar\u0131 protesto etti.<\/p>\n<p>Ellerinde &#8220;BoJo (Boris Johnson) hamur yo\u011furuyoruz&#8221;, &#8220;K\u0131s\u0131tlamalar\u0131 iptal edin&#8221;, &#8220;Konaklama sekt\u00f6r\u00fcn\u00fc kurtar\u0131n&#8221;, &#8220;Sizi besleyen elleri \u0131s\u0131rmay\u0131n&#8221; yaz\u0131l\u0131 d\u00f6vizler ta\u015f\u0131yan g\u00f6stericiler bar ve restoranlar\u0131n yerel saatle 22.00&#8217;dan sonra da \u00e7al\u0131\u015fmaya devam etmesini istediler.<\/p><div id=\"briti-2811563167\" class=\"briti-icerik\" style=\"margin-top: 5px;margin-bottom: 5px;\"><a href=\"https:\/\/piaryum.com\/services\/\" aria-label=\"piaryum banner\"><img loading=\"lazy\" decoding=\"async\" src=\"https:\/\/by-tv.co.uk\/wp-content\/uploads\/2025\/12\/Gemini_Generated_Image_g5yqr1g5yqr1g5yq.jpg\" alt=\"\"  width=\"2064\" height=\"1152\"   \/><\/a><\/div>\n<p>G\u00f6stericilerden biri yapt\u0131\u011f\u0131 a\u00e7\u0131klamada, h\u00fck\u00fcmetin Kovid-19 politikalar\u0131n\u0131 protesto etmek i\u00e7in bir araya geldiklerini ve &#8220;Tier sistem&#8221; olarak da bilinen yerel Kovid-19 uyar\u0131 seviyelerinin \u00e7al\u0131\u015fmad\u0131\u011f\u0131n\u0131 s\u00f6yledi.<\/p>\n<p>Bir di\u011fer g\u00f6sterici ise h\u00fck\u00fcmetin politikalar\u0131 nedeniyle bir\u00e7ok ki\u015finin i\u015fini kaybetti\u011fini ve \u00fclkedekilerin ge\u00e7im sorunu ile kar\u015f\u0131 kar\u015f\u0131ya kald\u0131\u011f\u0131n\u0131 belirtti.<\/p>\n<p>YEREL KOV\u0130D-19 UYARI SEV\u0130YELER\u0130<\/p>\n<p>\u00dclkede vir\u00fcs\u00fcn art\u0131\u015f h\u0131z\u0131na ba\u011fl\u0131 olarak devreye girecek &#8220;orta&#8221;, &#8220;y\u00fcksek&#8221; ve &#8220;\u00e7ok y\u00fcksek&#8221; olmak \u00fczere 3 a\u015famal\u0131 k\u0131s\u0131tlamalar haz\u0131rlanm\u0131\u015ft\u0131.<\/p>\n<p>\u0130lk a\u015fama, kapal\u0131 veya a\u00e7\u0131k alanlarda bulu\u015fmalar\u0131n 6 ki\u015fiyle s\u0131n\u0131rland\u0131r\u0131lmas\u0131, barlar ve restoranlar\u0131n 22.00&#8217;da kapanmas\u0131n\u0131 i\u00e7eriyor.<\/p>\n<p>\u0130kinci a\u015famada farkl\u0131 hane \u00fcyelerinin kapal\u0131 mekanlarda g\u00f6r\u00fc\u015fmeleri yasaklan\u0131rken, \u00fc\u00e7\u00fcnc\u00fc a\u015fama ise bu \u00f6nlemlerin yan\u0131 s\u0131ra barlar ve restoranlar\u0131n kapat\u0131lmas\u0131n\u0131 \u00f6ng\u00f6r\u00fcyor.<\/p>\n<p>\u00dc\u00e7\u00fcnc\u00fc a\u015fama k\u0131s\u0131tlamalar, sadece Liverpool&#8217;da uygulan\u0131rken, Manchester&#8217;\u0131n da bu kapsama al\u0131nmas\u0131na ili\u015fkin de\u011ferlendirmeler s\u00fcr\u00fcyor.<\/p>\n<p>AA<\/p>\n<div id=\"briti-4288914250\" class=\"briti-icerikten-sonra_2\" style=\"margin-top: 25px;margin-bottom: 25px;\"><a href=\"https:\/\/wa.me\/message\/NDZLLIOQT4H3O1\" aria-label=\"bytv reklam banner\"><img loading=\"lazy\" decoding=\"async\" src=\"https:\/\/by-tv.co.uk\/wp-content\/uploads\/2025\/12\/bytv-reklam-banner.jpg\" alt=\"\"  width=\"2376\" height=\"1008\"   \/><\/a><\/div>","protected":false},"excerpt":{"rendered":"<p>LONDRA &#8211; \u0130ngiltere\u2019de yeni tip koronavir\u00fcs (Kovid-19) \u00f6nlemleri nedeniyle yerel saatle 22.00\u2019da kapanmak zorunda kalan restoran ve barlar\u0131n \u00e7al\u0131\u015fanlar\u0131 g\u00f6steri d\u00fczenledi. Ba\u015fkent Londra&#8217;daki Parlamento Meydan\u0131&#8217;nda toplanan yakla\u015f\u0131k 250 g\u00f6sterici, yanlar\u0131nda getirdikleri \u00e7e\u015fitli mutfak malzemeleriyle yasaklar\u0131 protesto etti. Ellerinde &#8220;BoJo (Boris Johnson) hamur yo\u011furuyoruz&#8221;, &#8220;K\u0131s\u0131tlamalar\u0131 iptal edin&#8221;, &#8220;Konaklama sekt\u00f6r\u00fcn\u00fc kurtar\u0131n&#8221;, &#8220;Sizi besleyen elleri \u0131s\u0131rmay\u0131n&#8221; yaz\u0131l\u0131 d\u00f6vizler ta\u015f\u0131yan g\u00f6stericiler bar ve restoranlar\u0131n yerel saatle 22.00&#8217;dan sonra da \u00e7al\u0131\u015fmaya devam etmesini istediler. G\u00f6stericilerden biri yapt\u0131\u011f\u0131 a\u00e7\u0131klamada, h\u00fck\u00fcmetin Kovid-19 politikalar\u0131n\u0131 protesto etmek i\u00e7in bir araya geldiklerini ve &#8220;Tier sistem&#8221; olarak da bilinen yerel Kovid-19 uyar\u0131 seviyelerinin \u00e7al\u0131\u015fmad\u0131\u011f\u0131n\u0131 s\u00f6yledi. Bir di\u011fer g\u00f6sterici ise h\u00fck\u00fcmetin politikalar\u0131 [&hellip;]<\/p>\n","protected":false},"author":1,"featured_media":0,"comment_status":"open","ping_status":"open","sticky":false,"template":"","format":"standard","meta":{"ngg_post_thumbnail":0,"footnotes":""},"categories":[1],"tags":[],"class_list":["post-6284","post","type-post","status-publish","format-standard","hentry","category-genel"],"_links":{"self":[{"href":"https:\/\/by-tv.co.uk\/en\/wp-json\/wp\/v2\/posts\/6284","targetHints":{"allow":["GET"]}}],"collection":[{"href":"https:\/\/by-tv.co.uk\/en\/wp-json\/wp\/v2\/posts"}],"about":[{"href":"https:\/\/by-tv.co.uk\/en\/wp-json\/wp\/v2\/types\/post"}],"author":[{"embeddable":true,"href":"https:\/\/by-tv.co.uk\/en\/wp-json\/wp\/v2\/users\/1"}],"replies":[{"embeddable":true,"href":"https:\/\/by-tv.co.uk\/en\/wp-json\/wp\/v2\/comments?post=6284"}],"version-history":[{"count":0,"href":"https:\/\/by-tv.co.uk\/en\/wp-json\/wp\/v2\/posts\/6284\/revisions"}],"wp:attachment":[{"href":"https:\/\/by-tv.co.uk\/en\/wp-json\/wp\/v2\/media?parent=6284"}],"wp:term":[{"taxonomy":"category","embeddable":true,"href":"https:\/\/by-tv.co.uk\/en\/wp-json\/wp\/v2\/categories?post=6284"},{"taxonomy":"post_tag","embeddable":true,"href":"https:\/\/by-tv.co.uk\/en\/wp-json\/wp\/v2\/tags?post=6284"}],"curies":[{"name":"wp","href":"https:\/\/api.w.org\/{rel}","templated":true}]}}