{"id":6258,"date":"2020-10-19T22:33:28","date_gmt":"2020-10-19T19:33:28","guid":{"rendered":"https:\/\/by-tv.co.uk\/?p=6258"},"modified":"2022-07-18T01:35:57","modified_gmt":"2022-07-18T00:35:57","slug":"ozel-roportaj-prof-dr-gulcin-ozkan-bu-kis-icin-optimistik-bir-senaryo-ongoremiyorum","status":"publish","type":"post","link":"https:\/\/by-tv.co.uk\/en\/ozel-roportaj-prof-dr-gulcin-ozkan-bu-kis-icin-optimistik-bir-senaryo-ongoremiyorum\/","title":{"rendered":"\u00d6zel R\u00f6portaj: Prof. Dr. G\u00fcl\u00e7in \u00d6zkan \u201cBu k\u0131\u015f i\u00e7in optimistik bir senaryo \u00f6ng\u00f6remiyorum\u201d"},"content":{"rendered":"<p>Gazeteci Ergin Balabeyo\u011flu, Kings College \u00f6\u011fretim \u00fcyesi ekonomist Prof. Dr. G\u00fcl\u00e7in \u00d6zkan\u2019la koronavir\u00fcs\u00fcn d\u00fcnya ekonomisi \u00fczerindeki etkilerini konu\u015ftu. \u00d6zkan, \u201c\u0130ngiltere ekonomisi ne zaman toparlan\u0131r?\u201d, \u201cT\u00fcrkiye ekonomisi \u00fczerindeki kur bask\u0131s\u0131 nas\u0131l azalt\u0131l\u0131r? \u201cPandemi d\u00f6neminde al\u0131nan tedbirler gelece\u011fe nas\u0131l yans\u0131r?\u201d sorular\u0131n\u0131 yan\u0131tlad\u0131.<\/p>\n<h5>KORONAV\u0130R\u00dcS A\u015eISININ BULUNMASI KR\u0130T\u0130K \u00d6NEMDE<\/h5>\n<p>K\u0131\u015f d\u00f6nemi i\u00e7in \u00f6ng\u00f6r\u00fclerini sordu\u011fumuz \u00d6zkan, pandeminin en b\u00fcy\u00fck etkisinin uzun s\u00fcreli i\u015fsizlik olaca\u011f\u0131n\u0131 s\u00f6yledi. \u00d6zkan, \u201cTarihte hi\u00e7 ya\u015fanmam\u0131\u015f bir \u015fey ile kar\u015f\u0131 kar\u015f\u0131yay\u0131z. Hemen hemen her \u00fclke ekonomisini yava\u015flatmak hatta durdurmak zorunda kald\u0131.\u201d dedi.<\/p>\n<p>Ekonomik toparlanman\u0131n koronavir\u00fcs a\u015f\u0131s\u0131n\u0131n bulunmas\u0131na ba\u011fl\u0131 oldu\u011funa belirten \u00d6zkan \u201cK\u0131\u015f i\u00e7in optimistik bir senaryo \u00f6ng\u00f6remiyorum\u201d dedi. G\u00fcl\u00e7in \u00d6zkan, \u201cKrizin en b\u00fcy\u00fck etkisi i\u015fsizlik olacak. Her durgunlukta oldu\u011fu gibi i\u015fsizlikte b\u00fcy\u00fck art\u0131\u015flar uzun s\u00fcren i\u015fsizli\u011fi beraberinde getirecektir.\u201d \u00f6ng\u00f6r\u00fcs\u00fcnde bulundu.<\/p><div id=\"briti-20930451\" class=\"briti-icerik\" style=\"margin-top: 5px;margin-bottom: 5px;\"><a href=\"https:\/\/piaryum.com\/services\/\" aria-label=\"piaryum banner\"><img loading=\"lazy\" decoding=\"async\" src=\"https:\/\/by-tv.co.uk\/wp-content\/uploads\/2025\/12\/Gemini_Generated_Image_g5yqr1g5yqr1g5yq.jpg\" alt=\"\"  width=\"2064\" height=\"1152\"   \/><\/a><\/div>\n<h5>T\u00dcRK\u0130YE EKONOM\u0130S\u0130NDEK\u0130 KUR BASKISI NASIL AZALIR?<\/h5>\n<p>\u00d6zkan, \u201cT\u00fcrkiye\u2019de TL \u00fczerindeki bask\u0131 nas\u0131l hafifletilebilir?\u201d sorumuza ise \u201c\u015eu anda T\u00fcrkiye\u2019nin kur \u00fczerindeki bask\u0131y\u0131 faizleri art\u0131rmadan kald\u0131rmas\u0131 \u00e7ok zor. Bunun da ciddi bir siyasi ve ekonomik etkileri olacak.\u201d yan\u0131t\u0131n\u0131 verdi.<\/p>\n<p>T\u00fcrkiye\u2019nin ciddi bir cari a\u00e7\u0131k sorunu oldu\u011funa dikkat \u00e7eken \u00d6zkan, \u201cHi\u00e7 kimse size s\u00fcrekli bor\u00e7 vermez. D\u0131\u015far\u0131da yat\u0131r\u0131mc\u0131lar\u0131n ruh haline \u00e7ok ba\u011f\u0131ml\u0131s\u0131n\u0131z. Yat\u0131r\u0131mc\u0131lar sizin i\u00e7erideki politikalar\u0131n\u0131z\u0131, se\u00e7imlerinizi yakinen izleyerek tav\u0131r alabilir ki nitekim de al\u0131yorlar.\u201d \u015feklinde konu\u015ftu.<\/p>\n<p>\u00d6zkan \u00f6nerilerini ise \u015f\u00f6yle s\u0131ralad\u0131: \u201cFaiz art\u0131r\u0131m\u0131 ilk ad\u0131m. Ancak yat\u0131r\u0131mc\u0131 kararlar\u0131n ba\u011f\u0131ms\u0131z bir otorite taraf\u0131ndan al\u0131n\u0131p al\u0131nmad\u0131\u011f\u0131na da bakar ve siyasi iktidar\u0131n faizleri d\u00fc\u015f\u00fck tutmak istedi\u011finin fark\u0131nda. \u0130kincisi rezervleri kullanmakt\u0131r ki Merkez Bankas\u0131 kullanabilece\u011fi. \u00dc\u00e7\u00fcnc\u00fcs\u00fc de sermaye kontrol\u00fcd\u00fcr.\u201d<\/p>\n<h5>GEL\u0130R DA\u011eILIMINDAK\u0130 BOZUKLUK ARTACAK<\/h5>\n<p>\u00d6zkan koronavir\u00fcs sonras\u0131nda devletlerin gerekli \u00f6nlemleri almamas\u0131 halinde mevcut gelir adaletsizli\u011finin artaca\u011f\u0131 uyar\u0131s\u0131nda bulundu. \u00d6zkan, \u201cK\u00fcresel krizden tamamen \u00e7\u0131k\u0131lm\u0131\u015f de\u011fildi, gelir da\u011f\u0131l\u0131m\u0131ndaki bozukluklar artacak.\u201d dedi.<\/p>\n<p>&nbsp;<\/p>\n<div id=\"briti-1579409413\" class=\"briti-icerikten-sonra_2\" style=\"margin-top: 25px;margin-bottom: 25px;\"><a href=\"https:\/\/wa.me\/message\/NDZLLIOQT4H3O1\" aria-label=\"bytv reklam banner\"><img loading=\"lazy\" decoding=\"async\" src=\"https:\/\/by-tv.co.uk\/wp-content\/uploads\/2025\/12\/bytv-reklam-banner.jpg\" alt=\"\"  width=\"2376\" height=\"1008\"   \/><\/a><\/div>","protected":false},"excerpt":{"rendered":"<p>Gazeteci Ergin Balabeyo\u011flu, Kings College \u00f6\u011fretim \u00fcyesi ekonomist Prof. Dr. G\u00fcl\u00e7in \u00d6zkan\u2019la koronavir\u00fcs\u00fcn d\u00fcnya ekonomisi \u00fczerindeki etkilerini konu\u015ftu. \u00d6zkan, \u201c\u0130ngiltere ekonomisi ne zaman toparlan\u0131r?\u201d, \u201cT\u00fcrkiye ekonomisi \u00fczerindeki kur bask\u0131s\u0131 nas\u0131l azalt\u0131l\u0131r? \u201cPandemi d\u00f6neminde al\u0131nan tedbirler gelece\u011fe nas\u0131l yans\u0131r?\u201d sorular\u0131n\u0131 yan\u0131tlad\u0131. KORONAV\u0130R\u00dcS A\u015eISININ BULUNMASI KR\u0130T\u0130K \u00d6NEMDE K\u0131\u015f d\u00f6nemi i\u00e7in \u00f6ng\u00f6r\u00fclerini sordu\u011fumuz \u00d6zkan, pandeminin en b\u00fcy\u00fck etkisinin uzun s\u00fcreli i\u015fsizlik olaca\u011f\u0131n\u0131 s\u00f6yledi. \u00d6zkan, \u201cTarihte hi\u00e7 ya\u015fanmam\u0131\u015f bir \u015fey ile kar\u015f\u0131 kar\u015f\u0131yay\u0131z. Hemen hemen her \u00fclke ekonomisini yava\u015flatmak hatta durdurmak zorunda kald\u0131.\u201d dedi. Ekonomik toparlanman\u0131n koronavir\u00fcs a\u015f\u0131s\u0131n\u0131n bulunmas\u0131na ba\u011fl\u0131 oldu\u011funa belirten \u00d6zkan \u201cK\u0131\u015f i\u00e7in optimistik bir senaryo \u00f6ng\u00f6remiyorum\u201d dedi. G\u00fcl\u00e7in \u00d6zkan, \u201cKrizin en [&hellip;]<\/p>\n","protected":false},"author":1,"featured_media":0,"comment_status":"open","ping_status":"open","sticky":false,"template":"","format":"standard","meta":{"ngg_post_thumbnail":0,"footnotes":""},"categories":[15],"tags":[2064,892,2063,588,2065],"class_list":["post-6258","post","type-post","status-publish","format-standard","hentry","category-ingiltere","tag-covid-19-ve-ekonomi","tag-ergin-balabeyoglu","tag-gulcin-ozkan","tag-koronavirus","tag-kur-yukselisi"],"_links":{"self":[{"href":"https:\/\/by-tv.co.uk\/en\/wp-json\/wp\/v2\/posts\/6258","targetHints":{"allow":["GET"]}}],"collection":[{"href":"https:\/\/by-tv.co.uk\/en\/wp-json\/wp\/v2\/posts"}],"about":[{"href":"https:\/\/by-tv.co.uk\/en\/wp-json\/wp\/v2\/types\/post"}],"author":[{"embeddable":true,"href":"https:\/\/by-tv.co.uk\/en\/wp-json\/wp\/v2\/users\/1"}],"replies":[{"embeddable":true,"href":"https:\/\/by-tv.co.uk\/en\/wp-json\/wp\/v2\/comments?post=6258"}],"version-history":[{"count":0,"href":"https:\/\/by-tv.co.uk\/en\/wp-json\/wp\/v2\/posts\/6258\/revisions"}],"wp:attachment":[{"href":"https:\/\/by-tv.co.uk\/en\/wp-json\/wp\/v2\/media?parent=6258"}],"wp:term":[{"taxonomy":"category","embeddable":true,"href":"https:\/\/by-tv.co.uk\/en\/wp-json\/wp\/v2\/categories?post=6258"},{"taxonomy":"post_tag","embeddable":true,"href":"https:\/\/by-tv.co.uk\/en\/wp-json\/wp\/v2\/tags?post=6258"}],"curies":[{"name":"wp","href":"https:\/\/api.w.org\/{rel}","templated":true}]}}