{"id":6138,"date":"2020-10-12T22:29:59","date_gmt":"2020-10-12T19:29:59","guid":{"rendered":"https:\/\/by-tv.co.uk\/?p=6138"},"modified":"2020-10-13T22:15:05","modified_gmt":"2020-10-13T19:15:05","slug":"ingiltere-basbakani-johnson-koronavirus-tedbirleri-kapsaminda-yeni-kisitlamalari-acikladi","status":"publish","type":"post","link":"https:\/\/by-tv.co.uk\/en\/ingiltere-basbakani-johnson-koronavirus-tedbirleri-kapsaminda-yeni-kisitlamalari-acikladi\/","title":{"rendered":"\u0130ngiltere Ba\u015fbakan\u0131 Johnson koronavir\u00fcs tedbirleri kapsam\u0131nda yeni k\u0131s\u0131tlamalar\u0131 a\u00e7\u0131klad\u0131"},"content":{"rendered":"<p>LONDRA (AA) &#8211; \u0130ngiltere Ba\u015fbakan\u0131 Boris Johnson,\u00a0yeni tip koronavir\u00fcs\u00a0(Kovid-19) salg\u0131n\u0131nda vaka say\u0131lar\u0131ndaki art\u0131\u015f\u0131n\u0131n tehlikeli bir noktaya ula\u015ft\u0131\u011f\u0131n\u0131 belirterek, &#8220;orta, y\u00fcksek ve \u00e7ok y\u00fcksek&#8221; olmak \u00fczere 3 yerel uyar\u0131 seviyesi olu\u015fturduklar\u0131n\u0131 duyurdu.<\/p>\n<p><b>Yeni m\u00fccadele plan\u0131 kapsam\u0131nda ilk olarak \u00c7ar\u015famba g\u00fcn\u00fc Liverpool&#8217;daki t\u00fcm publar, barlar ve bahis d\u00fckkanlar\u0131 kapat\u0131lacak.<\/b><\/p>\n<p>Johnson, Avam Kamaras\u0131nda yapt\u0131\u011f\u0131 a\u00e7\u0131klamada, vir\u00fcs\u00fcn yay\u0131lmas\u0131na izin verdikleri takdirde &#8220;engellenemez bir \u00f6l\u00fcm oran\u0131yla&#8221; kar\u015f\u0131la\u015facaklar\u0131 ve bu nedenle sa\u011fl\u0131k \u00e7al\u0131\u015fanlar\u0131n\u0131n di\u011fer hastalarla ilgilenemeyece\u011fi uyar\u0131s\u0131nda bulundu.<\/p><div id=\"briti-1958290413\" class=\"briti-icerik\" style=\"margin-top: 5px;margin-bottom: 5px;\"><a href=\"https:\/\/piaryum.com\/services\/\" aria-label=\"piaryum banner\"><img loading=\"lazy\" decoding=\"async\" src=\"https:\/\/by-tv.co.uk\/wp-content\/uploads\/2025\/12\/Gemini_Generated_Image_g5yqr1g5yqr1g5yq.jpg\" alt=\"\"  width=\"2064\" height=\"1152\"   \/><\/a><\/div>\n<p>\u00dclke genelinde okullar\u0131 ve i\u015f yerlerini kapatman\u0131n, insanlara evlerinde kalmalar\u0131n\u0131 s\u00f6ylemenin m\u00fcmk\u00fcn olmad\u0131\u011f\u0131na i\u015faret eden Johnson, ikinci bir ulusal karantinan\u0131n do\u011fru bir y\u00f6ntem olmayaca\u011f\u0131n\u0131 s\u00f6yledi.<\/p>\n<p>Johnson, Kovid-19 nedeniyle hayat\u0131n\u0131 kaybeden bir\u00e7ok gen\u00e7 oldu\u011funa dikkati \u00e7ekerek vir\u00fcs\u00fcn yaln\u0131zca ya\u015fl\u0131lar\u0131 \u00f6ld\u00fcrd\u00fc\u011f\u00fc d\u00fc\u015f\u00fcncesinin yanl\u0131\u015f oldu\u011funu belirtti.<\/p>\n<p>3 a\u015famal\u0131 yerel Kovid-19 uyar\u0131 seviyesi<\/p>\n<blockquote class=\"instagram-media\" style=\"background: #FFF; border: 0; border-radius: 3px; box-shadow: 0 0 1px 0 rgba(0,0,0,0.5),0 1px 10px 0 rgba(0,0,0,0.15); margin: 1px; max-width: 540px; min-width: 326px; padding: 0; width: calc(100% - 2px);\" data-instgrm-permalink=\"https:\/\/www.instagram.com\/p\/CGQyHLHq75y\/?utm_source=ig_embed&amp;utm_campaign=loading\" data-instgrm-version=\"12\">\n<div style=\"padding: 16px;\">\n<p>&nbsp;<\/p>\n<div style=\"display: flex; flex-direction: row; align-items: center;\">\n<div style=\"background-color: #f4f4f4; border-radius: 50%; flex-grow: 0; height: 40px; margin-right: 14px; width: 40px;\"><\/div>\n<div style=\"display: flex; flex-direction: column; flex-grow: 1; justify-content: center;\">\n<div style=\"background-color: #f4f4f4; border-radius: 4px; flex-grow: 0; height: 14px; margin-bottom: 6px; width: 100px;\"><\/div>\n<div style=\"background-color: #f4f4f4; border-radius: 4px; flex-grow: 0; height: 14px; width: 60px;\"><\/div>\n<\/div>\n<\/div>\n<div style=\"padding: 19% 0;\"><\/div>\n<div style=\"display: block; height: 50px; margin: 0 auto 12px; width: 50px;\"><\/div>\n<div style=\"padding-top: 8px;\">\n<div style=\"color: #3897f0; font-family: Arial,sans-serif; font-size: 14px; font-style: normal; font-weight: 550; line-height: 18px;\">Bu g\u00f6nderiyi Instagram&#8217;da g\u00f6r<\/div>\n<\/div>\n<div style=\"padding: 12.5% 0;\"><\/div>\n<div style=\"display: flex; flex-direction: row; margin-bottom: 14px; align-items: center;\">\n<div>\n<div style=\"background-color: #f4f4f4; border-radius: 50%; height: 12.5px; width: 12.5px; transform: translateX(0px) translateY(7px);\"><\/div>\n<div style=\"background-color: #f4f4f4; height: 12.5px; transform: rotate(-45deg) translateX(3px) translateY(1px); width: 12.5px; flex-grow: 0; margin-right: 14px; margin-left: 2px;\"><\/div>\n<div style=\"background-color: #f4f4f4; border-radius: 50%; height: 12.5px; width: 12.5px; transform: translateX(9px) translateY(-18px);\"><\/div>\n<\/div>\n<div style=\"margin-left: 8px;\">\n<div style=\"background-color: #f4f4f4; border-radius: 50%; flex-grow: 0; height: 20px; width: 20px;\"><\/div>\n<div style=\"width: 0; height: 0; border-top: 2px solid transparent; border-left: 6px solid #f4f4f4; border-bottom: 2px solid transparent; transform: translateX(16px) translateY(-4px) rotate(30deg);\"><\/div>\n<\/div>\n<div style=\"margin-left: auto;\">\n<div style=\"width: 0px; border-top: 8px solid #F4F4F4; border-right: 8px solid transparent; transform: translateY(16px);\"><\/div>\n<div style=\"background-color: #f4f4f4; flex-grow: 0; height: 12px; width: 16px; transform: translateY(-4px);\"><\/div>\n<div style=\"width: 0; height: 0; border-top: 8px solid #F4F4F4; border-left: 8px solid transparent; transform: translateY(-4px) translateX(8px);\"><\/div>\n<\/div>\n<\/div>\n<div style=\"display: flex; flex-direction: column; flex-grow: 1; justify-content: center; margin-bottom: 24px;\">\n<div style=\"background-color: #f4f4f4; border-radius: 4px; flex-grow: 0; height: 14px; margin-bottom: 6px; width: 224px;\"><\/div>\n<div style=\"background-color: #f4f4f4; border-radius: 4px; flex-grow: 0; height: 14px; width: 144px;\"><\/div>\n<\/div>\n<p>&nbsp;<\/p>\n<p style=\"color: #c9c8cd; font-family: Arial,sans-serif; font-size: 14px; line-height: 17px; margin-bottom: 0; margin-top: 8px; overflow: hidden; padding: 8px 0 7px; text-align: center; text-overflow: ellipsis; white-space: nowrap;\"><a style=\"color: #c9c8cd; font-family: Arial,sans-serif; font-size: 14px; font-style: normal; font-weight: normal; line-height: 17px; text-decoration: none;\" href=\"https:\/\/www.instagram.com\/p\/CGQyHLHq75y\/?utm_source=ig_embed&amp;utm_campaign=loading\" target=\"_blank\" rel=\"noopener noreferrer\">Briti\u015f Ya\u015fam TV (@britisyasamtv)&#8217;in payla\u015ft\u0131\u011f\u0131 bir g\u00f6nderi<\/a> (<time style=\"font-family: Arial,sans-serif; font-size: 14px; line-height: 17px;\" datetime=\"2020-10-12T23:39:34+00:00\">12 Eki, 2020, 4:39\u00f6s PDT<\/time>)<\/p>\n<\/div>\n<\/blockquote>\n<p><script async src=\"\/\/www.instagram.com\/embed.js\"><\/script><\/p>\n<p>Johnson, yeni \u00f6nlemler kapsam\u0131nda yerel vaka oranlar\u0131na ba\u011fl\u0131 olarak \u0130ngiltere genelinde &#8220;orta&#8221;, &#8220;y\u00fcksek&#8221; ve &#8220;\u00e7ok y\u00fcksek&#8221; olmak \u00fczere \u00fc\u00e7 &#8220;Yerel Kovid-19 Uyar\u0131 Seviyesi&#8221; olu\u015fturduklar\u0131n\u0131 s\u00f6yledi.<\/p>\n<p>&#8220;Orta Uyar\u0131 Seviyesinin&#8221; \u00fclkenin genelinde uygulanaca\u011f\u0131n\u0131 kaydeden Johnson, buna g\u00f6re &#8220;alt\u0131 ki\u015fi kural\u0131&#8221; ile bar ve restoranlar\u0131n 22.00\u2019den sonra kapal\u0131 olmaya devam edece\u011fini bildirdi.<\/p>\n<p>Johnson, &#8220;Y\u00fcksek Uyar\u0131 Seviyesinin&#8221; belirlendi\u011fi b\u00f6lgelerde ya\u015fayanlar\u0131n ba\u015fka evlerde ve kapal\u0131 alanlarda di\u011fer ailelerle sosyalle\u015fmesinin engellenece\u011fini ve 6 ki\u015fi kural\u0131n\u0131n bu b\u00f6lgelerdeki hanelerin \u00f6zel bah\u00e7elerinde de ge\u00e7erli olaca\u011f\u0131n\u0131 aktard\u0131.<\/p>\n<p>Johnson, Manchester ve Birmingham \u015fehirlerinin y\u00fcksek uyar\u0131 seviyesinin oldu\u011fu b\u00f6lgeler i\u00e7erisine al\u0131nd\u0131\u011f\u0131n\u0131 da bildirdi.<\/p>\n<p>&#8220;\u00c7ok Y\u00fcksek Uyar\u0131 Seviyesinin&#8221; vaka say\u0131lar\u0131n\u0131n \u00e7ok h\u0131zl\u0131 artt\u0131\u011f\u0131 ve Ulusal Sa\u011fl\u0131k Sisteminin (NHS) \u201cdayan\u0131lmaz bask\u0131\u201d alt\u0131nda olabilece\u011fi b\u00f6lgelerde ge\u00e7erli olaca\u011f\u0131n\u0131 kaydeden Johnson, bu b\u00f6lgelerde evde ve d\u0131\u015farda sosyalle\u015fmenin tamamen yasaklanaca\u011f\u0131n\u0131, barlar ve restoranlar\u0131n da kapal\u0131 olaca\u011f\u0131n\u0131 a\u00e7\u0131klad\u0131.<\/p>\n<p>Johnson, pazartesi g\u00fcn\u00fcne kadar \u00fclke genelinde her b\u00f6lgeye bir uyar\u0131 d\u00fczeyinin verilece\u011fini s\u00f6zlerine ekledi.<\/p>\n<p>G\u00fcnl\u00fck 50 bin vakadan korkuluyor<\/p>\n<p>Avrupa&#8217;da Kovid-19&#8217;dan en \u00e7ok \u00f6l\u00fcm\u00fcn oldu\u011fu \u0130ngiltere&#8217;de vaka say\u0131s\u0131 a\u011fustostan itibaren y\u00fckseli\u015fe ge\u00e7mi\u015fti.<\/p>\n<p>\u0130ngiltere&#8217;de h\u00fck\u00fcmetin bilim dan\u0131\u015fman\u0131 Patrick Vallance, 20 Eyl\u00fcl&#8217;de yapt\u0131\u011f\u0131 a\u00e7\u0131klamada, Kovid-19 vakalar\u0131n\u0131n her hafta 2 kat artt\u0131\u011f\u0131na dikkati \u00e7ekerek, bu \u015fekilde devam etmesi durumunda ekim ay\u0131 ortalar\u0131nda g\u00fcnl\u00fck 50 bin vakan\u0131n g\u00f6r\u00fclebilece\u011fi uyar\u0131s\u0131nda bulunmu\u015ftu.<\/p>\n<p>Tedbirler<\/p>\n<p>\u00dclkede 24 Eyl\u00fcl&#8217;de y\u00fcr\u00fcrl\u00fc\u011fe giren \u00f6nlemler kapsam\u0131nda, t\u00fcm bar ve restoranlar sadece masalara hizmet vermeye ve saat 22.00&#8217;den sonra kapanmaya ba\u015flam\u0131\u015ft\u0131.<\/p>\n<p>Perakende ma\u011fazalar\u0131, taksiler ve konaklama sekt\u00f6r\u00fcndeki mekanlarda da maske takman\u0131n zorunlu hale geldi\u011fi \u00fclkede, d\u00fc\u011f\u00fcnlere kat\u0131lacak ki\u015fi say\u0131s\u0131 da 30&#8217;dan 15&#8217;e d\u00fc\u015f\u00fcr\u00fclm\u00fc\u015ft\u00fc.<\/p>\n<p>\u00dclkede artan vakalar kar\u015f\u0131s\u0131nda 14 Eyl\u00fcl&#8217;den itibaren 6&#8217;dan fazla ki\u015finin bir araya gelmesi yasaklanm\u0131\u015f, stadyumlar\u0131n 1 Ekim&#8217;de k\u0131smen a\u00e7\u0131lmas\u0131na ili\u015fkin plan da rafa kald\u0131r\u0131lm\u0131\u015ft\u0131.<\/p>\n<p>\u00d6nlemler kapsam\u0131nda ayr\u0131ca maske takmama veya 6 ki\u015fi kural\u0131na uymaman\u0131n cezas\u0131 2 kat art\u0131r\u0131larak 200 sterline \u00e7\u0131kar\u0131lm\u0131\u015ft\u0131.<\/p>\n<h4><a href=\"https:\/\/www.gov.uk\/government\/news\/prime-minister-announces-new-local-covid-alert-levels\" target=\"_blank\" rel=\"noopener\"><span style=\"color: #339966;\">\u0130ngiltere&#8217;de Covid-19 Orta Uyar\u0131 Seviyesinin Uygulanaca\u011f\u0131 Yerler<\/span><\/a><\/h4>\n<p>A\u015fa\u011f\u0131daki listede yer alan yerlerin d\u0131\u015f\u0131ndaki her yer.<\/p>\n<h4><span style=\"color: #ff9900;\">Y\u00fcksek Uyar\u0131 Seviyesinin Uyguland\u0131\u011f\u0131 Yerler<\/span><\/h4>\n<h4 id=\"cheshire\">Cheshire<\/h4>\n<ul>\n<li>Cheshire West and Chester<\/li>\n<li>Cheshire East<\/li>\n<\/ul>\n<h4 id=\"greater-manchester\">Greater Manchester<\/h4>\n<ul>\n<li>Manchester<\/li>\n<li>Bolton<\/li>\n<li>Bury<\/li>\n<li>Stockport<\/li>\n<li>Tameside<\/li>\n<li>Trafford<\/li>\n<li>Wigan<\/li>\n<li>Salford<\/li>\n<li>Rochdale<\/li>\n<li>Oldham<\/li>\n<\/ul>\n<h4 id=\"warrington\">Warrington<\/h4>\n<ul>\n<li>Warrington<\/li>\n<\/ul>\n<h4 id=\"derbyshire\">Derbyshire<\/h4>\n<p>High Peak \u2013 the wards of:<\/p>\n<ul>\n<li>Tintwistle<\/li>\n<li>Padfield<\/li>\n<li>Dinting<\/li>\n<li>St John\u2019s<\/li>\n<li>Old Glossop<\/li>\n<li>Whitfield<\/li>\n<li>Simmondley<\/li>\n<li>Gamesley<\/li>\n<li>Howard Town<\/li>\n<li>Hadfield South<\/li>\n<li>Hadfield North<\/li>\n<\/ul>\n<h4 id=\"lancashire\">Lancashire<\/h4>\n<ul>\n<li>Blackpool<\/li>\n<li>Blackburn with Darwen<\/li>\n<li>Burnley<\/li>\n<li>Chorley<\/li>\n<li>Fylde<\/li>\n<li>Hyndburn<\/li>\n<li>Lancaster<\/li>\n<li>Pendle<\/li>\n<li>Preston<\/li>\n<li>Ribble Valley<\/li>\n<li>Rossendale<\/li>\n<li>South Ribble<\/li>\n<li>West Lancashire<\/li>\n<li>Wyre<\/li>\n<\/ul>\n<h4 id=\"west-yorkshire\">West Yorkshire<\/h4>\n<ul>\n<li>Leeds<\/li>\n<li>Bradford<\/li>\n<li>Kirklees<\/li>\n<li>Calderdale<\/li>\n<li>Wakefield<\/li>\n<\/ul>\n<h4 id=\"south-yorkshire\">South Yorkshire<\/h4>\n<ul>\n<li>Barnsley<\/li>\n<li>Rotherham<\/li>\n<li>Doncaster<\/li>\n<li>Sheffield<\/li>\n<\/ul>\n<h4 id=\"north-east\">North East<\/h4>\n<ul>\n<li>Newcastle<\/li>\n<li>South Tyneside<\/li>\n<li>North Tyneside<\/li>\n<li>Gateshead<\/li>\n<li>Sunderland<\/li>\n<li>Durham<\/li>\n<li>Northumberland<\/li>\n<\/ul>\n<h4 id=\"tees-valley\">Tees Valley<\/h4>\n<ul>\n<li>Middlesbrough<\/li>\n<li>Redcar and Cleveland<\/li>\n<li>Stockton-on-Tees<\/li>\n<li>Darlington<\/li>\n<li>Hartlepool<\/li>\n<\/ul>\n<h4 id=\"west-midlands\">West Midlands<\/h4>\n<ul>\n<li>Birmingham<\/li>\n<li>Sandwell<\/li>\n<li>Solihull<\/li>\n<li>Wolverhampton<\/li>\n<li>Walsall<\/li>\n<\/ul>\n<h4 id=\"leicester\">Leicester<\/h4>\n<ul>\n<li>Leicester<\/li>\n<li>Oadby and Wigston<\/li>\n<\/ul>\n<h4 id=\"nottingham\">Nottingham<\/h4>\n<ul>\n<li>Nottinghamshire<\/li>\n<li>Nottingham City<\/li>\n<\/ul>\n<h4><span style=\"color: #ff0000;\">\u00c7ok Y\u00fcksek Uyar\u0131 Seviyesinin Uyguland\u0131\u011f\u0131 Yerler<\/span><\/h4>\n<h4 id=\"liverpool-city-region\">Liverpool City Region<\/h4>\n<ul>\n<li>Liverpool<\/li>\n<li>Knowsley<\/li>\n<li>Wirral<\/li>\n<li>St Helens<\/li>\n<li>Sefton<\/li>\n<li>Halton<\/li>\n<\/ul>\n<div id=\"briti-3892537774\" class=\"briti-icerikten-sonra_2\" style=\"margin-top: 25px;margin-bottom: 25px;\"><a href=\"https:\/\/wa.me\/message\/NDZLLIOQT4H3O1\" aria-label=\"bytv reklam banner\"><img loading=\"lazy\" decoding=\"async\" src=\"https:\/\/by-tv.co.uk\/wp-content\/uploads\/2025\/12\/bytv-reklam-banner.jpg\" alt=\"\"  width=\"2376\" height=\"1008\"   \/><\/a><\/div>","protected":false},"excerpt":{"rendered":"<p>LONDRA (AA) &#8211; \u0130ngiltere Ba\u015fbakan\u0131 Boris Johnson,\u00a0yeni tip koronavir\u00fcs\u00a0(Kovid-19) salg\u0131n\u0131nda vaka say\u0131lar\u0131ndaki art\u0131\u015f\u0131n\u0131n tehlikeli bir noktaya ula\u015ft\u0131\u011f\u0131n\u0131 belirterek, &#8220;orta, y\u00fcksek ve \u00e7ok y\u00fcksek&#8221; olmak \u00fczere 3 yerel uyar\u0131 seviyesi olu\u015fturduklar\u0131n\u0131 duyurdu. Yeni m\u00fccadele plan\u0131 kapsam\u0131nda ilk olarak \u00c7ar\u015famba g\u00fcn\u00fc Liverpool&#8217;daki t\u00fcm publar, barlar ve bahis d\u00fckkanlar\u0131 kapat\u0131lacak. Johnson, Avam Kamaras\u0131nda yapt\u0131\u011f\u0131 a\u00e7\u0131klamada, vir\u00fcs\u00fcn yay\u0131lmas\u0131na izin verdikleri takdirde &#8220;engellenemez bir \u00f6l\u00fcm oran\u0131yla&#8221; kar\u015f\u0131la\u015facaklar\u0131 ve bu nedenle sa\u011fl\u0131k \u00e7al\u0131\u015fanlar\u0131n\u0131n di\u011fer hastalarla ilgilenemeyece\u011fi uyar\u0131s\u0131nda bulundu. \u00dclke genelinde okullar\u0131 ve i\u015f yerlerini kapatman\u0131n, insanlara evlerinde kalmalar\u0131n\u0131 s\u00f6ylemenin m\u00fcmk\u00fcn olmad\u0131\u011f\u0131na i\u015faret eden Johnson, ikinci bir ulusal karantinan\u0131n do\u011fru bir y\u00f6ntem olmayaca\u011f\u0131n\u0131 s\u00f6yledi. Johnson, Kovid-19 nedeniyle [&hellip;]<\/p>\n","protected":false},"author":1,"featured_media":6139,"comment_status":"open","ping_status":"open","sticky":false,"template":"","format":"standard","meta":{"ngg_post_thumbnail":0,"footnotes":""},"categories":[15],"tags":[],"class_list":["post-6138","post","type-post","status-publish","format-standard","has-post-thumbnail","hentry","category-ingiltere"],"_links":{"self":[{"href":"https:\/\/by-tv.co.uk\/en\/wp-json\/wp\/v2\/posts\/6138","targetHints":{"allow":["GET"]}}],"collection":[{"href":"https:\/\/by-tv.co.uk\/en\/wp-json\/wp\/v2\/posts"}],"about":[{"href":"https:\/\/by-tv.co.uk\/en\/wp-json\/wp\/v2\/types\/post"}],"author":[{"embeddable":true,"href":"https:\/\/by-tv.co.uk\/en\/wp-json\/wp\/v2\/users\/1"}],"replies":[{"embeddable":true,"href":"https:\/\/by-tv.co.uk\/en\/wp-json\/wp\/v2\/comments?post=6138"}],"version-history":[{"count":0,"href":"https:\/\/by-tv.co.uk\/en\/wp-json\/wp\/v2\/posts\/6138\/revisions"}],"wp:featuredmedia":[{"embeddable":true,"href":"https:\/\/by-tv.co.uk\/en\/wp-json\/wp\/v2\/media\/6139"}],"wp:attachment":[{"href":"https:\/\/by-tv.co.uk\/en\/wp-json\/wp\/v2\/media?parent=6138"}],"wp:term":[{"taxonomy":"category","embeddable":true,"href":"https:\/\/by-tv.co.uk\/en\/wp-json\/wp\/v2\/categories?post=6138"},{"taxonomy":"post_tag","embeddable":true,"href":"https:\/\/by-tv.co.uk\/en\/wp-json\/wp\/v2\/tags?post=6138"}],"curies":[{"name":"wp","href":"https:\/\/api.w.org\/{rel}","templated":true}]}}