{"id":6126,"date":"2020-10-12T08:32:54","date_gmt":"2020-10-12T05:32:54","guid":{"rendered":"https:\/\/by-tv.co.uk\/?p=6126"},"modified":"2020-10-12T01:38:25","modified_gmt":"2020-10-11T22:38:25","slug":"tuberkuloz-asisinin-kovid-19a-karsi-koruyuculugu-test-edilecek","status":"publish","type":"post","link":"https:\/\/by-tv.co.uk\/en\/tuberkuloz-asisinin-kovid-19a-karsi-koruyuculugu-test-edilecek\/","title":{"rendered":"\u0130ngiltere&#8217;de Exeter \u00dcniversitesinin liderli\u011finde, t\u00fcberk\u00fcloz a\u015f\u0131s\u0131n\u0131n Kovid-19&#8217;a kar\u015f\u0131 koruyuculu\u011fu test edilecek"},"content":{"rendered":"<p>BBC&#8217;nin haberine g\u00f6re, 1921 y\u0131l\u0131nda geli\u015ftirilen ve t\u00fcberk\u00fclozun yan\u0131 s\u0131ra di\u011fer enfeksiyonlara kar\u015f\u0131 koruyuculuk sa\u011flayabilece\u011fine dair kan\u0131t bulunan BCG, uluslararas\u0131 Brace \u00e7al\u0131\u015fmas\u0131 \u00e7er\u00e7evesinde \u0130ngiltere, Avustralya, Hollanda, \u0130spanya ve Brezilya&#8217;da toplam 10 bin g\u00f6n\u00fcll\u00fc \u00fczerinde deneniyor.<\/p>\n<p>\u0130ngiltere&#8217;de Exeter \u00dcniversitesinin liderli\u011finde ba\u015flat\u0131lan \u00e7al\u0131\u015fma \u00e7er\u00e7evesinde BCG a\u015f\u0131s\u0131 yap\u0131lacak bin g\u00f6n\u00fcll\u00fcn\u00fcn Kovid-19&#8217;a yakalanma oranlar\u0131 izlenecek. A\u015f\u0131n\u0131n b\u00fcy\u00fck \u00f6l\u00e7\u00fcde Kovid-19&#8217;a maruz kalma olas\u0131l\u0131klar\u0131 daha y\u00fcksek sa\u011fl\u0131k \u00e7al\u0131\u015fanlar\u0131na yap\u0131laca\u011f\u0131, b\u00f6ylece BCG&#8217;nin etkinli\u011finin daha h\u0131zl\u0131 bi\u00e7imde \u00f6\u011frenilece\u011fi ifade edildi.<\/p>\n<p>Exeter \u00dcniversitesi T\u0131p Fak\u00fcltesinde g\u00f6revli Profes\u00f6r John Campbell, BCG&#8217;nin Kovid-19 a\u015f\u0131lar\u0131nda ba\u015far\u0131l\u0131 sonu\u00e7lar al\u0131nana ve hastal\u0131\u011f\u0131n tedavisinde yeni y\u00f6ntemler geli\u015ftirilene kadar birka\u00e7 y\u0131l zaman kazan\u0131lmas\u0131n\u0131 sa\u011flayabilece\u011fini \u00fcmit ettiklerini s\u00f6yledi.<\/p><div id=\"briti-4043041753\" class=\"briti-icerik\" style=\"margin-top: 5px;margin-bottom: 5px;\"><a href=\"https:\/\/piaryum.com\/services\/\" aria-label=\"piaryum banner\"><img loading=\"lazy\" decoding=\"async\" src=\"https:\/\/by-tv.co.uk\/wp-content\/uploads\/2025\/12\/Gemini_Generated_Image_g5yqr1g5yqr1g5yq.jpg\" alt=\"\"  width=\"2064\" height=\"1152\"   \/><\/a><\/div>\n<p>\u00c7ocukken yap\u0131lan BCG a\u015f\u0131s\u0131n\u0131n Kovid-19&#8217;a kar\u015f\u0131 etkili oldu\u011fu do\u011frulan\u0131rsa fayda sa\u011flamak i\u00e7in bu ki\u015filerin yeniden t\u00fcberk\u00fcloz a\u015f\u0131s\u0131 yapt\u0131rmas\u0131 gerekece\u011fi d\u00fc\u015f\u00fcn\u00fcl\u00fcyor.<\/p>\n<p>Klinik \u00e7al\u0131\u015fmalar, BCG&#8217;nin Gine-Bissau&#8217;da yeni do\u011fan \u00f6l\u00fcmlerini y\u00fczde 38, G\u00fcney Afrika&#8217;da burun, bo\u011faz ve akci\u011fer enfeksiyonlar\u0131n\u0131 y\u00fczde 73 oran\u0131nda azaltt\u0131\u011f\u0131 ortaya koymu\u015ftu.<\/p>\n<p>Hollanda&#8217;da yap\u0131lan ara\u015ft\u0131rmalar da BCG&#8217;nin v\u00fccutta sar\u0131 humma vir\u00fcs\u00fcn\u00fcn miktar\u0131n\u0131 azaltt\u0131\u011f\u0131n\u0131 g\u00f6stermi\u015fti.<\/p>\n<p>Lancet dergisinde yay\u0131mlanan bir makalenin yazarlar\u0131 aras\u0131nda yer alan D\u00fcnya Sa\u011fl\u0131k \u00d6rg\u00fct\u00fc (DS\u00d6) Genel Direkt\u00f6r\u00fc Dr. Tedros Adhanom Ghebreyesus da BCG&#8217;nin, Kovid-19&#8217;a has bir a\u015f\u0131 geli\u015ftirilene kadar k\u00f6pr\u00fc g\u00f6revi g\u00f6rme potansiyeline sahip oldu\u011funu bildirmi\u015fti.<\/p>\n<p>AA<\/p>\n<div id=\"briti-3217357760\" class=\"briti-icerikten-sonra_2\" style=\"margin-top: 25px;margin-bottom: 25px;\"><a href=\"https:\/\/wa.me\/message\/NDZLLIOQT4H3O1\" aria-label=\"bytv reklam banner\"><img loading=\"lazy\" decoding=\"async\" src=\"https:\/\/by-tv.co.uk\/wp-content\/uploads\/2025\/12\/bytv-reklam-banner.jpg\" alt=\"\"  width=\"2376\" height=\"1008\"   \/><\/a><\/div>","protected":false},"excerpt":{"rendered":"<p>BBC&#8217;nin haberine g\u00f6re, 1921 y\u0131l\u0131nda geli\u015ftirilen ve t\u00fcberk\u00fclozun yan\u0131 s\u0131ra di\u011fer enfeksiyonlara kar\u015f\u0131 koruyuculuk sa\u011flayabilece\u011fine dair kan\u0131t bulunan BCG, uluslararas\u0131 Brace \u00e7al\u0131\u015fmas\u0131 \u00e7er\u00e7evesinde \u0130ngiltere, Avustralya, Hollanda, \u0130spanya ve Brezilya&#8217;da toplam 10 bin g\u00f6n\u00fcll\u00fc \u00fczerinde deneniyor. \u0130ngiltere&#8217;de Exeter \u00dcniversitesinin liderli\u011finde ba\u015flat\u0131lan \u00e7al\u0131\u015fma \u00e7er\u00e7evesinde BCG a\u015f\u0131s\u0131 yap\u0131lacak bin g\u00f6n\u00fcll\u00fcn\u00fcn Kovid-19&#8217;a yakalanma oranlar\u0131 izlenecek. A\u015f\u0131n\u0131n b\u00fcy\u00fck \u00f6l\u00e7\u00fcde Kovid-19&#8217;a maruz kalma olas\u0131l\u0131klar\u0131 daha y\u00fcksek sa\u011fl\u0131k \u00e7al\u0131\u015fanlar\u0131na yap\u0131laca\u011f\u0131, b\u00f6ylece BCG&#8217;nin etkinli\u011finin daha h\u0131zl\u0131 bi\u00e7imde \u00f6\u011frenilece\u011fi ifade edildi. Exeter \u00dcniversitesi T\u0131p Fak\u00fcltesinde g\u00f6revli Profes\u00f6r John Campbell, BCG&#8217;nin Kovid-19 a\u015f\u0131lar\u0131nda ba\u015far\u0131l\u0131 sonu\u00e7lar al\u0131nana ve hastal\u0131\u011f\u0131n tedavisinde yeni y\u00f6ntemler geli\u015ftirilene kadar birka\u00e7 y\u0131l zaman kazan\u0131lmas\u0131n\u0131 sa\u011flayabilece\u011fini \u00fcmit ettiklerini [&hellip;]<\/p>\n","protected":false},"author":1,"featured_media":6127,"comment_status":"open","ping_status":"open","sticky":false,"template":"","format":"standard","meta":{"ngg_post_thumbnail":0,"footnotes":""},"categories":[11],"tags":[2001],"class_list":["post-6126","post","type-post","status-publish","format-standard","has-post-thumbnail","hentry","category-dunya","tag-exeter-universitesi"],"_links":{"self":[{"href":"https:\/\/by-tv.co.uk\/en\/wp-json\/wp\/v2\/posts\/6126","targetHints":{"allow":["GET"]}}],"collection":[{"href":"https:\/\/by-tv.co.uk\/en\/wp-json\/wp\/v2\/posts"}],"about":[{"href":"https:\/\/by-tv.co.uk\/en\/wp-json\/wp\/v2\/types\/post"}],"author":[{"embeddable":true,"href":"https:\/\/by-tv.co.uk\/en\/wp-json\/wp\/v2\/users\/1"}],"replies":[{"embeddable":true,"href":"https:\/\/by-tv.co.uk\/en\/wp-json\/wp\/v2\/comments?post=6126"}],"version-history":[{"count":0,"href":"https:\/\/by-tv.co.uk\/en\/wp-json\/wp\/v2\/posts\/6126\/revisions"}],"wp:featuredmedia":[{"embeddable":true,"href":"https:\/\/by-tv.co.uk\/en\/wp-json\/wp\/v2\/media\/6127"}],"wp:attachment":[{"href":"https:\/\/by-tv.co.uk\/en\/wp-json\/wp\/v2\/media?parent=6126"}],"wp:term":[{"taxonomy":"category","embeddable":true,"href":"https:\/\/by-tv.co.uk\/en\/wp-json\/wp\/v2\/categories?post=6126"},{"taxonomy":"post_tag","embeddable":true,"href":"https:\/\/by-tv.co.uk\/en\/wp-json\/wp\/v2\/tags?post=6126"}],"curies":[{"name":"wp","href":"https:\/\/api.w.org\/{rel}","templated":true}]}}