{"id":6083,"date":"2020-10-10T13:55:35","date_gmt":"2020-10-10T10:55:35","guid":{"rendered":"https:\/\/by-tv.co.uk\/?p=6083"},"modified":"2020-10-10T14:04:28","modified_gmt":"2020-10-10T11:04:28","slug":"kktc-halki-11-adayli-yarista-cumhurbaskanini-sececek","status":"publish","type":"post","link":"https:\/\/by-tv.co.uk\/en\/kktc-halki-11-adayli-yarista-cumhurbaskanini-sececek\/","title":{"rendered":"KKTC halk\u0131 11 adayl\u0131 yar\u0131\u015fta cumhurba\u015fkan\u0131n\u0131 se\u00e7ecek"},"content":{"rendered":"<p>Kuzey K\u0131br\u0131s T\u00fcrk Cumhuriyeti&#8217;nde (KKTC) halk, yeni cumhurba\u015fkan\u0131n\u0131 se\u00e7mek \u00fczere yar\u0131na sand\u0131k ba\u015f\u0131na gidecek. 11 aday\u0131n yar\u0131\u015faca\u011f\u0131 se\u00e7im, K\u0131br\u0131s T\u00fcrk siyasi tarihine &#8220;en \u00e7ok aday\u0131n yar\u0131\u015ft\u0131\u011f\u0131 cumhurba\u015fkanl\u0131\u011f\u0131 se\u00e7imi&#8221; olarak ge\u00e7ecek. Yar\u0131nki se\u00e7imde oylar\u0131n salt \u00e7o\u011funlu\u011funu alan aday \u00e7\u0131kmad\u0131\u011f\u0131 takdirde se\u00e7im ikinci tura kalacak.<\/p>\n<p><img loading=\"lazy\" decoding=\"async\" class=\"alignleft size-full wp-image-6084\" src=\"https:\/\/by-tv.co.uk\/wp-content\/uploads\/2020\/10\/20201010_5_44767688_58788183_RASTER-scaled.jpg\" alt=\"\" width=\"1782\" height=\"2560\" title=\"\"><\/p>\n<div id=\"briti-59638690\" class=\"briti-icerikten-sonra_2\" style=\"margin-top: 25px;margin-bottom: 25px;\"><a href=\"https:\/\/wa.me\/message\/NDZLLIOQT4H3O1\" aria-label=\"bytv reklam banner\"><img loading=\"lazy\" decoding=\"async\" src=\"https:\/\/by-tv.co.uk\/wp-content\/uploads\/2025\/12\/bytv-reklam-banner.jpg\" alt=\"\"  width=\"2376\" height=\"1008\"   \/><\/a><\/div>","protected":false},"excerpt":{"rendered":"<p>Kuzey K\u0131br\u0131s T\u00fcrk Cumhuriyeti&#8217;nde (KKTC) halk, yeni cumhurba\u015fkan\u0131n\u0131 se\u00e7mek \u00fczere yar\u0131na sand\u0131k ba\u015f\u0131na gidecek. 11 aday\u0131n yar\u0131\u015faca\u011f\u0131 se\u00e7im, K\u0131br\u0131s T\u00fcrk siyasi tarihine &#8220;en \u00e7ok aday\u0131n yar\u0131\u015ft\u0131\u011f\u0131 cumhurba\u015fkanl\u0131\u011f\u0131 se\u00e7imi&#8221; olarak ge\u00e7ecek. Yar\u0131nki se\u00e7imde oylar\u0131n salt \u00e7o\u011funlu\u011funu alan aday \u00e7\u0131kmad\u0131\u011f\u0131 takdirde se\u00e7im ikinci tura kalacak.<\/p>","protected":false},"author":1,"featured_media":6086,"comment_status":"open","ping_status":"open","sticky":false,"template":"","format":"standard","meta":{"ngg_post_thumbnail":0,"footnotes":""},"categories":[5],"tags":[],"class_list":["post-6083","post","type-post","status-publish","format-standard","has-post-thumbnail","hentry","category-haber"],"_links":{"self":[{"href":"https:\/\/by-tv.co.uk\/en\/wp-json\/wp\/v2\/posts\/6083","targetHints":{"allow":["GET"]}}],"collection":[{"href":"https:\/\/by-tv.co.uk\/en\/wp-json\/wp\/v2\/posts"}],"about":[{"href":"https:\/\/by-tv.co.uk\/en\/wp-json\/wp\/v2\/types\/post"}],"author":[{"embeddable":true,"href":"https:\/\/by-tv.co.uk\/en\/wp-json\/wp\/v2\/users\/1"}],"replies":[{"embeddable":true,"href":"https:\/\/by-tv.co.uk\/en\/wp-json\/wp\/v2\/comments?post=6083"}],"version-history":[{"count":0,"href":"https:\/\/by-tv.co.uk\/en\/wp-json\/wp\/v2\/posts\/6083\/revisions"}],"wp:featuredmedia":[{"embeddable":true,"href":"https:\/\/by-tv.co.uk\/en\/wp-json\/wp\/v2\/media\/6086"}],"wp:attachment":[{"href":"https:\/\/by-tv.co.uk\/en\/wp-json\/wp\/v2\/media?parent=6083"}],"wp:term":[{"taxonomy":"category","embeddable":true,"href":"https:\/\/by-tv.co.uk\/en\/wp-json\/wp\/v2\/categories?post=6083"},{"taxonomy":"post_tag","embeddable":true,"href":"https:\/\/by-tv.co.uk\/en\/wp-json\/wp\/v2\/tags?post=6083"}],"curies":[{"name":"wp","href":"https:\/\/api.w.org\/{rel}","templated":true}]}}