{"id":5770,"date":"2020-09-21T18:43:33","date_gmt":"2020-09-21T15:43:33","guid":{"rendered":"https:\/\/by-tv.co.uk\/?p=5770"},"modified":"2020-09-21T18:43:33","modified_gmt":"2020-09-21T15:43:33","slug":"sompo-yurt-disi-egitim-seyahat-sigortasinda-kovid-19u-teminat-altina-aldi","status":"publish","type":"post","link":"https:\/\/by-tv.co.uk\/en\/sompo-yurt-disi-egitim-seyahat-sigortasinda-kovid-19u-teminat-altina-aldi\/","title":{"rendered":"SOMPO, Yurt D\u0131\u015f\u0131 E\u011fitim Seyahat Sigortas\u0131&#8217;nda Kovid-19&#8217;u teminat alt\u0131na ald\u0131"},"content":{"rendered":"<p>\u0130STANBUL (AA) &#8211; Sompo Sigorta, m\u00fc\u015fterilerinin yeni tip koronavir\u00fcs (Kovid-19) ile de\u011fi\u015fen ihtiya\u00e7lar\u0131 do\u011frultusunda e\u011fitim amac\u0131yla yurt d\u0131\u015f\u0131na giden \u00f6\u011frencilere y\u00f6nelik sundu\u011fu Yurtd\u0131\u015f\u0131 E\u011fitim Seyahat Sigortas\u0131 \u00fcr\u00fcn\u00fcne &#8220;Kovid-19 teminat\u0131n\u0131&#8221; dahil etti.<br \/>\nSompo Sigorta&#8217;dan yap\u0131lan a\u00e7\u0131klamada g\u00f6r\u00fc\u015flerine yer verilen Sompo Sigorta \u00d6zel \u00dcr\u00fcnler Direkt\u00f6r\u00fc Serdar Aybay, pandemi d\u00f6neminde T\u00fcrkiye&#8217;nin, sa\u011fl\u0131k sistemi ve hastane yeterlili\u011fi bak\u0131m\u0131ndan olduk\u00e7a iyi bir s\u0131nav verdi\u011fini belirterek, Avrupa \u00fclkelerinde ise tam tersi durumlar ya\u015fand\u0131\u011f\u0131n\u0131 kaydetti.<\/p>\n<p>Pandemi s\u00fcrecinin Avrupa \u00fclkelerindeki sa\u011fl\u0131k sisteminin ne kadar yetersiz oldu\u011funu g\u00f6sterdi\u011fine i\u015faret eden Aybay, &#8220;Dolay\u0131s\u0131yla aileler, \u00e7ocuklar\u0131n\u0131n e\u011fitim i\u00e7in yurt d\u0131\u015f\u0131na gitmesinden dolay\u0131 endi\u015feliler. Di\u011fer taraftan \u00fclkemizde \u00fccretsiz olan Kovid-19 tedavisi, Avrupa&#8217;da olduk\u00e7a y\u00fcksek maliyet olu\u015fturuyor. Bu ger\u00e7eklerden hareketle biz de, ailelerin bu endi\u015felerini en aza indirgemek ve \u00f6\u011frencilerimizin kar\u015f\u0131la\u015faca\u011f\u0131 olumsuz durumlar\u0131 ortadan kald\u0131rmak amac\u0131yla Yurtd\u0131\u015f\u0131 E\u011fitim Seyahat Sigortas\u0131&#8217;na Kovid-19 teminat\u0131n\u0131 dahil ettik.&#8221; ifadelerini kulland\u0131.<\/p>\n<p>Seyahat sigortas\u0131nda T\u00fcrkiye&#8217;nin lider \u015firketi olarak, m\u00fc\u015fterilerinin g\u00fcn\u00fcm\u00fcz ko\u015fullar\u0131 do\u011frultusunda farkl\u0131la\u015fan ihtiya\u00e7lar\u0131na y\u00f6nelik en kapsaml\u0131 poli\u00e7eleri sunman\u0131n, kurulduklar\u0131 ilk g\u00fcnden beri \u00f6ncelikleri oldu\u011funu belirten Aybay, \u015funlar\u0131 kaydetti:<br \/>\n&#8220;Bu bak\u0131\u015f a\u00e7\u0131s\u0131yla kapsam\u0131n\u0131 Kovid-19 tedavisiyle geni\u015fletti\u011fimiz Yurt D\u0131\u015f\u0131 Seyahat Sa\u011fl\u0131k Sigortas\u0131 \u00fcr\u00fcn\u00fcm\u00fcz \u00f6zellikle son 2 ayda yo\u011fun ilgi g\u00f6r\u00fcyor. Bu yo\u011fun ilginin en \u00f6nemli nedenlerinden birisi, sundu\u011fumuz poli\u00e7enin m\u00fc\u015fterimizi yurt d\u0131\u015f\u0131nda maddi anlamda da korumas\u0131&#8230;<\/p><div id=\"briti-3813446061\" class=\"briti-icerik\" style=\"margin-top: 5px;margin-bottom: 5px;\"><a href=\"https:\/\/piaryum.com\/services\/\" aria-label=\"piaryum banner\"><img loading=\"lazy\" decoding=\"async\" src=\"https:\/\/by-tv.co.uk\/wp-content\/uploads\/2025\/12\/Gemini_Generated_Image_g5yqr1g5yqr1g5yq.jpg\" alt=\"\"  width=\"2064\" height=\"1152\"   \/><\/a><\/div>\n<p>Genel uygulamada, sigorta \u015firketleri, risk ger\u00e7ekle\u015fti\u011finde \u00f6demeyi sigortal\u0131n\u0131n yapmas\u0131n\u0131 ve sonras\u0131nda tedaviye ait faturalar\u0131 \u015firkete g\u00f6ndermesini ister. \u015eirket olarak fark\u0131m\u0131z i\u015fte burada ortaya \u00e7\u0131k\u0131yor. Yurt d\u0131\u015f\u0131nda herhangi bir risk ger\u00e7ekle\u015fti\u011finde limitler dahilinde \u00f6demeyi sigortal\u0131m\u0131z de\u011fil, kurumla irtibata ge\u00e7erek direkt biz kar\u015f\u0131l\u0131yoruz. Sigortal\u0131m\u0131z, tedavisini olup bu tedaviye ait \u00f6deme yapmadan kurumdan ayr\u0131l\u0131yor. Bu nedenlerle uzun y\u0131llard\u0131r Erasmus \u00f6\u011frencileri taraf\u0131ndan ilgi g\u00f6ren \u00fcr\u00fcn\u00fcm\u00fcz, Kovid-19 tedavisinin de dahil edilmesiyle her ailenin almak isteyece\u011fi bir \u00fcr\u00fcn haline geldi.&#8221;<\/p>\n<h4>Refakat\u00e7inin seyahat ve konaklama giderleri de kar\u015f\u0131lan\u0131yor<\/h4>\n<p>Serdar Aybay, Yurt D\u0131\u015f\u0131 Seyahat Sa\u011fl\u0131 Sigortas\u0131 kapsam\u0131nda, teminatlar ve limitler dahilinde sigortal\u0131n\u0131n hastalanmas\u0131 veya yaralanmas\u0131 durumunda ki\u015fiye refakat edecek bir aile \u00fcyesinin seyahatini ve konaklamas\u0131n\u0131 da kar\u015f\u0131lad\u0131klar\u0131n\u0131 bildirdi.<br \/>\nAybay, &#8220;Koronavir\u00fcs dolay\u0131s\u0131yla olu\u015facak t\u0131bbi ve yatarak tedavi giderlerini teminat limitleri dahilinde kar\u015f\u0131l\u0131yoruz. Ayr\u0131ca, sigortal\u0131n\u0131n aile \u00fcyelerinden birinin vefat etmesi halinde sigortal\u0131n\u0131n \u00fclkeye d\u00f6n\u00fc\u015f seyahatini de organize ediyoruz. Dileriz ki; \u00f6\u011frencilerimiz e\u011fitimlerini sa\u011fl\u0131kl\u0131 ve mutlu bir \u015fekilde s\u00fcrd\u00fcr\u00fcr ancak beklenmedik bir sa\u011fl\u0131k sorunu ile kar\u015f\u0131la\u015fmalar\u0131 durumunda her zaman onlar\u0131n yan\u0131nday\u0131z.&#8221; ifadelerini kulland\u0131.<\/p>\n<div id=\"briti-1476136155\" class=\"briti-icerikten-sonra_2\" style=\"margin-top: 25px;margin-bottom: 25px;\"><a href=\"https:\/\/wa.me\/message\/NDZLLIOQT4H3O1\" aria-label=\"bytv reklam banner\"><img loading=\"lazy\" decoding=\"async\" src=\"https:\/\/by-tv.co.uk\/wp-content\/uploads\/2025\/12\/bytv-reklam-banner.jpg\" alt=\"\"  width=\"2376\" height=\"1008\"   \/><\/a><\/div>","protected":false},"excerpt":{"rendered":"<p>\u0130STANBUL (AA) &#8211; Sompo Sigorta, m\u00fc\u015fterilerinin yeni tip koronavir\u00fcs (Kovid-19) ile de\u011fi\u015fen ihtiya\u00e7lar\u0131 do\u011frultusunda e\u011fitim amac\u0131yla yurt d\u0131\u015f\u0131na giden \u00f6\u011frencilere y\u00f6nelik sundu\u011fu Yurtd\u0131\u015f\u0131 E\u011fitim Seyahat Sigortas\u0131 \u00fcr\u00fcn\u00fcne &#8220;Kovid-19 teminat\u0131n\u0131&#8221; dahil etti. Sompo Sigorta&#8217;dan yap\u0131lan a\u00e7\u0131klamada g\u00f6r\u00fc\u015flerine yer verilen Sompo Sigorta \u00d6zel \u00dcr\u00fcnler Direkt\u00f6r\u00fc Serdar Aybay, pandemi d\u00f6neminde T\u00fcrkiye&#8217;nin, sa\u011fl\u0131k sistemi ve hastane yeterlili\u011fi bak\u0131m\u0131ndan olduk\u00e7a iyi bir s\u0131nav verdi\u011fini belirterek, Avrupa \u00fclkelerinde ise tam tersi durumlar ya\u015fand\u0131\u011f\u0131n\u0131 kaydetti. Pandemi s\u00fcrecinin Avrupa \u00fclkelerindeki sa\u011fl\u0131k sisteminin ne kadar yetersiz oldu\u011funu g\u00f6sterdi\u011fine i\u015faret eden Aybay, &#8220;Dolay\u0131s\u0131yla aileler, \u00e7ocuklar\u0131n\u0131n e\u011fitim i\u00e7in yurt d\u0131\u015f\u0131na gitmesinden dolay\u0131 endi\u015feliler. Di\u011fer taraftan \u00fclkemizde \u00fccretsiz olan Kovid-19 tedavisi, Avrupa&#8217;da [&hellip;]<\/p>\n","protected":false},"author":1,"featured_media":5773,"comment_status":"open","ping_status":"open","sticky":false,"template":"","format":"standard","meta":{"ngg_post_thumbnail":0,"footnotes":""},"categories":[1],"tags":[1509,1550,445,1905,1901,1900,1904,1903,1521,1902],"class_list":["post-5770","post","type-post","status-publish","format-standard","has-post-thumbnail","hentry","category-genel","tag-kovid-19","tag-pandemi","tag-police","tag-serdar-aybay","tag-seyahat-sigortasi","tag-sompo","tag-sompo-sigorta","tag-teminat","tag-yurtdisi-egitim","tag-yurtdisi-egitim-seyahat-sigortasi"],"_links":{"self":[{"href":"https:\/\/by-tv.co.uk\/en\/wp-json\/wp\/v2\/posts\/5770","targetHints":{"allow":["GET"]}}],"collection":[{"href":"https:\/\/by-tv.co.uk\/en\/wp-json\/wp\/v2\/posts"}],"about":[{"href":"https:\/\/by-tv.co.uk\/en\/wp-json\/wp\/v2\/types\/post"}],"author":[{"embeddable":true,"href":"https:\/\/by-tv.co.uk\/en\/wp-json\/wp\/v2\/users\/1"}],"replies":[{"embeddable":true,"href":"https:\/\/by-tv.co.uk\/en\/wp-json\/wp\/v2\/comments?post=5770"}],"version-history":[{"count":0,"href":"https:\/\/by-tv.co.uk\/en\/wp-json\/wp\/v2\/posts\/5770\/revisions"}],"wp:featuredmedia":[{"embeddable":true,"href":"https:\/\/by-tv.co.uk\/en\/wp-json\/wp\/v2\/media\/5773"}],"wp:attachment":[{"href":"https:\/\/by-tv.co.uk\/en\/wp-json\/wp\/v2\/media?parent=5770"}],"wp:term":[{"taxonomy":"category","embeddable":true,"href":"https:\/\/by-tv.co.uk\/en\/wp-json\/wp\/v2\/categories?post=5770"},{"taxonomy":"post_tag","embeddable":true,"href":"https:\/\/by-tv.co.uk\/en\/wp-json\/wp\/v2\/tags?post=5770"}],"curies":[{"name":"wp","href":"https:\/\/api.w.org\/{rel}","templated":true}]}}