{"id":5754,"date":"2020-09-21T16:04:39","date_gmt":"2020-09-21T13:04:39","guid":{"rendered":"https:\/\/by-tv.co.uk\/?p=5754"},"modified":"2020-09-21T16:04:39","modified_gmt":"2020-09-21T13:04:39","slug":"yerli-video-konferans-uygulamasi-ilk-sinavdan-gecti","status":"publish","type":"post","link":"https:\/\/by-tv.co.uk\/en\/yerli-video-konferans-uygulamasi-ilk-sinavdan-gecti\/","title":{"rendered":"Yerli video konferans uygulamas\u0131 ilk s\u0131navdan ge\u00e7ti"},"content":{"rendered":"<p>ANKARA (AA) &#8211;\u00a0<strong>ASELSAN<\/strong> i\u015ftiraki <strong>B\u0130TES<\/strong> taraf\u0131ndan geli\u015ftirilen yerli <strong>video konferans\/webina<\/strong>r uygulamas\u0131 <strong>BizBize<\/strong>, uluslararas\u0131 kat\u0131l\u0131mla ger\u00e7ekle\u015ftirilen <strong>SEDEC<\/strong> etkinli\u011finde ba\u015far\u0131l\u0131 bir s\u0131nav verdi. Etkinlik, uygulaman\u0131n uluslararas\u0131 alanda duyulmas\u0131na \u00f6nemli katk\u0131 sa\u011flad\u0131.<\/p>\n<p>Anayurt, s\u0131n\u0131r, i\u00e7 g\u00fcvenlik ve savunma sistemleri ana temas\u0131yla 15-17 Eylu\u0308l&#8217;de d\u00fczenlenen ve yeni tip koronavir\u00fcs (Kovid-19) salg\u0131n\u0131 nedeniyle sanal ortamda ger\u00e7ekle\u015ftirilen \u201cg\u00fcvenlik ve savunma bulu\u015fmas\u0131\u201d SEDEC, yerli video konferans uygulamas\u0131 BizBize i\u00e7in \u00f6nemli bir test imkan\u0131 sundu.<\/p>\n<p>Salg\u0131n nedeniyle yap\u0131lamayan y\u00fcz y\u00fcze g\u00f6r\u00fc\u015fmelerin yerini BizBize \u00fczerinden yap\u0131lan toplant\u0131 ve g\u00f6r\u00fc\u015fmeler ald\u0131. BizBize, sundu\u011fu altyap\u0131yla kat\u0131l\u0131mc\u0131lara g\u00fcvenli g\u00f6r\u00fc\u015fme imkan\u0131 sa\u011flad\u0131.<\/p><div id=\"briti-3677897387\" class=\"briti-icerik\" style=\"margin-top: 5px;margin-bottom: 5px;\"><a href=\"https:\/\/piaryum.com\/services\/\" aria-label=\"piaryum banner\"><img loading=\"lazy\" decoding=\"async\" src=\"https:\/\/by-tv.co.uk\/wp-content\/uploads\/2025\/12\/Gemini_Generated_Image_g5yqr1g5yqr1g5yq.jpg\" alt=\"\"  width=\"2064\" height=\"1152\"   \/><\/a><\/div>\n<p>Yerli yaz\u0131l\u0131m sayesinde T\u00fcrk g\u00fcvenlik ve savunma sanayisi firmalar\u0131 bir\u00e7ok \u00fclkeden tedarik makamlar\u0131yla g\u00f6r\u00fc\u015fmeler ger\u00e7ekle\u015ftirip d\u00fcnya pazar\u0131yla bulu\u015ftu.<\/p>\n<p>SEDEC etkinli\u011fi kapsam\u0131nda BizBize \u00fczerinden 3 g\u00fcn boyunca 24 \u00fclkeden 254 firma ve kurum, 700 toplant\u0131 ger\u00e7ekle\u015ftirdi. Yap\u0131lan toplant\u0131lar\u0131n s\u00fcresi 410 saati buldu.<\/p>\n<h4>Uluslararas\u0131 marka olma yolunda ilk ad\u0131m<\/h4>\n<p>B\u0130TES Genel M\u00fcd\u00fcr\u00fc U\u011fur Co\u015fkun, AA muhabirine, salg\u0131n sonras\u0131 uzaktan \u00e7al\u0131\u015fma ve e\u011fitim uygulamalar\u0131n\u0131n artmas\u0131yla yerli video konferans uygulamas\u0131 BizBize, uluslararas\u0131 ad\u0131yla XperMeet\u2019i geli\u015ftirdiklerini s\u00f6yledi.<\/p>\n<p>Ge\u00e7en s\u00fcrede uygulamay\u0131 \u00e7e\u015fitli kurum ve kurulu\u015fla payla\u015ft\u0131klar\u0131n\u0131, buralardan elde ettikleri geri d\u00f6n\u00fc\u015flerle uzman bir ekiple s\u00fcrekli geli\u015ftirmeler yapt\u0131klar\u0131n\u0131 ifade eden Co\u015fkun, tamamen sanal ortamda ger\u00e7ekle\u015ftirilen SEDEC etkinli\u011finin BizBize\u2019nin kabiliyetlerini g\u00f6rmek a\u00e7\u0131s\u0131ndan \u00f6nemli bir f\u0131rsat sundu\u011funu kaydetti.<\/p>\n<p>Co\u015fkun, yo\u011fun bir g\u00f6r\u00fc\u015fme trafi\u011fine sahne olan etkinli\u011fi BizBize ile sorunsuz \u015fekilde tamamlad\u0131klar\u0131n\u0131 belirterek, \u015fu de\u011ferlendirmelerde bulundu:<\/p>\n<p>&#8220;BizBize\u2019yi geli\u015ftirirken hedefimiz T\u00fcrkiye pazar\u0131 ile s\u0131n\u0131rl\u0131 de\u011fildi. O y\u00fczden de kendimize uluslararas\u0131 pazarlar i\u00e7in XperMeet markas\u0131 olu\u015fturduk. T\u00fcrkiye\u2019de uygulamay\u0131 yayg\u0131nla\u015ft\u0131rmaya \u00e7al\u0131\u015f\u0131rken uluslararas\u0131 pazarlar\u0131 da ihmal etmiyoruz. Bu nedenle SEDEC, vizyonumuzla \u00f6rt\u00fc\u015fen ve \u00e7ok \u00f6nemsedi\u011fimiz bir etkinlikti. Bu etkinlik sayesinde 24 \u00fclkeden \u00e7ok \u00f6nemli heyetler bizim video konferans uygulamam\u0131z\u0131 kulland\u0131 ve uygulamam\u0131zla bizzat kullanarak tan\u0131\u015ft\u0131.<\/p>\n<p>Bir anlamda XperMeet markas\u0131n\u0131n ilk uluslararas\u0131 lansman\u0131n\u0131 yapt\u0131k ve ilk kez bu boyutta bir s\u0131nav verdik. Ald\u0131\u011f\u0131m\u0131z tepkiler, bu s\u0131nav\u0131 ba\u015far\u0131yla verdi\u011fimiz y\u00f6n\u00fcnde. Bunun yan\u0131nda kullan\u0131c\u0131lardan ald\u0131\u011f\u0131m\u0131z \u00f6neri ve taleplerle uygulamam\u0131z\u0131 daha da geli\u015ftirip ,g\u00fc\u00e7l\u00fc bir uluslararas\u0131 marka olu\u015fturma y\u00f6n\u00fcnde \u00e7al\u0131\u015fmalar\u0131m\u0131za devam ediyoruz.&#8221;<\/p>\n<h4>Kritik sekt\u00f6rlerde g\u00fcvenli ileti\u015fim imkan\u0131<\/h4>\n<p>BizBize, e\u011fitim, finans, sa\u011fl\u0131k, enerji ve savunma gibi stratejik ve kritik alanlardaki g\u00f6r\u00fcnt\u00fcl\u00fc ileti\u015fimin g\u00fcvenli \u015fekilde ger\u00e7ekle\u015ftirilmesi a\u00e7\u0131s\u0131ndan sorumluluklar \u00fcstlenebilecek.<\/p>\n<p>U\u00e7tan uca \u015fifreleme ve SSL sertifikas\u0131 ile g\u00fcvenli\u011fi maksimum seviyede tutan uygulama, kullan\u0131c\u0131 verilerin yurt d\u0131\u015f\u0131na gitmesini \u00f6nlemek amac\u0131yla da Turkcell ve T\u00fcrksat altyap\u0131lar\u0131n\u0131 kullan\u0131yor.<\/p>\n<p>Kesintisiz ve y\u00fcksek kalitede g\u00f6r\u00fc\u015fme kabiliyeti sunan uygulamayla y\u00fcksek g\u00fcvenlikli dosya payla\u015f\u0131m\u0131 da m\u00fcmk\u00fcn olacak. Uygulama internet taray\u0131c\u0131lar ve mobil platformlarda kullan\u0131labilecek.<\/p>\n<div id=\"briti-4225283371\" class=\"briti-icerikten-sonra_2\" style=\"margin-top: 25px;margin-bottom: 25px;\"><a href=\"https:\/\/wa.me\/message\/NDZLLIOQT4H3O1\" aria-label=\"bytv reklam banner\"><img loading=\"lazy\" decoding=\"async\" src=\"https:\/\/by-tv.co.uk\/wp-content\/uploads\/2025\/12\/bytv-reklam-banner.jpg\" alt=\"\"  width=\"2376\" height=\"1008\"   \/><\/a><\/div>","protected":false},"excerpt":{"rendered":"<p>ANKARA (AA) &#8211;\u00a0ASELSAN i\u015ftiraki B\u0130TES taraf\u0131ndan geli\u015ftirilen yerli video konferans\/webinar uygulamas\u0131 BizBize, uluslararas\u0131 kat\u0131l\u0131mla ger\u00e7ekle\u015ftirilen SEDEC etkinli\u011finde ba\u015far\u0131l\u0131 bir s\u0131nav verdi. Etkinlik, uygulaman\u0131n uluslararas\u0131 alanda duyulmas\u0131na \u00f6nemli katk\u0131 sa\u011flad\u0131. Anayurt, s\u0131n\u0131r, i\u00e7 g\u00fcvenlik ve savunma sistemleri ana temas\u0131yla 15-17 Eylu\u0308l&#8217;de d\u00fczenlenen ve yeni tip koronavir\u00fcs (Kovid-19) salg\u0131n\u0131 nedeniyle sanal ortamda ger\u00e7ekle\u015ftirilen \u201cg\u00fcvenlik ve savunma bulu\u015fmas\u0131\u201d SEDEC, yerli video konferans uygulamas\u0131 BizBize i\u00e7in \u00f6nemli bir test imkan\u0131 sundu. Salg\u0131n nedeniyle yap\u0131lamayan y\u00fcz y\u00fcze g\u00f6r\u00fc\u015fmelerin yerini BizBize \u00fczerinden yap\u0131lan toplant\u0131 ve g\u00f6r\u00fc\u015fmeler ald\u0131. BizBize, sundu\u011fu altyap\u0131yla kat\u0131l\u0131mc\u0131lara g\u00fcvenli g\u00f6r\u00fc\u015fme imkan\u0131 sa\u011flad\u0131. Yerli yaz\u0131l\u0131m sayesinde T\u00fcrk g\u00fcvenlik ve savunma sanayisi firmalar\u0131 bir\u00e7ok \u00fclkeden [&hellip;]<\/p>\n","protected":false},"author":1,"featured_media":5755,"comment_status":"open","ping_status":"open","sticky":false,"template":"","format":"standard","meta":{"ngg_post_thumbnail":0,"footnotes":""},"categories":[8],"tags":[1559,1877,1878,1879,1880],"class_list":["post-5754","post","type-post","status-publish","format-standard","has-post-thumbnail","hentry","category-teknoloji","tag-aselsan","tag-bites","tag-bizbize","tag-sedec","tag-xpermeet"],"_links":{"self":[{"href":"https:\/\/by-tv.co.uk\/en\/wp-json\/wp\/v2\/posts\/5754","targetHints":{"allow":["GET"]}}],"collection":[{"href":"https:\/\/by-tv.co.uk\/en\/wp-json\/wp\/v2\/posts"}],"about":[{"href":"https:\/\/by-tv.co.uk\/en\/wp-json\/wp\/v2\/types\/post"}],"author":[{"embeddable":true,"href":"https:\/\/by-tv.co.uk\/en\/wp-json\/wp\/v2\/users\/1"}],"replies":[{"embeddable":true,"href":"https:\/\/by-tv.co.uk\/en\/wp-json\/wp\/v2\/comments?post=5754"}],"version-history":[{"count":0,"href":"https:\/\/by-tv.co.uk\/en\/wp-json\/wp\/v2\/posts\/5754\/revisions"}],"wp:featuredmedia":[{"embeddable":true,"href":"https:\/\/by-tv.co.uk\/en\/wp-json\/wp\/v2\/media\/5755"}],"wp:attachment":[{"href":"https:\/\/by-tv.co.uk\/en\/wp-json\/wp\/v2\/media?parent=5754"}],"wp:term":[{"taxonomy":"category","embeddable":true,"href":"https:\/\/by-tv.co.uk\/en\/wp-json\/wp\/v2\/categories?post=5754"},{"taxonomy":"post_tag","embeddable":true,"href":"https:\/\/by-tv.co.uk\/en\/wp-json\/wp\/v2\/tags?post=5754"}],"curies":[{"name":"wp","href":"https:\/\/api.w.org\/{rel}","templated":true}]}}