{"id":5743,"date":"2020-09-20T23:51:38","date_gmt":"2020-09-20T20:51:38","guid":{"rendered":"https:\/\/by-tv.co.uk\/?p=5743"},"modified":"2020-09-20T23:51:38","modified_gmt":"2020-09-20T20:51:38","slug":"okullarda-kovid-19a-yonelik-en-onemli-tedbir-fiziksel-mesafe-ve-hijyen","status":"publish","type":"post","link":"https:\/\/by-tv.co.uk\/en\/okullarda-kovid-19a-yonelik-en-onemli-tedbir-fiziksel-mesafe-ve-hijyen\/","title":{"rendered":"Okullarda Kovid-19&#8217;a y\u00f6nelik en \u00f6nemli tedbir &#8216;fiziksel mesafe ve hijyen&#8217;"},"content":{"rendered":"<p>ANKARA (AA) &#8211; Yeni tip <strong>koronavir\u00fcs<\/strong> (<strong>Kovid-19<\/strong>) pandemi s\u00fcrecinde, okullarda <strong>maske<\/strong> kullan\u0131lmas\u0131, <strong>hijyen<\/strong> ile <strong>fiziksel mesafe<\/strong>ye dikkat edilmesi, \u00e7ocuklar\u0131 okula 65 ya\u015f \u00fcst\u00fc olan ve kronik hastal\u0131\u011f\u0131 bulunanlar\u0131n al\u0131p b\u0131rakmamas\u0131, \u00e7ocuklar\u0131n s\u0131n\u0131flarda belirlenen oturma d\u00fczenine g\u00f6re hep ayn\u0131 yerde e\u011fitim almas\u0131 ve Kovid-19 belirtisi olmas\u0131 halinde okula gelinmemesi gerekti\u011fi belirtildi.<\/p>\n<p>D\u00fcnya genelinde bir yandan yeni vaka say\u0131lar\u0131 art\u0131\u015f g\u00f6sterirken di\u011fer yandan ise k\u0131sm\u0131 olarak okullar\u0131n a\u00e7\u0131lmaya ba\u015flamas\u0131yla birlikte, olas\u0131 vir\u00fcs yay\u0131l\u0131m\u0131n \u00f6nlenebilmesi i\u00e7in s\u0131k\u0131 tedbirler hayata ge\u00e7iriliyor.<\/p>\n<p>\u00c7e\u015fitli \u00fclkelerde okullar\u0131n a\u00e7\u0131lmas\u0131n\u0131n ard\u0131ndan T\u00fcrkiye&#8217;de de yar\u0131ndan itibaren okula ba\u015flayacak birinci s\u0131n\u0131flarla birlikte y\u00fcz y\u00fcze e\u011fitimde yeni bir d\u00f6neme giriliyor. Okullarda salg\u0131nda sa\u011fl\u0131\u011f\u0131n korunmas\u0131 i\u00e7in tedbirlere uyulmas\u0131 hayati \u00f6nem ta\u015f\u0131yor.<\/p><div id=\"briti-3507169525\" class=\"briti-icerik\" style=\"margin-top: 5px;margin-bottom: 5px;\"><a href=\"https:\/\/piaryum.com\/services\/\" aria-label=\"piaryum banner\"><img loading=\"lazy\" decoding=\"async\" src=\"https:\/\/by-tv.co.uk\/wp-content\/uploads\/2025\/12\/Gemini_Generated_Image_g5yqr1g5yqr1g5yq.jpg\" alt=\"\"  width=\"2064\" height=\"1152\"   \/><\/a><\/div>\n<p>Fiziksel mesafe, maske kullan\u0131m\u0131 ve hijyenin temel oldu\u011fu tedbirler zincirine, hastal\u0131ktan korunmaya ve vir\u00fcs\u00fcn yay\u0131lmas\u0131na engel olunmas\u0131 i\u00e7in dikkat edilmesi gerekiyor.<\/p>\n<p>Sa\u011fl\u0131k Bakanl\u0131\u011f\u0131nca, T\u00fcrkiye&#8217;de ilk Kovid-19 vakas\u0131n\u0131n g\u00f6r\u00fcld\u00fc\u011f\u00fc tarihten bu yana g\u00fcncellenerek yay\u0131mlanan Salg\u0131n Y\u00f6netimi ve \u00c7al\u0131\u015fma Rehberi&#8217;nde yer alan &#8220;Kovid-19 kapsam\u0131nda okullarda al\u0131nmas\u0131 gereken \u00f6nlemler&#8221; kapsam\u0131nda, tedbirlere ili\u015fkin s\u00fcrecin evde ba\u015flayaca\u011f\u0131 ve okulun ard\u0131ndan yine evde tamamlanaca\u011f\u0131 vurgulan\u0131yor.<\/p>\n<h4>65 ya\u015f \u00fcst\u00fcndekiler, altta yatan hastal\u0131\u011f\u0131 olanlar \u00f6\u011frencileri b\u0131rak\u0131p almayacak<\/h4>\n<p>Okullarda bu s\u00fcre\u00e7te al\u0131nmas\u0131 gereken tedbirlere g\u00f6re, okul binas\u0131n\u0131n giri\u015fleri ve i\u00e7erisinde uygun yerlere kurallara, sosyal mesafe, maske kullan\u0131m\u0131, el temizli\u011fi ve \u00f6\u011frencilerin hangi ko\u015fullarda okula gelmemesi gerekti\u011fine ili\u015fkin bilgilendirme afi\u015fleri as\u0131lacak. Okul bina giri\u015fleri ve i\u00e7erisinde uygun yerlerde el antisepti\u011fi bulundurulacak.<\/p>\n<h4>Al\u0131nacak di\u011fer \u00f6nlemler \u015f\u00f6yle:<\/h4>\n<p>&#8220;- Okullarda Kovid-19&#8217;dan sorumlu olarak, e\u011fitim kurumlar\u0131 i\u015f sa\u011fl\u0131\u011f\u0131 ve g\u00fcvenli\u011fi kurullar\u0131 ve kurullardan sorumlu m\u00fcd\u00fcr yard\u0131mc\u0131s\u0131 g\u00f6revlendirilecek.<\/p>\n<p>&#8211; Kovid-19 ile ilgili gerekli hallerde il veya il\u00e7e sa\u011fl\u0131k m\u00fcd\u00fcrl\u00fc\u011f\u00fc ile ileti\u015fime ge\u00e7ilecek.<\/p>\n<p>&#8211; E\u011fitim faaliyetine ba\u015flamadan \u00f6nce okul binas\u0131n\u0131n genel temizli\u011fi su ve deterjanla yap\u0131lacak.<\/p>\n<p>&#8211; Okullarda temass\u0131z ate\u015f \u00f6l\u00e7er, tek kullan\u0131ml\u0131k veya y\u0131kanabilir bez maske, s\u0131v\u0131 sabun ve el antisepti\u011fi veya en az y\u00fczde 70 alkol i\u00e7eren kolonya bulundurulacak. Kullan\u0131lm\u0131\u015f maskeler i\u00e7in kapakl\u0131 \u00e7\u00f6p kutular\u0131 temin edilecek. Okulun giri\u015finde ve i\u00e7inde uygun yerlere maske kullan\u0131m\u0131n\u0131 a\u00e7\u0131klayan posterler yerle\u015ftirilecek.<\/p>\n<p>&#8211; Okullarda m\u00fcmk\u00fcnse t\u00fcm kapal\u0131 alanlar ve okulda aktif olarak bulunan ki\u015filer g\u00f6z \u00f6n\u00fcne al\u0131narak 4 metrekareye bir ki\u015fi d\u00fc\u015fecek \u015fekilde personel ve \u00f6\u011frenci i\u00e7in planlama yap\u0131lacak, i\u00e7eriye al\u0131nmas\u0131 gereken ki\u015fi say\u0131s\u0131 buna g\u00f6re d\u00fczenlenecek.<\/p>\n<p>&#8211; S\u0131n\u0131f, \u00e7al\u0131\u015fma salonlar\u0131, i\u015flikler, yemekhane, kantin gibi toplu kullan\u0131m alanlar\u0131 bulunmas\u0131 durumunda yeterli sosyal mesafenin korunmas\u0131 amac\u0131yla ki\u015filer aras\u0131 en az 1 metre olacak \u015fekilde d\u00fczenlenecek.<\/p>\n<p>&#8211; Kovid-19 kapsam\u0131nda al\u0131nacak \u00f6nlemler okulun varsa web sayfas\u0131nda yay\u0131mlanacak, okul a\u00e7\u0131lmadan \u00f6nce veliler e-okul, e-posta, SMS gibi ileti\u015fim kanallar\u0131 ile bilgilendirilecek.<\/p>\n<p>&#8211; Okullar\u0131n a\u00e7\u0131lmas\u0131yla velilere \u00f6zel olarak haz\u0131rlanm\u0131\u015f &#8220;Bilgilendirme Formu ve Taahh\u00fctname&#8221; \u015feklinde ve iki n\u00fcsha halinde imzalat\u0131lacak ve bir n\u00fcshas\u0131 kendilerine verilecek. Kovid-19 kapsam\u0131nda al\u0131nacak \u00f6nlemleri a\u00e7\u0131klayan bu bilgi notunda, ate\u015f, \u00f6ks\u00fcr\u00fck, burun ak\u0131nt\u0131s\u0131, solunum s\u0131k\u0131nt\u0131s\u0131, ishal \u015fikayetlerinden herhangi biri olan \u00f6\u011frenciler hakk\u0131nda okula bilgi verilmesi ve bu \u00f6\u011frencilerin okula g\u00f6nderilmemesi istenecek ve doktor muayenesi \u00f6nerilecek. Aile i\u00e7erisinde ate\u015f, \u00f6ks\u00fcr\u00fck, burun ak\u0131nt\u0131s\u0131, solunum s\u0131k\u0131nt\u0131s\u0131 gibi belirtileri olan ya da Kovid-19 tan\u0131s\u0131 alan, temasl\u0131s\u0131 olan ki\u015fi bulunmas\u0131 durumunda okula ivedilikle bilgi verilmesi ve \u00f6\u011frencilerin okula g\u00f6nderilmemesi belirtilecek.<\/p>\n<p>&#8211; \u00d6\u011frencilerin okula b\u0131rak\u0131lmas\u0131 ve okuldan al\u0131nmas\u0131 s\u0131ras\u0131nda personel ve veliler sosyal mesafe kurallar\u0131na uyacak ve maske takacak.<\/p>\n<p>&#8211; M\u00fcmk\u00fcnse \u00f6\u011frenciyi her g\u00fcn ayn\u0131 velinin b\u0131rakmas\u0131 ve almas\u0131 sa\u011flanacak. M\u00fcmk\u00fcnse b\u00fcy\u00fckanne-b\u00fcy\u00fckbaba gibi 65 ya\u015f \u00fcst\u00fc ki\u015filer veya altta yatan hastal\u0131\u011f\u0131 olanlar \u00f6\u011frencileri b\u0131rak\u0131p almayacak.<\/p>\n<p>&#8211; Okula giri\u015f\/\u00e7\u0131k\u0131\u015f saatlerinde \u00f6\u011frenciler veliler taraf\u0131ndan okul d\u0131\u015f\u0131nda teslim al\u0131n\u0131p b\u0131rak\u0131lacak.<\/p>\n<p>&#8211; Okulun giri\u015f ve \u00e7\u0131k\u0131\u015flar\u0131na \u00f6\u011frencilerin el hijyenini sa\u011flayabilmeleri i\u00e7in el antisepti\u011fi konulacak.<\/p>\n<p>&#8211; Vakalar\u0131n yo\u011fun oldu\u011fu b\u00f6lgelerdeki okullarda bulunan t\u00fcm \u00f6\u011frenciler, \u00f6\u011fretmen ve di\u011fer \u00e7al\u0131\u015fanlar maske takacak ve maskesi olmayanlar i\u00e7in bina giri\u015finde maske bulundurulacak. Maske nemlendik\u00e7e ya da kirlendik\u00e7e de\u011fi\u015ftirilecek. Yeni maske tak\u0131l\u0131rken ve sonras\u0131nda el antisepti\u011fi kullan\u0131lacak<\/p>\n<p>&#8211; S\u0131n\u0131flara, koridorlara, giri\u015f ve \u00e7\u0131k\u0131\u015fa yak\u0131n alanlara el antiseptikleri yerle\u015ftirilecek. El antisepti\u011finin bulundu\u011fu alanlar \u00f6\u011fretmenler taraf\u0131ndan kontrol edilecek. Yutma riski nedeniyle k\u00fc\u00e7\u00fck \u00f6\u011frenciler el antisepti\u011fi kullan\u0131rken mutlaka denetlenecek.<\/p>\n<p>&#8211; Eller en az 20 saniye boyunca sabun ve suyla y\u0131kanacak. Eller g\u00f6zle g\u00f6r\u00fcl\u00fcr derecede kirli de\u011filse, sabun ve su haz\u0131r bulunmuyorsa, alkol bazl\u0131 el antisepti\u011fi kullan\u0131labilecek.<\/p>\n<p>&#8211; Anas\u0131n\u0131f\u0131ndaki \u00f6\u011frencilere el y\u0131kama s\u0131ras\u0131nda yard\u0131m edilecek, yard\u0131m edildikten sonra tekrar eller y\u0131kanacak. Lavabolar\u0131n yak\u0131n\u0131na el y\u0131kama ad\u0131mlar\u0131n\u0131 a\u00e7\u0131klayan posterler yerle\u015ftirilecek.<\/p>\n<p>&#8211; \u00c7al\u0131\u015fanlar\u0131n kulland\u0131\u011f\u0131 ki\u015fisel koruyucu ekipmanlar evsel at\u0131\u011fa at\u0131lacak. Okullarda Kovid-19 \u015f\u00fcpheli ki\u015fi bulundu\u011funda bu ki\u015filere ait at\u0131klar \u00e7ift po\u015fetlenerek evsel at\u0131klara at\u0131lacak. S\u0131k dokunulan kap\u0131 kollar\u0131, merdiven korkuluklar\u0131, elektrik d\u00fc\u011fmeleri gibi y\u00fczeylerin temizli\u011fi ve dezenfeksiyonu s\u0131k s\u0131k yap\u0131lacak.<\/p>\n<p>&#8211; Okullara salg\u0131n d\u00f6neminde m\u00fcmk\u00fcnse ziyaret\u00e7i kabul edilmeyecek, s\u0131n\u0131f ve odalar pencereleri a\u00e7\u0131larak d\u00fczenli bir \u015fekilde s\u0131k s\u0131k havaland\u0131r\u0131lacak. Havaland\u0131rmada do\u011fal havaland\u0131rma tercih edilecek.<\/p>\n<p>&#8211; Salg\u0131n d\u00f6neminde zorunlu olmayan toplu etkinlikler yap\u0131lmayacak. Yap\u0131lmas\u0131 gerekli g\u00f6r\u00fclen etkinliklerin a\u00e7\u0131k alanda yap\u0131lmas\u0131 tercih edilecek.<\/p>\n<p>&#8211; Okullarda \u00f6\u011fretmen, y\u00f6netici, personel toplant\u0131lar\u0131 gibi idari toplant\u0131lar temastan ka\u00e7\u0131nmak amac\u0131yla m\u00fcmk\u00fcn oldu\u011funca telekonferans y\u00f6ntemiyle yap\u0131lacak.&#8221;<\/p>\n<h4>Okullarda ilk hafta derslerde Kovid-19 bula\u015f ve korunma yollar\u0131 anlat\u0131lacak<\/h4>\n<p>Okulun ilk haftas\u0131ndaki ba\u015flang\u0131\u00e7 derslerinde \u00f6\u011frencilere Kovid-19&#8217;un bula\u015fma yollar\u0131 ve korunma \u00f6nlemleri hakk\u0131nda bilgi verilece\u011finin alt\u0131 \u00e7izilen rehbere g\u00f6re, okulda iken semptomu ba\u015flayan \u00f6\u011frencilerin en k\u0131sa s\u00fcrede ailesi ile ileti\u015fime ge\u00e7ilecek ve hasta \u00f6\u011frenci ayr\u0131 bir yerde izole edilecek. Hasta \u00f6\u011frencilerin yak\u0131n temasl\u0131s\u0131 \u00f6\u011frenci ve personel evlerine g\u00f6nderilecek ve il\/il\u00e7e sa\u011fl\u0131k m\u00fcd\u00fcrl\u00fc\u011f\u00fcne bildirilecek. Hasta \u00f6\u011frenci veya personel g\u00f6nderildikten sonra oda, alan, s\u0131n\u0131f havaland\u0131r\u0131lacak, y\u00fczeyler temizlenip dezenfekte edilecek.<\/p>\n<h4>Al\u0131nacak di\u011fer tedbirlerden baz\u0131lar\u0131 \u015f\u00f6yle:<\/h4>\n<p>&#8211; \u00d6\u011frenciler ile 1 metreden yak\u0131n temas olas\u0131l\u0131\u011f\u0131 olan \u00f6\u011fretmen ve di\u011fer \u00e7al\u0131\u015fanlar\u0131n t\u0131bbi maskeye ek olarak y\u00fcz koruyucu da kullanmas\u0131 sa\u011flanacak. Y\u00fcz koruyucu y\u00fczde 70&#8217;lik alkol ile silinerek tekrar kullan\u0131labilecek.<\/p>\n<p>&#8211; Eldiven kullan\u0131m\u0131 el temizli\u011fi yerine ge\u00e7mez. Yap\u0131lan i\u015f, eldiven kullan\u0131m\u0131n\u0131 gerektirmiyorsa, Kovid-19&#8217;dan korunmak amac\u0131yla eldiven kullan\u0131lmayacak.<\/p>\n<p>&#8211; \u00d6\u011fretmen ve \u00e7al\u0131\u015fanlar dinlenme alanlar\u0131nda en az 1 metrelik sosyal mesafeyi koruyacak ve maske takmay\u0131 s\u00fcrd\u00fcrecek.<\/p>\n<p>&#8211; G\u00fcvenlik g\u00f6revlilerinin y\u00fcz y\u00fcze temas olas\u0131l\u0131\u011f\u0131n\u0131 azaltmak i\u00e7in caml\u0131 kabinlerde bulunmalar\u0131 sa\u011flanacak. B\u00f6yle bir imkan yoksa, kuruma giri\u015f yapanlarla g\u00fcvenlik g\u00f6revlileri aras\u0131nda en az 1 metre mesafeyi sa\u011flayacak \u015fekilde d\u00fczenleme yap\u0131lacak. 1 metreden uzak durulacaksa sadece t\u0131bbi maske yeterli olacak.<\/p>\n<p>&#8211; Oturma d\u00fczeni en az 1 metre mesafe olacak \u015fekilde ayarlanacak<\/p>\n<h4>Rehberde, e\u011fitim alanlar\u0131 ve s\u00fcrecinde al\u0131nmas\u0131 gereken tedbirler ise \u015f\u00f6yle s\u0131raland\u0131:<\/h4>\n<p>&#8211; Dersler s\u0131ras\u0131nda \u00f6\u011fretmen ile \u00f6\u011frenciler aras\u0131nda en az 1 metre mesafe olacak \u015fekilde oturma d\u00fczeni olu\u015fturulacak ve maske tak\u0131lacak<\/p>\n<p>&#8211; S\u0131n\u0131flarda oturma d\u00fczeni y\u00fcz y\u00fcze gelecek \u015fekilde kar\u015f\u0131l\u0131kl\u0131 de\u011fil \u00e7apraz oturma \u015feklinde olacak.<\/p>\n<p>&#8211; Temasl\u0131 takibi i\u00e7in s\u0131n\u0131flarda ayn\u0131 \u00f6\u011frencinin ayn\u0131 yerde oturmas\u0131 sa\u011flanacak.<\/p>\n<p>&#8211; Dersler m\u00fcmk\u00fcn olan en az ki\u015fi say\u0131s\u0131 ile yap\u0131lacak, birka\u00e7 s\u0131n\u0131f\u0131n bir araya gelmesi ile ortak yap\u0131lan derslerde oturma d\u00fczeni sosyal mesafe en az 1 metre olacak.<\/p>\n<p>&#8211; Damlac\u0131k olu\u015fturmas\u0131 nedeniyle s\u0131n\u0131f i\u00e7inde y\u00fcksek sesle yap\u0131lan aktiviteler yap\u0131lmayacak.<\/p>\n<p>&#8211; Kitap, kalem gibi e\u011fitim malzemeleri ki\u015fiye \u00f6zel olacak, \u00f6\u011frenciler aras\u0131 malzeme al\u0131\u015fveri\u015fi yap\u0131lmayacak.<\/p>\n<p>&#8211; \u00d6\u011frenciler m\u00fcmk\u00fcnse ayn\u0131 s\u0131n\u0131flarda ders g\u00f6recek, s\u0131n\u0131f de\u011fi\u015fikli\u011fi yap\u0131lmayacak. De\u011fi\u015fiklik zorunlu ise s\u0131n\u0131flar\u0131n her kullan\u0131m sonras\u0131 havaland\u0131r\u0131l\u0131p temizlik ve dezenfeksiyonu yap\u0131lacak.<\/p>\n<p>&#8211; \u00d6\u011frencilerin g\u00fcnl\u00fck grup etkinliklerinde \u00f6ncelikli olarak ayn\u0131 grup ile etkinli\u011fin yap\u0131lmas\u0131 sa\u011flanacak. Sanat, m\u00fczik, beden e\u011fitimi gibi derslerde m\u00fcmk\u00fcnse gruplar\u0131n birbirine kar\u0131\u015fmas\u0131 \u00f6nlenecek.<\/p>\n<p>&#8211; \u00d6\u011frencilerin toplu halde bir arada bulunmalar\u0131n\u0131 \u00f6nlemek amac\u0131yla m\u00fcmk\u00fcnse ders aralar\u0131 s\u0131n\u0131flar s\u0131raya konularak d\u00fczenlenecek.<\/p>\n<p>&#8211; Okullarda toplu olarak kullan\u0131lan yerlerin m\u00fcmk\u00fcnse daha az say\u0131da ki\u015fiyle ve d\u00f6n\u00fc\u015f\u00fcml\u00fc olarak kullan\u0131lmas\u0131na dikkat edilecek.<\/p>\n<p>&#8211; Kovid-19 vakas\u0131 olmas\u0131 durumunda o s\u0131n\u0131f\/oda bo\u015falt\u0131lacak, 24 saat s\u00fcreyle havaland\u0131r\u0131lacak ve bo\u015f tutulmas\u0131 sa\u011flanacak.<\/p>\n<p>&#8211; Asans\u00f6rlerin kullan\u0131m\u0131 s\u0131n\u0131rland\u0131r\u0131larak, kapasitesinin \u00fc\u00e7te biri say\u0131da ki\u015finin binmesine izin verilecek ve bu say\u0131 asans\u00f6r giri\u015finde belirtilecek ve yer i\u015faretlemesi yap\u0131lacak.<\/p>\n<p>&#8211; Kurum b\u00fcnyesinde bulunmas\u0131 halinde kantin, b\u00fcfe gibi yerlerde maske kullan\u0131m\u0131, hijyen ve sosyal mesafenin korunmas\u0131 ile ilgili tedbirlere uyulacak, buralarda tek kullan\u0131ml\u0131k bardak, tabak gibi malzemeler kullan\u0131lacak.<\/p>\n<p>&#8211; Yemekhanede ise \u00f6\u011frencilerin m\u00fcmk\u00fcn oldu\u011fu kadar kumanya \u015feklinde, s\u0131n\u0131flarda ayn\u0131 grup i\u00e7inde yemek yemesi tercih edilecek. \u00d6\u011frencilerin yemekten \u00f6nce ve hemen sonra ellerini y\u0131kamas\u0131 sa\u011flanacak. Yemekhanede masalar ve sandalyeler aras\u0131 mesafe en az 1 metre olacak \u015fekilde d\u00fczenlenecek.<\/p>\n<p>&#8211; Temasl\u0131 takibinin kolay yap\u0131labilmesi i\u00e7in m\u00fcmk\u00fcn oldu\u011funca yemek saatleri gruplara g\u00f6re belirlenecek ve m\u00fcmk\u00fcn ise ayn\u0131 ki\u015filerin ayn\u0131 masada yemek yemeleri sa\u011flanacak.<\/p>\n<p>Baharat, k\u00fcrdan, tuz gibi malzemelerin tek kullan\u0131ml\u0131k olacak \u015fekilde sunulmas\u0131 sa\u011flanacak. Masalarda a\u00e7\u0131kta baharat, k\u00fcrdan, tuz, ekmek bulundurulmayacak.<\/p>\n<p>&#8211; Masada yeme ve i\u00e7me d\u0131\u015f\u0131nda maske takacak. A\u00e7\u0131k b\u00fcfe yemek servisi kullan\u0131lmayacak. Yiyecek haz\u0131rlamada kullan\u0131lan lavabolar ba\u015fka hi\u00e7bir ama\u00e7la kullan\u0131lmayacak.<\/p>\n<p>Rehberde, ayr\u0131ca servislerde ise \u015fof\u00f6rlerin, ki\u015fisel hijyen kurallar\u0131na uygun \u015fekilde hareket etmelerinin ve arac\u0131n i\u00e7inde mutlaka t\u0131bbi maske kullanmalar\u0131n\u0131n zorunlulu\u011funa dikkat \u00e7ekilerek, ara\u00e7larda giri\u015f kap\u0131s\u0131n\u0131n yan\u0131na el antisepti\u011fi konulmas\u0131 ve \u00f6\u011frencilerin m\u00fcmk\u00fcnse hep ayn\u0131 yerde oturmas\u0131n\u0131n sa\u011flanmas\u0131 gerekti\u011fi kaydedildi.Okullardaki tuvalet ve lavabo temizli\u011fine ili\u015fkin de Bakanl\u0131k taraf\u0131ndan belirtilen kurallara uygun hareket edilece\u011fi vurguland\u0131.<\/p>\n<p><img loading=\"lazy\" decoding=\"async\" class=\"alignnone size-large wp-image-5745\" src=\"https:\/\/by-tv.co.uk\/wp-content\/uploads\/2020\/09\/20200920_5_0F7AD90E6ECB1469E9114FAA2CA75B6C8-576x1024.jpg\" alt=\"\" width=\"576\" height=\"1024\" title=\"\"><\/p>\n<div id=\"briti-3199692567\" class=\"briti-icerikten-sonra_2\" style=\"margin-top: 25px;margin-bottom: 25px;\"><a href=\"https:\/\/wa.me\/message\/NDZLLIOQT4H3O1\" aria-label=\"bytv reklam banner\"><img loading=\"lazy\" decoding=\"async\" src=\"https:\/\/by-tv.co.uk\/wp-content\/uploads\/2025\/12\/bytv-reklam-banner.jpg\" alt=\"\"  width=\"2376\" height=\"1008\"   \/><\/a><\/div>","protected":false},"excerpt":{"rendered":"<p>ANKARA (AA) &#8211; Yeni tip koronavir\u00fcs (Kovid-19) pandemi s\u00fcrecinde, okullarda maske kullan\u0131lmas\u0131, hijyen ile fiziksel mesafeye dikkat edilmesi, \u00e7ocuklar\u0131 okula 65 ya\u015f \u00fcst\u00fc olan ve kronik hastal\u0131\u011f\u0131 bulunanlar\u0131n al\u0131p b\u0131rakmamas\u0131, \u00e7ocuklar\u0131n s\u0131n\u0131flarda belirlenen oturma d\u00fczenine g\u00f6re hep ayn\u0131 yerde e\u011fitim almas\u0131 ve Kovid-19 belirtisi olmas\u0131 halinde okula gelinmemesi gerekti\u011fi belirtildi. D\u00fcnya genelinde bir yandan yeni vaka say\u0131lar\u0131 art\u0131\u015f g\u00f6sterirken di\u011fer yandan ise k\u0131sm\u0131 olarak okullar\u0131n a\u00e7\u0131lmaya ba\u015flamas\u0131yla birlikte, olas\u0131 vir\u00fcs yay\u0131l\u0131m\u0131n \u00f6nlenebilmesi i\u00e7in s\u0131k\u0131 tedbirler hayata ge\u00e7iriliyor. \u00c7e\u015fitli \u00fclkelerde okullar\u0131n a\u00e7\u0131lmas\u0131n\u0131n ard\u0131ndan T\u00fcrkiye&#8217;de de yar\u0131ndan itibaren okula ba\u015flayacak birinci s\u0131n\u0131flarla birlikte y\u00fcz y\u00fcze e\u011fitimde yeni bir d\u00f6neme giriliyor. Okullarda salg\u0131nda [&hellip;]<\/p>\n","protected":false},"author":1,"featured_media":5744,"comment_status":"open","ping_status":"open","sticky":false,"template":"","format":"standard","meta":{"ngg_post_thumbnail":0,"footnotes":""},"categories":[1519],"tags":[809,1872,275,1871,1509,1560,1550,1482],"class_list":["post-5743","post","type-post","status-publish","format-standard","has-post-thumbnail","hentry","category-egitim","tag-corona","tag-dersyili","tag-egitim","tag-hijyen-ile-fiziksel-mesafe","tag-kovid-19","tag-okul","tag-pandemi","tag-uzaktan-egitim"],"_links":{"self":[{"href":"https:\/\/by-tv.co.uk\/en\/wp-json\/wp\/v2\/posts\/5743","targetHints":{"allow":["GET"]}}],"collection":[{"href":"https:\/\/by-tv.co.uk\/en\/wp-json\/wp\/v2\/posts"}],"about":[{"href":"https:\/\/by-tv.co.uk\/en\/wp-json\/wp\/v2\/types\/post"}],"author":[{"embeddable":true,"href":"https:\/\/by-tv.co.uk\/en\/wp-json\/wp\/v2\/users\/1"}],"replies":[{"embeddable":true,"href":"https:\/\/by-tv.co.uk\/en\/wp-json\/wp\/v2\/comments?post=5743"}],"version-history":[{"count":0,"href":"https:\/\/by-tv.co.uk\/en\/wp-json\/wp\/v2\/posts\/5743\/revisions"}],"wp:featuredmedia":[{"embeddable":true,"href":"https:\/\/by-tv.co.uk\/en\/wp-json\/wp\/v2\/media\/5744"}],"wp:attachment":[{"href":"https:\/\/by-tv.co.uk\/en\/wp-json\/wp\/v2\/media?parent=5743"}],"wp:term":[{"taxonomy":"category","embeddable":true,"href":"https:\/\/by-tv.co.uk\/en\/wp-json\/wp\/v2\/categories?post=5743"},{"taxonomy":"post_tag","embeddable":true,"href":"https:\/\/by-tv.co.uk\/en\/wp-json\/wp\/v2\/tags?post=5743"}],"curies":[{"name":"wp","href":"https:\/\/api.w.org\/{rel}","templated":true}]}}