{"id":5740,"date":"2020-09-20T23:08:59","date_gmt":"2020-09-20T20:08:59","guid":{"rendered":"https:\/\/by-tv.co.uk\/?p=5740"},"modified":"2020-09-20T23:08:59","modified_gmt":"2020-09-20T20:08:59","slug":"iyi-parti-genel-baskanligina-meral-aksener-yeniden-secildi","status":"publish","type":"post","link":"https:\/\/by-tv.co.uk\/en\/iyi-parti-genel-baskanligina-meral-aksener-yeniden-secildi\/","title":{"rendered":"\u0130Y\u0130 Parti Genel Ba\u015fkanl\u0131\u011f\u0131na Meral Ak\u015fener yeniden se\u00e7ildi"},"content":{"rendered":"<p><span style=\"font-size: 1.1429rem;\">ANKARA (AA) &#8211;<\/span><strong style=\"font-size: 1.1429rem;\"> \u0130Y\u0130 Parti<\/strong><span style=\"font-size: 1.1429rem;\">&#8216;nin 2. Ola\u011fan Kurultay\u0131&#8217;nda<\/span><strong style=\"font-size: 1.1429rem;\">\u00a0Meral Ak\u015fener<\/strong><span style=\"font-size: 1.1429rem;\">, yeniden genel ba\u015fkan se\u00e7ildi.\u00a0<\/span><\/p>\n<p>Alt\u0131npark&#8217;ta yap\u0131lan kurultayda genel ba\u015fkanl\u0131k i\u00e7in oy verme i\u015flemi saat 13.30&#8217;da tamamland\u0131.Oylar\u0131n tasnifi ve say\u0131lmas\u0131n\u0131n ard\u0131ndan \u0130l\u00e7e Se\u00e7im Kurulu yetkilisi sonu\u00e7lar\u0131 a\u00e7\u0131klad\u0131.<\/p>\n<p>Buna g\u00f6re, se\u00e7ime tek aday olarak kat\u0131lan Ak\u015fener, oy kullanan 1289 delegeden 1289&#8217;unun oyunu alarak, yeniden genel ba\u015fkan se\u00e7ildi.<\/p><div id=\"briti-467813349\" class=\"briti-icerik\" style=\"margin-top: 5px;margin-bottom: 5px;\"><a href=\"https:\/\/piaryum.com\/services\/\" aria-label=\"piaryum banner\"><img loading=\"lazy\" decoding=\"async\" src=\"https:\/\/by-tv.co.uk\/wp-content\/uploads\/2025\/12\/Gemini_Generated_Image_g5yqr1g5yqr1g5yq.jpg\" alt=\"\"  width=\"2064\" height=\"1152\"   \/><\/a><\/div>\n<p>\u0130Y\u0130 Parti&#8217;nin toplam kay\u0131tl\u0131 1379 delegesi bulunuyor.<\/p>\n<div id=\"briti-1595920178\" class=\"briti-icerikten-sonra_2\" style=\"margin-top: 25px;margin-bottom: 25px;\"><a href=\"https:\/\/wa.me\/message\/NDZLLIOQT4H3O1\" aria-label=\"bytv reklam banner\"><img loading=\"lazy\" decoding=\"async\" src=\"https:\/\/by-tv.co.uk\/wp-content\/uploads\/2025\/12\/bytv-reklam-banner.jpg\" alt=\"\"  width=\"2376\" height=\"1008\"   \/><\/a><\/div>","protected":false},"excerpt":{"rendered":"<p>ANKARA (AA) &#8211; \u0130Y\u0130 Parti&#8216;nin 2. Ola\u011fan Kurultay\u0131&#8217;nda\u00a0Meral Ak\u015fener, yeniden genel ba\u015fkan se\u00e7ildi.\u00a0 Alt\u0131npark&#8217;ta yap\u0131lan kurultayda genel ba\u015fkanl\u0131k i\u00e7in oy verme i\u015flemi saat 13.30&#8217;da tamamland\u0131.Oylar\u0131n tasnifi ve say\u0131lmas\u0131n\u0131n ard\u0131ndan \u0130l\u00e7e Se\u00e7im Kurulu yetkilisi sonu\u00e7lar\u0131 a\u00e7\u0131klad\u0131. Buna g\u00f6re, se\u00e7ime tek aday olarak kat\u0131lan Ak\u015fener, oy kullanan 1289 delegeden 1289&#8217;unun oyunu alarak, yeniden genel ba\u015fkan se\u00e7ildi. \u0130Y\u0130 Parti&#8217;nin toplam kay\u0131tl\u0131 1379 delegesi bulunuyor.<\/p>","protected":false},"author":1,"featured_media":5741,"comment_status":"open","ping_status":"open","sticky":false,"template":"","format":"standard","meta":{"ngg_post_thumbnail":0,"footnotes":""},"categories":[1292],"tags":[1868,1869,1866,1867,1870],"class_list":["post-5740","post","type-post","status-publish","format-standard","has-post-thumbnail","hentry","category-turkiye","tag-2-olagan-kurultay","tag-genel-baskan","tag-iyi-parti","tag-meral-aksener","tag-siyaset"],"_links":{"self":[{"href":"https:\/\/by-tv.co.uk\/en\/wp-json\/wp\/v2\/posts\/5740","targetHints":{"allow":["GET"]}}],"collection":[{"href":"https:\/\/by-tv.co.uk\/en\/wp-json\/wp\/v2\/posts"}],"about":[{"href":"https:\/\/by-tv.co.uk\/en\/wp-json\/wp\/v2\/types\/post"}],"author":[{"embeddable":true,"href":"https:\/\/by-tv.co.uk\/en\/wp-json\/wp\/v2\/users\/1"}],"replies":[{"embeddable":true,"href":"https:\/\/by-tv.co.uk\/en\/wp-json\/wp\/v2\/comments?post=5740"}],"version-history":[{"count":0,"href":"https:\/\/by-tv.co.uk\/en\/wp-json\/wp\/v2\/posts\/5740\/revisions"}],"wp:featuredmedia":[{"embeddable":true,"href":"https:\/\/by-tv.co.uk\/en\/wp-json\/wp\/v2\/media\/5741"}],"wp:attachment":[{"href":"https:\/\/by-tv.co.uk\/en\/wp-json\/wp\/v2\/media?parent=5740"}],"wp:term":[{"taxonomy":"category","embeddable":true,"href":"https:\/\/by-tv.co.uk\/en\/wp-json\/wp\/v2\/categories?post=5740"},{"taxonomy":"post_tag","embeddable":true,"href":"https:\/\/by-tv.co.uk\/en\/wp-json\/wp\/v2\/tags?post=5740"}],"curies":[{"name":"wp","href":"https:\/\/api.w.org\/{rel}","templated":true}]}}