{"id":5728,"date":"2020-09-19T01:22:10","date_gmt":"2020-09-18T22:22:10","guid":{"rendered":"https:\/\/by-tv.co.uk\/?p=5728"},"modified":"2020-09-19T01:22:10","modified_gmt":"2020-09-18T22:22:10","slug":"turkiye-ingilizlerin-yeni-favori-tatil-istikameti-oldu","status":"publish","type":"post","link":"https:\/\/by-tv.co.uk\/en\/turkiye-ingilizlerin-yeni-favori-tatil-istikameti-oldu\/","title":{"rendered":"T\u00fcrkiye, \u0130ngilizlerin yeni favori tatil istikameti oldu"},"content":{"rendered":"<p>LONDRA (AA) &#8211; \u0130ngiltere&#8217;nin seyahat koridoru listesinde yer alan T\u00fcrkiye&#8217;nin\u00a0<span class=\"highlight\">tatil<\/span>\u00a0d\u00f6neminde\u00a0<span class=\"highlight\">\u0130ngilizlerin<\/span>\u00a0<span class=\"highlight\">yeni<\/span>\u00a0<span class=\"highlight\">favori<\/span>\u00a0<span class=\"highlight\">istikameti<\/span>\u00a0haline geldi\u011fini belirtildi.<\/p>\n<p><span class=\"highlight\">Tatil<\/span>\u00a0paketlerinin kar\u015f\u0131la\u015ft\u0131r\u0131lmal\u0131 olarak sunuldu\u011fu TravelSupermarket&#8217;in verilerine g\u00f6re, eyl\u00fcl ve ekim aylar\u0131 i\u00e7in yap\u0131lan aramalar\u0131n y\u00fczde 30&#8217;unda gidilecek \u00fclke olarak T\u00fcrkiye se\u00e7ildi.<\/p>\n<p>Sitede yap\u0131lan ara\u015ft\u0131rmalarda ilk 3 s\u0131rada, Antalya ve \u00e7evresi (Alanya, Lara, Belek, Ka\u015f, Kemer, Kalkan, Side, Beldibi), Dalaman ve \u00e7evresi (Marmaris, \u00d6l\u00fcdeniz, \u0130\u00e7meler, Fethiye, Turun\u00e7) ile \u0130stanbul yer ald\u0131.<\/p><div id=\"briti-674779011\" class=\"briti-icerik\" style=\"margin-top: 5px;margin-bottom: 5px;\"><a href=\"https:\/\/piaryum.com\/services\/\" aria-label=\"piaryum banner\"><img loading=\"lazy\" decoding=\"async\" src=\"https:\/\/by-tv.co.uk\/wp-content\/uploads\/2025\/12\/Gemini_Generated_Image_g5yqr1g5yqr1g5yq.jpg\" alt=\"\"  width=\"2064\" height=\"1152\"   \/><\/a><\/div>\n<p>T\u00fcrkiye&#8217;deki bu yerleri, Yunan adalar\u0131 Korfu ve Rodos ile \u0130talya&#8217;n\u0131n ba\u015fkenti Roma ve K\u0131br\u0131s Adas\u0131 takip etti.<\/p>\n<p>Ge\u00e7en y\u0131l\u0131n ayn\u0131 d\u00f6nemine g\u00f6re y\u00fczde 8&#8217;lik bu art\u0131\u015fta T\u00fcrkiye&#8217;nin\u00a0<span class=\"highlight\">yeni<\/span>\u00a0tip koronavir\u00fcs (Kovid-19) salg\u0131nda daha iyi durumda olmas\u0131 ve \u0130ngiltere&#8217;nin karantinadan muaf \u00fclkeler listesinde yer almas\u0131n\u0131n etkili\u00a0<span class=\"highlight\">oldu<\/span>\u011fu belirtildi.<\/p>\n<p>Express gazetesine konu\u015fan TravelSupermarket&#8217;ten Emma Coulthurst&#8217;a g\u00f6re, T\u00fcrkiye hem iklimi hem de \u00fclkeye giren turistlere y\u00f6nelik k\u0131s\u0131tlamalar\u0131 olmamas\u0131 nedeniyle pop\u00fclerlik kazand\u0131.<\/p>\n<p>Muhabir:\u00a0Hasan Esen<\/p>\n<div id=\"briti-1566463125\" class=\"briti-icerikten-sonra_2\" style=\"margin-top: 25px;margin-bottom: 25px;\"><a href=\"https:\/\/wa.me\/message\/NDZLLIOQT4H3O1\" aria-label=\"bytv reklam banner\"><img loading=\"lazy\" decoding=\"async\" src=\"https:\/\/by-tv.co.uk\/wp-content\/uploads\/2025\/12\/bytv-reklam-banner.jpg\" alt=\"\"  width=\"2376\" height=\"1008\"   \/><\/a><\/div>","protected":false},"excerpt":{"rendered":"<p>LONDRA (AA) &#8211; \u0130ngiltere&#8217;nin seyahat koridoru listesinde yer alan T\u00fcrkiye&#8217;nin\u00a0tatil\u00a0d\u00f6neminde\u00a0\u0130ngilizlerin\u00a0yeni\u00a0favori\u00a0istikameti\u00a0haline geldi\u011fini belirtildi. Tatil\u00a0paketlerinin kar\u015f\u0131la\u015ft\u0131r\u0131lmal\u0131 olarak sunuldu\u011fu TravelSupermarket&#8217;in verilerine g\u00f6re, eyl\u00fcl ve ekim aylar\u0131 i\u00e7in yap\u0131lan aramalar\u0131n y\u00fczde 30&#8217;unda gidilecek \u00fclke olarak T\u00fcrkiye se\u00e7ildi. Sitede yap\u0131lan ara\u015ft\u0131rmalarda ilk 3 s\u0131rada, Antalya ve \u00e7evresi (Alanya, Lara, Belek, Ka\u015f, Kemer, Kalkan, Side, Beldibi), Dalaman ve \u00e7evresi (Marmaris, \u00d6l\u00fcdeniz, \u0130\u00e7meler, Fethiye, Turun\u00e7) ile \u0130stanbul yer ald\u0131. T\u00fcrkiye&#8217;deki bu yerleri, Yunan adalar\u0131 Korfu ve Rodos ile \u0130talya&#8217;n\u0131n ba\u015fkenti Roma ve K\u0131br\u0131s Adas\u0131 takip etti. Ge\u00e7en y\u0131l\u0131n ayn\u0131 d\u00f6nemine g\u00f6re y\u00fczde 8&#8217;lik bu art\u0131\u015fta T\u00fcrkiye&#8217;nin\u00a0yeni\u00a0tip koronavir\u00fcs (Kovid-19) salg\u0131nda daha iyi durumda olmas\u0131 ve \u0130ngiltere&#8217;nin karantinadan muaf [&hellip;]<\/p>\n","protected":false},"author":1,"featured_media":5732,"comment_status":"open","ping_status":"open","sticky":false,"template":"","format":"standard","meta":{"ngg_post_thumbnail":0,"footnotes":""},"categories":[1462],"tags":[],"class_list":["post-5728","post","type-post","status-publish","format-standard","has-post-thumbnail","hentry","category-turizm"],"_links":{"self":[{"href":"https:\/\/by-tv.co.uk\/en\/wp-json\/wp\/v2\/posts\/5728","targetHints":{"allow":["GET"]}}],"collection":[{"href":"https:\/\/by-tv.co.uk\/en\/wp-json\/wp\/v2\/posts"}],"about":[{"href":"https:\/\/by-tv.co.uk\/en\/wp-json\/wp\/v2\/types\/post"}],"author":[{"embeddable":true,"href":"https:\/\/by-tv.co.uk\/en\/wp-json\/wp\/v2\/users\/1"}],"replies":[{"embeddable":true,"href":"https:\/\/by-tv.co.uk\/en\/wp-json\/wp\/v2\/comments?post=5728"}],"version-history":[{"count":0,"href":"https:\/\/by-tv.co.uk\/en\/wp-json\/wp\/v2\/posts\/5728\/revisions"}],"wp:featuredmedia":[{"embeddable":true,"href":"https:\/\/by-tv.co.uk\/en\/wp-json\/wp\/v2\/media\/5732"}],"wp:attachment":[{"href":"https:\/\/by-tv.co.uk\/en\/wp-json\/wp\/v2\/media?parent=5728"}],"wp:term":[{"taxonomy":"category","embeddable":true,"href":"https:\/\/by-tv.co.uk\/en\/wp-json\/wp\/v2\/categories?post=5728"},{"taxonomy":"post_tag","embeddable":true,"href":"https:\/\/by-tv.co.uk\/en\/wp-json\/wp\/v2\/tags?post=5728"}],"curies":[{"name":"wp","href":"https:\/\/api.w.org\/{rel}","templated":true}]}}