{"id":5644,"date":"2020-09-15T17:55:33","date_gmt":"2020-09-15T14:55:33","guid":{"rendered":"https:\/\/by-tv.co.uk\/?p=5644"},"modified":"2020-09-15T18:10:08","modified_gmt":"2020-09-15T15:10:08","slug":"ingilterede-abnin-tepki-gosterdigi-ic-piyasalar-yasa-tasarisi-ilk-oylamayi-gecti","status":"publish","type":"post","link":"https:\/\/by-tv.co.uk\/en\/ingilterede-abnin-tepki-gosterdigi-ic-piyasalar-yasa-tasarisi-ilk-oylamayi-gecti\/","title":{"rendered":"\u0130ngiltere&#8217;de AB&#8217;nin tepki g\u00f6sterdi\u011fi \u0130\u00e7 Piyasalar Yasa Tasar\u0131s\u0131 ilk oylamay\u0131 ge\u00e7ti"},"content":{"rendered":"<p>LONDRA (AA) &#8211; T\u00fcm g\u00fcn s\u00fcren g\u00f6r\u00fc\u015fmelerin ard\u0131ndan yasa tasar\u0131s\u0131, 263&#8217;e kar\u015f\u0131 340 oyla kabul edildi.<\/p>\n<p>Uygulama gere\u011fi, tasar\u0131n\u0131n cuma g\u00fcn\u00fcne g\u00f6r\u00fc\u015f\u00fclmesine devam edilecek. Bu s\u00fcre\u00e7te, verilecek de\u011fi\u015fiklik \u00f6nergeleri oylanacak, olas\u0131 de\u011fi\u015fikliklerin ard\u0131ndan tasar\u0131 yeniden oylamaya sunulacak.<\/p>\n<p>Ba\u015fbakan Boris Johnson&#8217;\u0131n lideri oldu\u011fu Muhafazakar Parti&#8217;den baz\u0131 milletvekillerin de tepki g\u00f6sterdi\u011fi tasar\u0131 i\u00e7in \u00e7ok say\u0131da de\u011fi\u015fiklik \u00f6nergesi verilmesi bekleniyor.<\/p><div id=\"briti-652672029\" class=\"briti-icerik\" style=\"margin-top: 5px;margin-bottom: 5px;\"><a href=\"https:\/\/piaryum.com\/services\/\" aria-label=\"piaryum banner\"><img loading=\"lazy\" decoding=\"async\" src=\"https:\/\/by-tv.co.uk\/wp-content\/uploads\/2025\/12\/Gemini_Generated_Image_g5yqr1g5yqr1g5yq.jpg\" alt=\"\"  width=\"2064\" height=\"1152\"   \/><\/a><\/div>\n<p>Bunlar aras\u0131nda Muhafazakar Parti&#8217;den Bob Neill&#8217;in, bakanlar\u0131n Brexit Anla\u015fmas\u0131n\u0131 ihlal eden yetkilileri kullanmadan \u00f6nce parlamentodan onay almas\u0131n\u0131 \u00f6ng\u00f6ren bir \u00f6nerge de bulunuyor.<\/p>\n<p>\u0130ngiltere Ba\u015fbakan\u0131 Boris Johnson, tasar\u0131n\u0131n AB&#8217;nin Birle\u015fik Krall\u0131k&#8217;\u0131 &#8220;par\u00e7alama g\u00fcc\u00fcne&#8221; kar\u015f\u0131 sigorta oldu\u011funu belirterek, &#8220;Tasar\u0131, \u0130ngiltere&#8217;nin egemenli\u011fi ve b\u00fct\u00fcnl\u00fc\u011f\u00fcne \u00f6nem veren herkes taraf\u0131ndan memnuniyetle kar\u015f\u0131lanmal\u0131.&#8221; de\u011ferlendirmesinde bulunmu\u015ftu.<\/p>\n<p>Tart\u0131\u015fmal\u0131 tasar\u0131<\/p>\n<p>Birle\u015fik Krall\u0131k&#8217;\u0131 olu\u015fturan \u0130ngiltere, Galler, \u0130sko\u00e7ya ve Kuzey \u0130rlanda aras\u0131ndaki serbest ticaretin aksamadan s\u00fcrd\u00fcr\u00fclmesini \u00f6ng\u00f6ren tasar\u0131, \u0130ngiliz bakanlara Kuzey \u0130rlanda ve Birle\u015fik Krall\u0131k&#8217;\u0131n geri kalan\u0131 aras\u0131ndaki ticaret konusunda daha fazla yetki veriyor.<\/p>\n<p>Ge\u00e7en sene var\u0131lan Brexit Anla\u015fmas\u0131&#8217;na g\u00f6re, \u0130ngiltere AB&#8217;den ayr\u0131lsa da Kuzey \u0130rlanda AB&#8217;yle g\u00fcmr\u00fck birli\u011fi i\u00e7inde kalmay\u0131 s\u00fcrd\u00fcrecek.<\/p>\n<p>\u0130ki taraf aras\u0131nda bir ticaret anla\u015fmas\u0131na var\u0131lamamas\u0131 durumunda, AB Kuzey \u0130rlanda ve Birle\u015fik Krall\u0131k&#8217;\u0131n geri kalan\u0131 aras\u0131nda g\u0131da nakliyat\u0131na engel getirebilecek.<\/p>\n<p>AB, ay sonuna kadar s\u00fcre vermi\u015fti<\/p>\n<p>AB, \u0130ngiltere&#8217;nin Kuzey \u0130rlanda&#8217;dan Sorumlu Bakan\u0131 Brandon Lewis&#8217;in tasar\u0131n\u0131n &#8220;uluslararas\u0131 hukuku s\u0131n\u0131rl\u0131 bir \u015fekilde ihlal etti\u011fini&#8221; s\u00f6yledi\u011fi d\u00fczenlemenin geri \u00e7ekilmesini istiyor.<\/p>\n<p>AB Komisyonu Ba\u015fkan Yard\u0131mc\u0131s\u0131 Maros Sefcovic, 10 Eyl\u00fcl&#8217;de yapt\u0131\u011f\u0131 a\u00e7\u0131klamada, Londra&#8217;ya ay sonuna kadar s\u00fcre vermi\u015f, aksi halde Avrupa Adalet Divan\u0131na gidecekleri tehdidinde bulunmu\u015ftu.<\/p>\n<p>Brexit s\u00fcreci<\/p>\n<p>\u0130ngiltere, Galler, Kuzey \u0130rlanda ve \u0130sko\u00e7ya&#8217;dan olu\u015fan Birle\u015fik Krall\u0131k&#8217;ta, Haziran 2016&#8217;da yap\u0131lan AB referandumunda y\u00fczde 48&#8217;e kar\u015f\u0131 y\u00fczde 52 ile Brexit karar\u0131 al\u0131nm\u0131\u015ft\u0131.<\/p>\n<p>\u0130ngiltere&#8217;deki uzun s\u00fcren tart\u0131\u015fmalar\u0131n ard\u0131ndan AB&#8217;yle var\u0131lan anla\u015fma ge\u00e7en sene aral\u0131k ay\u0131nda parlamentoda kabul edilmi\u015f ve \u0130ngiltere, 31 Ocak&#8217;ta AB&#8217;den ayr\u0131lm\u0131\u015ft\u0131.<\/p>\n<p>Taraflar daha sonra ba\u015fta ticaret olmak \u00fczere her alandaki ili\u015fkileri belirleyecek anla\u015fmalar i\u00e7in masaya oturmu\u015f, ancak g\u00f6r\u00fc\u015fmelerde ilerleme kaydedilememi\u015fti.<\/p>\n<p>31 Aral\u0131k&#8217;ta sona erecek ge\u00e7i\u015f s\u00fcresi boyunca anla\u015fmaya var\u0131lamamas\u0131 durumunda \u0130ngiltere, AB&#8217;den anla\u015fmas\u0131z olarak ayr\u0131lacak ve iki taraf aras\u0131ndaki ticaret, D\u00fcnya Ticaret \u00d6rg\u00fct\u00fc kurallar\u0131na g\u00f6re y\u00fcr\u00fct\u00fclecek.<\/p>\n<p>AA<\/p>\n<div id=\"briti-3392174937\" class=\"briti-icerikten-sonra_2\" style=\"margin-top: 25px;margin-bottom: 25px;\"><a href=\"https:\/\/wa.me\/message\/NDZLLIOQT4H3O1\" aria-label=\"bytv reklam banner\"><img loading=\"lazy\" decoding=\"async\" src=\"https:\/\/by-tv.co.uk\/wp-content\/uploads\/2025\/12\/bytv-reklam-banner.jpg\" alt=\"\"  width=\"2376\" height=\"1008\"   \/><\/a><\/div>","protected":false},"excerpt":{"rendered":"<p>LONDRA (AA) &#8211; T\u00fcm g\u00fcn s\u00fcren g\u00f6r\u00fc\u015fmelerin ard\u0131ndan yasa tasar\u0131s\u0131, 263&#8217;e kar\u015f\u0131 340 oyla kabul edildi. Uygulama gere\u011fi, tasar\u0131n\u0131n cuma g\u00fcn\u00fcne g\u00f6r\u00fc\u015f\u00fclmesine devam edilecek. Bu s\u00fcre\u00e7te, verilecek de\u011fi\u015fiklik \u00f6nergeleri oylanacak, olas\u0131 de\u011fi\u015fikliklerin ard\u0131ndan tasar\u0131 yeniden oylamaya sunulacak. Ba\u015fbakan Boris Johnson&#8217;\u0131n lideri oldu\u011fu Muhafazakar Parti&#8217;den baz\u0131 milletvekillerin de tepki g\u00f6sterdi\u011fi tasar\u0131 i\u00e7in \u00e7ok say\u0131da de\u011fi\u015fiklik \u00f6nergesi verilmesi bekleniyor. Bunlar aras\u0131nda Muhafazakar Parti&#8217;den Bob Neill&#8217;in, bakanlar\u0131n Brexit Anla\u015fmas\u0131n\u0131 ihlal eden yetkilileri kullanmadan \u00f6nce parlamentodan onay almas\u0131n\u0131 \u00f6ng\u00f6ren bir \u00f6nerge de bulunuyor. \u0130ngiltere Ba\u015fbakan\u0131 Boris Johnson, tasar\u0131n\u0131n AB&#8217;nin Birle\u015fik Krall\u0131k&#8217;\u0131 &#8220;par\u00e7alama g\u00fcc\u00fcne&#8221; kar\u015f\u0131 sigorta oldu\u011funu belirterek, &#8220;Tasar\u0131, \u0130ngiltere&#8217;nin egemenli\u011fi ve b\u00fct\u00fcnl\u00fc\u011f\u00fcne \u00f6nem veren [&hellip;]<\/p>\n","protected":false},"author":1,"featured_media":5645,"comment_status":"open","ping_status":"open","sticky":false,"template":"","format":"standard","meta":{"ngg_post_thumbnail":0,"footnotes":""},"categories":[15],"tags":[1826],"class_list":["post-5644","post","type-post","status-publish","format-standard","has-post-thumbnail","hentry","category-ingiltere","tag-ic-piyasalar-yasa-tasarisi"],"_links":{"self":[{"href":"https:\/\/by-tv.co.uk\/en\/wp-json\/wp\/v2\/posts\/5644","targetHints":{"allow":["GET"]}}],"collection":[{"href":"https:\/\/by-tv.co.uk\/en\/wp-json\/wp\/v2\/posts"}],"about":[{"href":"https:\/\/by-tv.co.uk\/en\/wp-json\/wp\/v2\/types\/post"}],"author":[{"embeddable":true,"href":"https:\/\/by-tv.co.uk\/en\/wp-json\/wp\/v2\/users\/1"}],"replies":[{"embeddable":true,"href":"https:\/\/by-tv.co.uk\/en\/wp-json\/wp\/v2\/comments?post=5644"}],"version-history":[{"count":0,"href":"https:\/\/by-tv.co.uk\/en\/wp-json\/wp\/v2\/posts\/5644\/revisions"}],"wp:featuredmedia":[{"embeddable":true,"href":"https:\/\/by-tv.co.uk\/en\/wp-json\/wp\/v2\/media\/5645"}],"wp:attachment":[{"href":"https:\/\/by-tv.co.uk\/en\/wp-json\/wp\/v2\/media?parent=5644"}],"wp:term":[{"taxonomy":"category","embeddable":true,"href":"https:\/\/by-tv.co.uk\/en\/wp-json\/wp\/v2\/categories?post=5644"},{"taxonomy":"post_tag","embeddable":true,"href":"https:\/\/by-tv.co.uk\/en\/wp-json\/wp\/v2\/tags?post=5644"}],"curies":[{"name":"wp","href":"https:\/\/api.w.org\/{rel}","templated":true}]}}