{"id":5623,"date":"2020-09-15T00:22:41","date_gmt":"2020-09-14T21:22:41","guid":{"rendered":"https:\/\/by-tv.co.uk\/?p=5623"},"modified":"2020-09-15T00:22:41","modified_gmt":"2020-09-14T21:22:41","slug":"venuste-yasam-olabilecegi-iddia-edildi","status":"publish","type":"post","link":"https:\/\/by-tv.co.uk\/en\/venuste-yasam-olabilecegi-iddia-edildi\/","title":{"rendered":"Ven\u00fcs&#8217;te ya\u015fam olabilece\u011fi iddia edildi"},"content":{"rendered":"<p>LONDRA (AA) &#8211; \u0130ngiltere&#8217;de Cardiff \u00dcniversitesinden Prof. Jane Greaves liderli\u011findeki uluslararas\u0131 bir g\u00f6k bilimci ekibi, <strong>Ven\u00fcs<\/strong>&#8216;\u00fcn atmosferinde oksijensiz ortamlarda ya\u015fayan mikroplar taraf\u0131ndan \u00fcretilen <strong>fosfin gaz\u0131<\/strong> ke\u015ffetti.<\/p>\n<p>Hidrojen ve fosfor atomlar\u0131ndan olu\u015fan fosfin molek\u00fclleri, ilk olarak Hawaii&#8217;deki James Clerk Maxwell Teleskopu&#8217;yla (JCMT) tespit edildi.<\/p>\n<p>Fosfinin varl\u0131\u011f\u0131n\u0131n \u015eili&#8217;deki B\u00fcy\u00fck Milimetre Teleskopu taraf\u0131ndan do\u011frulanmas\u0131n\u0131n ard\u0131ndan, uluslararas\u0131 g\u00f6k bilimciler ekibi, bunun nereden gelmi\u015f olabilece\u011fini anlamak i\u00e7in bir dizi \u00e7al\u0131\u015fma yapt\u0131.<\/p><div id=\"briti-1759970873\" class=\"briti-icerik\" style=\"margin-top: 5px;margin-bottom: 5px;\"><a href=\"https:\/\/piaryum.com\/services\/\" aria-label=\"piaryum banner\"><img loading=\"lazy\" decoding=\"async\" src=\"https:\/\/by-tv.co.uk\/wp-content\/uploads\/2025\/12\/Gemini_Generated_Image_g5yqr1g5yqr1g5yq.jpg\" alt=\"\"  width=\"2064\" height=\"1152\"   \/><\/a><\/div>\n<p>\u00c7al\u0131\u015fmalarda g\u00f6k ta\u015flar\u0131, y\u0131ld\u0131r\u0131mlar ve de\u011fi\u015fik kimyasal reaksiyonlar gibi biyolojik olmayan olas\u0131l\u0131klar de\u011ferlendirildi.<\/p>\n<p>\u00c7al\u0131\u015fmalar\u0131n sonunda gezegenin atmosferinde tespit edilen fosfin i\u00e7in ya\u015fam\u0131n varl\u0131\u011f\u0131 d\u0131\u015f\u0131nda bir a\u00e7\u0131klama olmad\u0131\u011f\u0131 sonucuna var\u0131ld\u0131.<\/p>\n<p>Massachusetts Teknoloji Enstit\u00fcs\u00fc&#8217;nden (MIT) Dr. William Bains&#8217;in fosfin \u00fcretmenin do\u011fal yollar\u0131 \u00fczerine yapt\u0131\u011f\u0131 \u00e7al\u0131\u015fmada, Ven\u00fcs&#8217;\u00fcn atmosferinde tespit edilen miktar\u0131 \u00fcretmenin mikroorganizmalar d\u0131\u015f\u0131nda ba\u015fka bir yolu olmad\u0131\u011f\u0131 belirtildi.<\/p>\n<p>Nature Astronomy dergisinde yay\u0131mlanan ara\u015ft\u0131rmay\u0131 y\u00f6neten Prof. Greaves, &#8220;Bulutlar\u0131n organizmalarla dolu olmas\u0131 gibi u\u00e7 senaryolar\u0131 eleyebilece\u011fimizi san\u0131yordum ancak Ven\u00fcs&#8217;\u00fcn y\u00f6r\u00fcngesinde fosfin oldu\u011funa dair ilk ipu\u00e7lar\u0131n\u0131 ald\u0131\u011f\u0131m\u0131zda bu bizim i\u00e7in bir \u015fok oldu.&#8221; dedi.<\/p>\n<p>\u0130ngiltere Kraliyet Astronomi Cemiyeti Ba\u015fkan\u0131 Prof. Emma Bunce, ekibi, \u00e7al\u0131\u015fmalar\u0131ndan dolay\u0131 tebrik ederek, &#8220;D\u00fcnya&#8217;n\u0131n \u00f6tesinde ya\u015fam olup olmad\u0131\u011f\u0131 bilimde \u00f6nemli bir soru. Prof. Jane Greaves ve ekibinin ke\u015ffi, bu aray\u0131\u015fta ileri do\u011fru at\u0131lm\u0131\u015f \u00f6nemli bir ad\u0131m.&#8221; dedi. Bunce, daha fazla \u00e7al\u0131\u015fma yap\u0131lmas\u0131 \u00e7a\u011fr\u0131s\u0131nda bulundu.<\/p>\n<p>D\u00fcnya&#8217;da fosfin, penguenler gibi hayvanlar\u0131n ba\u011f\u0131rsaklar\u0131nda veya batakl\u0131klar gibi oksijenin az oldu\u011fu ortamlarda ya\u015fayan bakteriler taraf\u0131ndan \u00fcretiliyor.<\/p>\n<p>Atmosferin y\u00fczde 96&#8217;s\u0131 karbondioksitten olu\u015fan Ven\u00fcs&#8217;\u00fcn y\u00fczey s\u0131cakl\u0131\u011f\u0131 400 derece\u011fi ge\u00e7iyor. Bu nedenle Ven\u00fcs&#8217;\u00fcn ya\u015fama en elveri\u015fsiz gezegenlerden biri oldu\u011fu de\u011ferlendiriliyordu.<\/p>\n<div id=\"briti-1667123420\" class=\"briti-icerikten-sonra_2\" style=\"margin-top: 25px;margin-bottom: 25px;\"><a href=\"https:\/\/wa.me\/message\/NDZLLIOQT4H3O1\" aria-label=\"bytv reklam banner\"><img loading=\"lazy\" decoding=\"async\" src=\"https:\/\/by-tv.co.uk\/wp-content\/uploads\/2025\/12\/bytv-reklam-banner.jpg\" alt=\"\"  width=\"2376\" height=\"1008\"   \/><\/a><\/div>","protected":false},"excerpt":{"rendered":"<p>LONDRA (AA) &#8211; \u0130ngiltere&#8217;de Cardiff \u00dcniversitesinden Prof. Jane Greaves liderli\u011findeki uluslararas\u0131 bir g\u00f6k bilimci ekibi, Ven\u00fcs&#8216;\u00fcn atmosferinde oksijensiz ortamlarda ya\u015fayan mikroplar taraf\u0131ndan \u00fcretilen fosfin gaz\u0131 ke\u015ffetti. Hidrojen ve fosfor atomlar\u0131ndan olu\u015fan fosfin molek\u00fclleri, ilk olarak Hawaii&#8217;deki James Clerk Maxwell Teleskopu&#8217;yla (JCMT) tespit edildi. Fosfinin varl\u0131\u011f\u0131n\u0131n \u015eili&#8217;deki B\u00fcy\u00fck Milimetre Teleskopu taraf\u0131ndan do\u011frulanmas\u0131n\u0131n ard\u0131ndan, uluslararas\u0131 g\u00f6k bilimciler ekibi, bunun nereden gelmi\u015f olabilece\u011fini anlamak i\u00e7in bir dizi \u00e7al\u0131\u015fma yapt\u0131. \u00c7al\u0131\u015fmalarda g\u00f6k ta\u015flar\u0131, y\u0131ld\u0131r\u0131mlar ve de\u011fi\u015fik kimyasal reaksiyonlar gibi biyolojik olmayan olas\u0131l\u0131klar de\u011ferlendirildi. \u00c7al\u0131\u015fmalar\u0131n sonunda gezegenin atmosferinde tespit edilen fosfin i\u00e7in ya\u015fam\u0131n varl\u0131\u011f\u0131 d\u0131\u015f\u0131nda bir a\u00e7\u0131klama olmad\u0131\u011f\u0131 sonucuna var\u0131ld\u0131. Massachusetts Teknoloji Enstit\u00fcs\u00fc&#8217;nden (MIT) Dr. [&hellip;]<\/p>\n","protected":false},"author":1,"featured_media":5624,"comment_status":"open","ping_status":"open","sticky":false,"template":"","format":"standard","meta":{"ngg_post_thumbnail":0,"footnotes":""},"categories":[11],"tags":[1806,1801,1804,1805,598,1803,1802],"class_list":["post-5623","post","type-post","status-publish","format-standard","has-post-thumbnail","hentry","category-dunya","tag-cardiff-universitesi","tag-karadelik","tag-prof-emma-bunce","tag-prof-jane-greaves","tag-uzay","tag-uzayda-yasam","tag-venus"],"_links":{"self":[{"href":"https:\/\/by-tv.co.uk\/en\/wp-json\/wp\/v2\/posts\/5623","targetHints":{"allow":["GET"]}}],"collection":[{"href":"https:\/\/by-tv.co.uk\/en\/wp-json\/wp\/v2\/posts"}],"about":[{"href":"https:\/\/by-tv.co.uk\/en\/wp-json\/wp\/v2\/types\/post"}],"author":[{"embeddable":true,"href":"https:\/\/by-tv.co.uk\/en\/wp-json\/wp\/v2\/users\/1"}],"replies":[{"embeddable":true,"href":"https:\/\/by-tv.co.uk\/en\/wp-json\/wp\/v2\/comments?post=5623"}],"version-history":[{"count":0,"href":"https:\/\/by-tv.co.uk\/en\/wp-json\/wp\/v2\/posts\/5623\/revisions"}],"wp:featuredmedia":[{"embeddable":true,"href":"https:\/\/by-tv.co.uk\/en\/wp-json\/wp\/v2\/media\/5624"}],"wp:attachment":[{"href":"https:\/\/by-tv.co.uk\/en\/wp-json\/wp\/v2\/media?parent=5623"}],"wp:term":[{"taxonomy":"category","embeddable":true,"href":"https:\/\/by-tv.co.uk\/en\/wp-json\/wp\/v2\/categories?post=5623"},{"taxonomy":"post_tag","embeddable":true,"href":"https:\/\/by-tv.co.uk\/en\/wp-json\/wp\/v2\/tags?post=5623"}],"curies":[{"name":"wp","href":"https:\/\/api.w.org\/{rel}","templated":true}]}}