{"id":5499,"date":"2020-09-07T16:00:30","date_gmt":"2020-09-07T13:00:30","guid":{"rendered":"https:\/\/by-tv.co.uk\/?p=5499"},"modified":"2020-09-07T16:00:30","modified_gmt":"2020-09-07T13:00:30","slug":"ingiltere-basbakani-johnson-brexitle-ilgili-abye-ticaret-anlasmasi-icin-15-ekime-kadar-sure-verecek","status":"publish","type":"post","link":"https:\/\/by-tv.co.uk\/en\/ingiltere-basbakani-johnson-brexitle-ilgili-abye-ticaret-anlasmasi-icin-15-ekime-kadar-sure-verecek\/","title":{"rendered":"\u0130ngiltere Ba\u015fbakan\u0131 Johnson, Brexitle ilgili AB&#8217;ye ticaret anla\u015fmas\u0131 i\u00e7in 15 Ekim&#8217;e kadar s\u00fcre verecek"},"content":{"rendered":"<p>\u0130ngiltere Ba\u015fbakan\u0131 Boris Johnson&#8217;\u0131n Pazartesi g\u00fcn\u00fc yapaca\u011f\u0131 konu\u015fmada Avrupa Birli\u011fi (AB) ile 15 Ekim&#8217;e kadar ticaret anla\u015fmas\u0131 yap\u0131lamamas\u0131 halinde her iki taraf\u0131n da &#8220;bunu kabul edip, yoluna devam etmesi gerekti\u011fini&#8221; s\u00f6ylemesi bekleniyor.<\/p>\n<p>BBC T\u00fcrk\u00e7e&#8217;nin haberine Johnson&#8217;\u0131n konu\u015fmas\u0131nda, &#8220;Bu tarihin \u00f6tesine sarkan takvimleri d\u00fc\u015f\u00fcnmenin hi\u00e7bir anlam\u0131 yok. O vakte kadar bir anla\u015fma sa\u011flayamazsak, iki taraf aras\u0131nda bir serbest ticaret anla\u015fmas\u0131 olaca\u011f\u0131n\u0131 zannetmiyorum ve bu durumda, bunu kabul edip yolumuza devam etmemiz gerekiyor&#8221; diyece\u011fi belirtildi.<\/p>\n<p>Johnson&#8217;\u0131n \u0130ngiltere&#8217;nin AB \u00fcyeli\u011finden ticaret anla\u015fmas\u0131 yapmadan ayr\u0131lmas\u0131n\u0131 da &#8220;olumlu bir sonu\u00e7&#8221; olarak nitelendirece\u011fi ifade ediliyor.<\/p><div id=\"briti-3988453908\" class=\"briti-icerik\" style=\"margin-top: 5px;margin-bottom: 5px;\"><a href=\"https:\/\/piaryum.com\/services\/\" aria-label=\"piaryum banner\"><img loading=\"lazy\" decoding=\"async\" src=\"https:\/\/by-tv.co.uk\/wp-content\/uploads\/2025\/12\/Gemini_Generated_Image_g5yqr1g5yqr1g5yq.jpg\" alt=\"\"  width=\"2064\" height=\"1152\"   \/><\/a><\/div>\n<p>\u0130ngiltere, 2016&#8217;da yap\u0131lan referandumun ard\u0131ndan 31 Ocak&#8217;ta AB \u00fcyeli\u011finden resmen ayr\u0131ld\u0131. Bu tarihte y\u0131lsonuna kadar s\u00fcrecek olan 11 ayl\u0131k bir ge\u00e7i\u015f d\u00f6nemi ba\u015flad\u0131.<\/p>\n<p>Bu ge\u00e7i\u015f d\u00f6neminde, bir\u00e7ok d\u00fczenleme ayn\u0131 \u015fekilde devam ederken, iki taraf\u0131ndan da ba\u015fta ticaret olmak \u00fczere Brexit sonras\u0131 ili\u015fkilerin niteli\u011fini belirleyecek bir anla\u015fma yapmas\u0131 \u00f6ng\u00f6r\u00fcl\u00fcyordu.<\/p>\n<p>AB ile \u0130ngiltere heyetleri aras\u0131ndaki m\u00fczakerelerin sekizinci turu Sal\u0131 g\u00fcn\u00fc ba\u015flayacak.<\/p>\n<p>Ticaret anla\u015fmas\u0131yla ilgili son durum<br \/>\n\u0130ngiltere, AB&#8217;nin Kanada ile yapt\u0131\u011f\u0131na benzer bir anla\u015fma imzalamak istedi\u011fini s\u00f6yl\u00fcyor.<\/p>\n<p>Anla\u015fma olmamas\u0131 halinde ise AB ile Avustralya aras\u0131ndakine benzer \u015fekilde, ticaretin D\u00fcnya Ticaret \u00d6rg\u00fct\u00fc kurallar\u0131 \u00e7er\u00e7evesinde devam edece\u011fini savunuyor.<\/p>\n<p>Johnson konu\u015fmas\u0131nda ayr\u0131ca AB ile ticaret anla\u015fmas\u0131 yap\u0131lamamas\u0131 olas\u0131l\u0131\u011f\u0131na kar\u015f\u0131 liman ve s\u0131n\u0131rlarda gerekli \u00f6nlemlerin al\u0131nmaya ba\u015fland\u0131\u011f\u0131n\u0131 da s\u00f6yleyecek.<\/p>\n<p>Ancak kara ta\u015f\u0131mac\u0131l\u0131\u011f\u0131 sekt\u00f6r\u00fcn\u00fc temsil eden gruplar, ge\u00e7en hafta i\u00e7erisinde bakanlara yazd\u0131klar\u0131 mektupta tedarik zincirinde &#8220;ciddi&#8221; s\u0131k\u0131nt\u0131lar olabilece\u011fi ve \u0130ngiltere&#8217;nin &#8220;uyurgezer bir halde felakete do\u011fru y\u00fcr\u00fcd\u00fc\u011f\u00fc&#8221; uyar\u0131s\u0131n\u0131 yapt\u0131.<\/p>\n<p>\u0130ngiltere D\u0131\u015fi\u015fleri Bakan\u0131 Dominic Raab, Pazar g\u00fcn\u00fc BBC&#8217;ye yapt\u0131\u011f\u0131 a\u00e7\u0131klamada, AB ile y\u00fcr\u00fct\u00fclen m\u00fczakerelerde t\u0131kan\u0131kl\u0131k ya\u015fanan iki konunu bal\u0131k\u00e7\u0131l\u0131kla ve devlet yard\u0131mlar\u0131yla ilgili d\u00fczenlemeler oldu\u011funu s\u00f6yledi.<\/p>\n<p>&nbsp;<\/p>\n<p>Kaynak: BBC T\u00fcrk\u00e7e, Habert\u00fcrk<\/p>\n<div id=\"briti-411141059\" class=\"briti-icerikten-sonra_2\" style=\"margin-top: 25px;margin-bottom: 25px;\"><a href=\"https:\/\/wa.me\/message\/NDZLLIOQT4H3O1\" aria-label=\"bytv reklam banner\"><img loading=\"lazy\" decoding=\"async\" src=\"https:\/\/by-tv.co.uk\/wp-content\/uploads\/2025\/12\/bytv-reklam-banner.jpg\" alt=\"\"  width=\"2376\" height=\"1008\"   \/><\/a><\/div>","protected":false},"excerpt":{"rendered":"<p>\u0130ngiltere Ba\u015fbakan\u0131 Boris Johnson&#8217;\u0131n Pazartesi g\u00fcn\u00fc yapaca\u011f\u0131 konu\u015fmada Avrupa Birli\u011fi (AB) ile 15 Ekim&#8217;e kadar ticaret anla\u015fmas\u0131 yap\u0131lamamas\u0131 halinde her iki taraf\u0131n da &#8220;bunu kabul edip, yoluna devam etmesi gerekti\u011fini&#8221; s\u00f6ylemesi bekleniyor. BBC T\u00fcrk\u00e7e&#8217;nin haberine Johnson&#8217;\u0131n konu\u015fmas\u0131nda, &#8220;Bu tarihin \u00f6tesine sarkan takvimleri d\u00fc\u015f\u00fcnmenin hi\u00e7bir anlam\u0131 yok. O vakte kadar bir anla\u015fma sa\u011flayamazsak, iki taraf aras\u0131nda bir serbest ticaret anla\u015fmas\u0131 olaca\u011f\u0131n\u0131 zannetmiyorum ve bu durumda, bunu kabul edip yolumuza devam etmemiz gerekiyor&#8221; diyece\u011fi belirtildi. Johnson&#8217;\u0131n \u0130ngiltere&#8217;nin AB \u00fcyeli\u011finden ticaret anla\u015fmas\u0131 yapmadan ayr\u0131lmas\u0131n\u0131 da &#8220;olumlu bir sonu\u00e7&#8221; olarak nitelendirece\u011fi ifade ediliyor. \u0130ngiltere, 2016&#8217;da yap\u0131lan referandumun ard\u0131ndan 31 Ocak&#8217;ta AB \u00fcyeli\u011finden resmen ayr\u0131ld\u0131. [&hellip;]<\/p>\n","protected":false},"author":1,"featured_media":5313,"comment_status":"open","ping_status":"open","sticky":false,"template":"","format":"standard","meta":{"ngg_post_thumbnail":0,"footnotes":""},"categories":[15],"tags":[172,149],"class_list":["post-5499","post","type-post","status-publish","format-standard","has-post-thumbnail","hentry","category-ingiltere","tag-brexit","tag-ingiltere"],"_links":{"self":[{"href":"https:\/\/by-tv.co.uk\/en\/wp-json\/wp\/v2\/posts\/5499","targetHints":{"allow":["GET"]}}],"collection":[{"href":"https:\/\/by-tv.co.uk\/en\/wp-json\/wp\/v2\/posts"}],"about":[{"href":"https:\/\/by-tv.co.uk\/en\/wp-json\/wp\/v2\/types\/post"}],"author":[{"embeddable":true,"href":"https:\/\/by-tv.co.uk\/en\/wp-json\/wp\/v2\/users\/1"}],"replies":[{"embeddable":true,"href":"https:\/\/by-tv.co.uk\/en\/wp-json\/wp\/v2\/comments?post=5499"}],"version-history":[{"count":0,"href":"https:\/\/by-tv.co.uk\/en\/wp-json\/wp\/v2\/posts\/5499\/revisions"}],"wp:featuredmedia":[{"embeddable":true,"href":"https:\/\/by-tv.co.uk\/en\/wp-json\/wp\/v2\/media\/5313"}],"wp:attachment":[{"href":"https:\/\/by-tv.co.uk\/en\/wp-json\/wp\/v2\/media?parent=5499"}],"wp:term":[{"taxonomy":"category","embeddable":true,"href":"https:\/\/by-tv.co.uk\/en\/wp-json\/wp\/v2\/categories?post=5499"},{"taxonomy":"post_tag","embeddable":true,"href":"https:\/\/by-tv.co.uk\/en\/wp-json\/wp\/v2\/tags?post=5499"}],"curies":[{"name":"wp","href":"https:\/\/api.w.org\/{rel}","templated":true}]}}