{"id":5476,"date":"2020-09-06T00:06:55","date_gmt":"2020-09-05T21:06:55","guid":{"rendered":"https:\/\/by-tv.co.uk\/?p=5476"},"modified":"2020-09-06T00:06:55","modified_gmt":"2020-09-05T21:06:55","slug":"ingiltere-uluslararasi-genclik-muzik-yarismasindan-elif-erogludan-birincilik","status":"publish","type":"post","link":"https:\/\/by-tv.co.uk\/en\/ingiltere-uluslararasi-genclik-muzik-yarismasindan-elif-erogludan-birincilik\/","title":{"rendered":"Elif Ero\u011flu&#8217;na \u0130ngiltere Uluslararas\u0131 Gen\u00e7lik M\u00fczik Yar\u0131\u015fmas\u0131&#8217;ndan birincilik \u00f6d\u00fcl\u00fc"},"content":{"rendered":"<p>Antalya\u2019da ya\u015fayan 13 ya\u015f\u0131ndaki ortaokul \u00f6\u011frencisi Elif Ero\u011flu keman performans\u0131yla, \u0130ngiltere\u2019de 27 \u00fclkeden 214 gencin kat\u0131ld\u0131\u011f\u0131 3\u2019\u00fcnc\u00fc New Talent British International Youth M\u00fczik Yar\u0131\u015fmas\u0131\u2019nda 12-15 ya\u015f grubunda birinci oldu.<\/p>\n<p>\u00c7al\u0131\u015fmalar\u0131n\u0131 keman \u00f6\u011fretmeni Daniya Kaynova ile s\u00fcrd\u00fcren Ero\u011flu, bu derecesiyle birlikte uluslararas\u0131 m\u00fczik yar\u0131\u015fmalar\u0131nda dokuzuncu kez birincilik elde etti.<\/p>\n<p>Korona vir\u00fcs\u00fc salg\u0131n\u0131 nedeniyle\u00a0\u00a0 \u0130ngiltere\u2019deki yar\u0131\u015fmaya online olarak kat\u0131ld\u0131\u011f\u0131n\u0131 belirten Ero\u011flu, haberi sosyal medya hesab\u0131ndan duyurarak, \u201c3. New Talent British International Youth M\u00fczik Yar\u0131\u015fmas\u0131nda 27 \u00dclke 214 yar\u0131\u015fmac\u0131 aras\u0131ndan tek T\u00fcrk kat\u0131l\u0131mc\u0131 olarak, 12-15 ya\u015f grubunda 1. oldum. \u00c7ok mutluyum. Ailem, \u00f6\u011fretmenim ve sizlere \u00e7ok te\u015fekk\u00fcr ederim\u201d ifadelerini kulland\u0131.<\/p><div id=\"briti-2986735574\" class=\"briti-icerik\" style=\"margin-top: 5px;margin-bottom: 5px;\"><a href=\"https:\/\/piaryum.com\/services\/\" aria-label=\"piaryum banner\"><img loading=\"lazy\" decoding=\"async\" src=\"https:\/\/by-tv.co.uk\/wp-content\/uploads\/2025\/12\/Gemini_Generated_Image_g5yqr1g5yqr1g5yq.jpg\" alt=\"\"  width=\"2064\" height=\"1152\"   \/><\/a><\/div>\n<p><iframe loading=\"lazy\" src=\"https:\/\/www.youtube.com\/embed\/QUM5SAxh8lo\" width=\"1280\" height=\"720\" frameborder=\"0\" allowfullscreen=\"allowfullscreen\"><\/iframe><\/p>\n<p>&nbsp;<\/p>\n<p>PATREON&#8217;dan Brit-i\u015f Ya\u015fam Tv&#8217;ye destek olabilirsiniz<\/p>\n<p>\u2192 https:\/\/www.patreon.com\/britisyasamTV<\/p>\n<p>Te\u015fekk\u00fcrler!<\/p>\n<div id=\"briti-3863937121\" class=\"briti-icerikten-sonra_2\" style=\"margin-top: 25px;margin-bottom: 25px;\"><a href=\"https:\/\/wa.me\/message\/NDZLLIOQT4H3O1\" aria-label=\"bytv reklam banner\"><img loading=\"lazy\" decoding=\"async\" src=\"https:\/\/by-tv.co.uk\/wp-content\/uploads\/2025\/12\/bytv-reklam-banner.jpg\" alt=\"\"  width=\"2376\" height=\"1008\"   \/><\/a><\/div>","protected":false},"excerpt":{"rendered":"<p>Antalya\u2019da ya\u015fayan 13 ya\u015f\u0131ndaki ortaokul \u00f6\u011frencisi Elif Ero\u011flu keman performans\u0131yla, \u0130ngiltere\u2019de 27 \u00fclkeden 214 gencin kat\u0131ld\u0131\u011f\u0131 3\u2019\u00fcnc\u00fc New Talent British International Youth M\u00fczik Yar\u0131\u015fmas\u0131\u2019nda 12-15 ya\u015f grubunda birinci oldu. \u00c7al\u0131\u015fmalar\u0131n\u0131 keman \u00f6\u011fretmeni Daniya Kaynova ile s\u00fcrd\u00fcren Ero\u011flu, bu derecesiyle birlikte uluslararas\u0131 m\u00fczik yar\u0131\u015fmalar\u0131nda dokuzuncu kez birincilik elde etti. Korona vir\u00fcs\u00fc salg\u0131n\u0131 nedeniyle\u00a0\u00a0 \u0130ngiltere\u2019deki yar\u0131\u015fmaya online olarak kat\u0131ld\u0131\u011f\u0131n\u0131 belirten Ero\u011flu, haberi sosyal medya hesab\u0131ndan duyurarak, \u201c3. New Talent British International Youth M\u00fczik Yar\u0131\u015fmas\u0131nda 27 \u00dclke 214 yar\u0131\u015fmac\u0131 aras\u0131ndan tek T\u00fcrk kat\u0131l\u0131mc\u0131 olarak, 12-15 ya\u015f grubunda 1. oldum. \u00c7ok mutluyum. Ailem, \u00f6\u011fretmenim ve sizlere \u00e7ok te\u015fekk\u00fcr ederim\u201d ifadelerini kulland\u0131. &nbsp; PATREON&#8217;dan Brit-i\u015f [&hellip;]<\/p>\n","protected":false},"author":1,"featured_media":5478,"comment_status":"open","ping_status":"open","sticky":false,"template":"","format":"standard","meta":{"ngg_post_thumbnail":0,"footnotes":""},"categories":[4],"tags":[1706,1705,1708,1709,1707],"class_list":["post-5476","post","type-post","status-publish","format-standard","has-post-thumbnail","hentry","category-muzik","tag-daniya-kaynova","tag-elif-eroglu","tag-ingiltere-uluslararasi-genclik-muzik-yarismasi","tag-ingiltere-yarisma","tag-new-talent-british-international-youth"],"_links":{"self":[{"href":"https:\/\/by-tv.co.uk\/en\/wp-json\/wp\/v2\/posts\/5476","targetHints":{"allow":["GET"]}}],"collection":[{"href":"https:\/\/by-tv.co.uk\/en\/wp-json\/wp\/v2\/posts"}],"about":[{"href":"https:\/\/by-tv.co.uk\/en\/wp-json\/wp\/v2\/types\/post"}],"author":[{"embeddable":true,"href":"https:\/\/by-tv.co.uk\/en\/wp-json\/wp\/v2\/users\/1"}],"replies":[{"embeddable":true,"href":"https:\/\/by-tv.co.uk\/en\/wp-json\/wp\/v2\/comments?post=5476"}],"version-history":[{"count":0,"href":"https:\/\/by-tv.co.uk\/en\/wp-json\/wp\/v2\/posts\/5476\/revisions"}],"wp:featuredmedia":[{"embeddable":true,"href":"https:\/\/by-tv.co.uk\/en\/wp-json\/wp\/v2\/media\/5478"}],"wp:attachment":[{"href":"https:\/\/by-tv.co.uk\/en\/wp-json\/wp\/v2\/media?parent=5476"}],"wp:term":[{"taxonomy":"category","embeddable":true,"href":"https:\/\/by-tv.co.uk\/en\/wp-json\/wp\/v2\/categories?post=5476"},{"taxonomy":"post_tag","embeddable":true,"href":"https:\/\/by-tv.co.uk\/en\/wp-json\/wp\/v2\/tags?post=5476"}],"curies":[{"name":"wp","href":"https:\/\/api.w.org\/{rel}","templated":true}]}}