{"id":5458,"date":"2020-09-04T23:54:04","date_gmt":"2020-09-04T20:54:04","guid":{"rendered":"https:\/\/by-tv.co.uk\/?p=5458"},"modified":"2020-09-04T23:54:04","modified_gmt":"2020-09-04T20:54:04","slug":"carnext-com-pandemide-degisen-ulasim-aliskanliklarini-acikladi","status":"publish","type":"post","link":"https:\/\/by-tv.co.uk\/en\/carnext-com-pandemide-degisen-ulasim-aliskanliklarini-acikladi\/","title":{"rendered":"CarNext.com, pandemide de\u011fi\u015fen ula\u015f\u0131m al\u0131\u015fkanl\u0131klar\u0131n\u0131 a\u00e7\u0131klad\u0131"},"content":{"rendered":"<p>\u0130STANBUL (AA) &#8211; CarNext.com&#8217;un &#8220;Covid-19 Mobilite Anketi&#8221;nin ara\u015ft\u0131rmas\u0131na g\u00f6re, kat\u0131l\u0131mc\u0131lar\u0131n y\u00fczde 81&#8217;i pandemi nedeniyle toplu ta\u015f\u0131ma yerine otomobil kullanma olas\u0131l\u0131\u011f\u0131n\u0131n daha y\u00fcksek oldu\u011funu, her 3 s\u00fcr\u00fcc\u00fcden 1&#8217;inin otomobilini bundan sonra online olarak sat\u0131n almay\u0131 d\u00fc\u015f\u00fcnece\u011fi ortaya \u00e7\u0131kt\u0131.<\/p>\n<h4>Toplu ta\u015f\u0131ma yerine otomobil kullanma olas\u0131l\u0131\u011f\u0131 daha y\u00fcksek<\/h4>\n<p>LeasePlan&#8217;\u0131n ikinci el ara\u00e7 sat\u0131\u015f ve uzun d\u00f6nem kiralama platformu CarNext.com&#8217;dan yap\u0131lan a\u00e7\u0131klamayla, t\u00fcketicilerin ula\u015f\u0131m al\u0131\u015fkanl\u0131klar\u0131ndaki de\u011fi\u015fimi yak\u0131n markaja ald\u0131\u011f\u0131 &#8220;Covid-19 Mobilite Anketi&#8221;nin sonu\u00e7lar\u0131 payla\u015f\u0131ld\u0131.<\/p>\n<p>A\u011fustos ay\u0131nda ger\u00e7ekle\u015ftirilen \u00e7al\u0131\u015fmaya, Fransa, Almanya, \u0130talya, Hollanda, Portekiz ve \u0130spanya olmak \u00fczere alt\u0131 \u00fclkeden 25-50 ya\u015f aral\u0131\u011f\u0131nda olan 3 bin ki\u015fi kat\u0131ld\u0131.<br \/>\nSonu\u00e7lara g\u00f6re, kat\u0131l\u0131mc\u0131lar\u0131n y\u00fczde 81&#8217;i pandemi nedeniyle toplu ta\u015f\u0131ma yerine otomobil kullanma olas\u0131l\u0131\u011f\u0131n\u0131n daha y\u00fcksek oldu\u011funu belirtirken, her 3 s\u00fcr\u00fcc\u00fcden 1&#8217;inin otomobilini bundan sonra online olarak sat\u0131n almay\u0131 d\u00fc\u015f\u00fcnece\u011fi ortaya \u00e7\u0131kt\u0131.<\/p><div id=\"briti-1556822268\" class=\"briti-icerik\" style=\"margin-top: 5px;margin-bottom: 5px;\"><a href=\"https:\/\/piaryum.com\/services\/\" aria-label=\"piaryum banner\"><img loading=\"lazy\" decoding=\"async\" src=\"https:\/\/by-tv.co.uk\/wp-content\/uploads\/2025\/12\/Gemini_Generated_Image_g5yqr1g5yqr1g5yq.jpg\" alt=\"\"  width=\"2064\" height=\"1152\"   \/><\/a><\/div>\n<p>Ara\u015ft\u0131rmaya g\u00f6re, t\u00fcketiciler ara\u00e7 \u00e7a\u011f\u0131rma ve ara\u00e7 payla\u015f\u0131m \u00e7\u00f6z\u00fcmlerine bu s\u00fcre\u00e7te s\u0131cak bakmazken, ankete kat\u0131lanlar\u0131n y\u00fczde 60&#8217;\u0131 bu t\u00fcr hizmetleri kullan\u0131rken g\u00fcvensiz hissettiklerini a\u00e7\u0131klad\u0131.<\/p>\n<p>\u00c7al\u0131\u015fma kapsam\u0131nda bu y\u0131l tatil planlar\u0131 yapanlar\u0131n y\u00fczde 84&#8217;\u00fc u\u00e7ak yerine otomobil kullanmay\u0131 d\u00fc\u015f\u00fcnd\u00fc\u011f\u00fcn\u00fc aktar\u0131rken, kullan\u0131c\u0131lar\u0131n y\u00fczde 34&#8217;\u00fc, eve teslim \u00e7\u00f6z\u00fcm\u00fc sunulsa online otomobil sat\u0131n almaya daha istekli olacaklar\u0131n\u0131 bildirdi.<\/p>\n<p>14 g\u00fcn para iade garantisi sunulmas\u0131 halinde ise bu oran\u0131n y\u00fczde 50&#8217;ye ve tam bir bak\u0131m ge\u00e7mi\u015fi ve mekanik kontroller sa\u011flanmas\u0131 halinde ise y\u00fczde 65&#8217;e y\u00fckselece\u011fi ortaya \u00e7\u0131kt\u0131.<br \/>\nA\u00e7\u0131klamada g\u00f6r\u00fc\u015flerine yer verilen LeasePlan T\u00fcrkiye Genel M\u00fcd\u00fcr\u00fc T\u00fcrkay Oktay online sat\u0131\u015f refleksinin T\u00fcrkiye&#8217;de de h\u0131zla kabul g\u00f6rd\u00fc\u011f\u00fcn\u00fc belirterek, \u015funlar\u0131 kaydetti:<br \/>\n&#8220;Pandemi s\u00fcrecinde t\u00fcketicilerin online t\u00fcketim ivmesinin y\u00fckseli\u015fiyle beraber CarNext.com markam\u0131z i\u00e7in \u00fclkemizde de online sat\u0131\u015f operasyonuna do\u011fru bir zamanlamayla start vermi\u015ftik. Anket sonu\u00e7lar\u0131na \u00e7ok paralel bir e\u011filimin T\u00fcrkiye&#8217;de de bulundu\u011funu k\u0131sa s\u00fcrede artan online sat\u0131\u015f rakamlar\u0131m\u0131z ile daha net g\u00f6r\u00fcyoruz.&#8221;<\/p>\n<p>Carnext.com \u00dcr\u00fcn ve Pazarlama Direkt\u00f6r\u00fc Jan Wouter Kleinjananketle, yeni normalin kazanan\u0131n\u0131n bireysel otomobil oldu\u011funu aktararak, \u015fu bilgileri verdi:<br \/>\n&#8221; Anketimiz, insanlar\u0131n y\u00fczde 81&#8217;inin g\u00fcvenlik kayg\u0131lar\u0131 nedeniyle toplu ta\u015f\u0131ma yerine ara\u00e7 kullanmay\u0131 ve insanlar\u0131n y\u00fczde 84&#8217;\u00fcn\u00fcn bir sonraki tatil yolculuklar\u0131nda u\u00e7mak yerine ara\u00e7 kullanmay\u0131 d\u00fc\u015f\u00fcnd\u00fc\u011f\u00fcn\u00fc g\u00f6steriyor.Ayr\u0131ca, salg\u0131n s\u0131ras\u0131nda e-ticarete do\u011fru kesin bir y\u00f6nelme oldu\u011funu da g\u00f6rd\u00fck. \u0130nsanlar\u0131n \u00fc\u00e7te biri bir sonraki otomobilini \u00e7evrim i\u00e7i yani online olarak sat\u0131n almay\u0131 d\u00fc\u015f\u00fcn\u00fcyor. G\u00f6r\u00fcn\u00fc\u015fe g\u00f6re online otomobil sat\u0131n alma sadece ge\u00e7ici bir e\u011filim de\u011fil, ayn\u0131 zamanda yeni normalin \u00f6nemli bir par\u00e7as\u0131 ve yap\u0131sal bir de\u011fi\u015fim.&#8221;<\/p>\n<div id=\"briti-4056723338\" class=\"briti-icerikten-sonra_2\" style=\"margin-top: 25px;margin-bottom: 25px;\"><a href=\"https:\/\/wa.me\/message\/NDZLLIOQT4H3O1\" aria-label=\"bytv reklam banner\"><img loading=\"lazy\" decoding=\"async\" src=\"https:\/\/by-tv.co.uk\/wp-content\/uploads\/2025\/12\/bytv-reklam-banner.jpg\" alt=\"\"  width=\"2376\" height=\"1008\"   \/><\/a><\/div>","protected":false},"excerpt":{"rendered":"<p>\u0130STANBUL (AA) &#8211; CarNext.com&#8217;un &#8220;Covid-19 Mobilite Anketi&#8221;nin ara\u015ft\u0131rmas\u0131na g\u00f6re, kat\u0131l\u0131mc\u0131lar\u0131n y\u00fczde 81&#8217;i pandemi nedeniyle toplu ta\u015f\u0131ma yerine otomobil kullanma olas\u0131l\u0131\u011f\u0131n\u0131n daha y\u00fcksek oldu\u011funu, her 3 s\u00fcr\u00fcc\u00fcden 1&#8217;inin otomobilini bundan sonra online olarak sat\u0131n almay\u0131 d\u00fc\u015f\u00fcnece\u011fi ortaya \u00e7\u0131kt\u0131. Toplu ta\u015f\u0131ma yerine otomobil kullanma olas\u0131l\u0131\u011f\u0131 daha y\u00fcksek LeasePlan&#8217;\u0131n ikinci el ara\u00e7 sat\u0131\u015f ve uzun d\u00f6nem kiralama platformu CarNext.com&#8217;dan yap\u0131lan a\u00e7\u0131klamayla, t\u00fcketicilerin ula\u015f\u0131m al\u0131\u015fkanl\u0131klar\u0131ndaki de\u011fi\u015fimi yak\u0131n markaja ald\u0131\u011f\u0131 &#8220;Covid-19 Mobilite Anketi&#8221;nin sonu\u00e7lar\u0131 payla\u015f\u0131ld\u0131. A\u011fustos ay\u0131nda ger\u00e7ekle\u015ftirilen \u00e7al\u0131\u015fmaya, Fransa, Almanya, \u0130talya, Hollanda, Portekiz ve \u0130spanya olmak \u00fczere alt\u0131 \u00fclkeden 25-50 ya\u015f aral\u0131\u011f\u0131nda olan 3 bin ki\u015fi kat\u0131ld\u0131. Sonu\u00e7lara g\u00f6re, kat\u0131l\u0131mc\u0131lar\u0131n y\u00fczde 81&#8217;i pandemi nedeniyle [&hellip;]<\/p>\n","protected":false},"author":1,"featured_media":5459,"comment_status":"open","ping_status":"open","sticky":false,"template":"","format":"standard","meta":{"ngg_post_thumbnail":0,"footnotes":""},"categories":[1],"tags":[1680,808,1682,146,1681],"class_list":["post-5458","post","type-post","status-publish","format-standard","has-post-thumbnail","hentry","category-genel","tag-carnext-com","tag-covid-19","tag-jan-wouter-kleinjananketle","tag-otomobil","tag-turkay-oktay"],"_links":{"self":[{"href":"https:\/\/by-tv.co.uk\/en\/wp-json\/wp\/v2\/posts\/5458","targetHints":{"allow":["GET"]}}],"collection":[{"href":"https:\/\/by-tv.co.uk\/en\/wp-json\/wp\/v2\/posts"}],"about":[{"href":"https:\/\/by-tv.co.uk\/en\/wp-json\/wp\/v2\/types\/post"}],"author":[{"embeddable":true,"href":"https:\/\/by-tv.co.uk\/en\/wp-json\/wp\/v2\/users\/1"}],"replies":[{"embeddable":true,"href":"https:\/\/by-tv.co.uk\/en\/wp-json\/wp\/v2\/comments?post=5458"}],"version-history":[{"count":0,"href":"https:\/\/by-tv.co.uk\/en\/wp-json\/wp\/v2\/posts\/5458\/revisions"}],"wp:featuredmedia":[{"embeddable":true,"href":"https:\/\/by-tv.co.uk\/en\/wp-json\/wp\/v2\/media\/5459"}],"wp:attachment":[{"href":"https:\/\/by-tv.co.uk\/en\/wp-json\/wp\/v2\/media?parent=5458"}],"wp:term":[{"taxonomy":"category","embeddable":true,"href":"https:\/\/by-tv.co.uk\/en\/wp-json\/wp\/v2\/categories?post=5458"},{"taxonomy":"post_tag","embeddable":true,"href":"https:\/\/by-tv.co.uk\/en\/wp-json\/wp\/v2\/tags?post=5458"}],"curies":[{"name":"wp","href":"https:\/\/api.w.org\/{rel}","templated":true}]}}