{"id":5343,"date":"2020-08-28T01:47:51","date_gmt":"2020-08-27T22:47:51","guid":{"rendered":"https:\/\/by-tv.co.uk\/?p=5343"},"modified":"2020-08-28T01:56:19","modified_gmt":"2020-08-27T22:56:19","slug":"invest-in-turkey-uk-turkey-overseas-investment-digital-forum-2020","status":"publish","type":"post","link":"https:\/\/by-tv.co.uk\/en\/invest-in-turkey-uk-turkey-overseas-investment-digital-forum-2020\/","title":{"rendered":"8. T\u00fcrkiye\u2019de Yat\u0131r\u0131m Forumu 17-18 Eyl\u00fcl&#8217;de online olarak yap\u0131lacak"},"content":{"rendered":"<h4>Invest in Turkey &amp; UK-Turkey Overseas Investment Digital Forum 2020<\/h4>\n<p>8. T\u00fcrkiye\u2019de Yat\u0131r\u0131m Forumu ve 3. \u00a0\u0130ngiltere T\u00fcrkiye Yurt d\u0131\u015f\u0131 Yat\u0131r\u0131m Forumu; koronavir\u00fcs \u00f6nlemleri nedeniyle\u00a0 17-18 Eyl\u00fcl&#8217;de online olarak yap\u0131lacak. EEL Events taraf\u0131ndan d\u00fczenlenen ve Brit-i\u015f Ya\u015fam Tv&#8217;nin medya sponsoru oldu\u011fu etkinlik 2 g\u00fcn s\u00fcrecek.<\/p>\n<div>Forum T\u00fcrkiye&#8217;deki yat\u0131r\u0131m f\u0131rsatlar\u0131 ve T\u00fcrk i\u015f insanlar\u0131n\u0131n yurt d\u0131\u015f\u0131ndaki yat\u0131r\u0131m f\u0131rsatlar\u0131n\u0131 g\u00f6zden ge\u00e7irmenin yan\u0131 s\u0131ra Covid-19 salg\u0131n\u0131 s\u0131ras\u0131nda kar\u015f\u0131la\u015f\u0131lan zorluklar\u0131 ve gelecekteki durumu tart\u0131\u015fmak ve gelecek i\u00e7in bir plan haz\u0131rlamak i\u00e7in \u00e7e\u015fitli sekt\u00f6rlerden temsilcileri bir araya getiriyor.<\/div>\n<div><\/div>\n<div>17-18 Eyl\u00fcl tarihlerinde d\u00fczenlenecek Invest in Turkey &amp; UK-Turkey Overseas Investment Virtual Forum\u2019a kat\u0131lmak i\u00e7in yerinizi \u00dcCRETS\u0130Z olarak ay\u0131rt\u0131n veya birebir ba\u011flant\u0131 dahil premium bilet almak i\u00e7in <strong><a href=\"https:\/\/hopin.to\/events\/invest-in-turkey-forum-and-uk-turkey-overseas-investment-forum-2020#top\" target=\"_blank\" rel=\"noopener\">\u00a0t\u0131klay\u0131n\u0131z!<\/a><\/strong><\/div>\n<div><\/div>\n<div><\/div>\n<div>Etkinli\u011fin medya sponsorlar\u0131ndan olan Brit-\u0130\u015f Ya\u015fam Tv&#8217;nin Genel Yay\u0131n Y\u00f6netmeni Ergin Balabeyo\u011flu, bu t\u00fcr etkinliklere \u00e7ok \u00f6nem verdiklerini belirterek &#8220;T\u00fcrkiye ve Birle\u015fik Krall\u0131k aras\u0131nda s\u0131cak bir ba\u011f oldu\u011funu d\u00fc\u015f\u00fcn\u00fcyorum. Bu ba\u011f iyi de\u011ferlendirilirse her iki \u00fclke i\u00e7in de faydal\u0131 olacakt\u0131r. \u00d6te yandan ana vatan\u0131m\u0131z T\u00fcrkiye i\u00e7in yat\u0131r\u0131m \u00e7ekilebilecek her etkinli\u011fi desteklemekten mutluluk duyuyoruz. &#8221; dedi.<\/div>\n<div><\/div>\n<div><img loading=\"lazy\" decoding=\"async\" class=\"wp-image-5346 alignright\" src=\"https:\/\/by-tv.co.uk\/wp-content\/uploads\/2020\/08\/Invest-in-Turkey-Forum.jpeg\" alt=\"\" width=\"461\" height=\"650\" title=\"\"><\/div>\n<div><\/div>\n<div><strong>1. G\u00dcN \/ 17 Eyl\u00fcl<\/strong><\/div>\n<div><\/div>\n<div><strong>T\u00dcRK\u0130YE SANAL FORUMUNDA YATIRIM<\/strong><\/div>\n<div><\/div>\n<div>Sanal program\u0131m\u0131z, T\u00fcrk altyap\u0131s\u0131n\u0131n finansman\u0131 ve enerji yat\u0131r\u0131mlar\u0131n\u0131n yayg\u0131nla\u015ft\u0131r\u0131lmas\u0131 ile birlikte sa\u011fl\u0131k hizmetleri ve di\u011fer Kamu-\u00d6zel \u0130\u015fbirli\u011fi projeleri i\u00e7in yeni ger\u00e7eklik ile ilgili etkile\u015fimli tart\u0131\u015fmalar\u0131 i\u00e7ermektedir. Di\u011fer konular :T\u00fcrkiye&#8217;de s\u0131k\u0131nt\u0131l\u0131 bor\u00e7 yat\u0131r\u0131m\u0131 ve yeniden yap\u0131lanma; sermaye bor\u00e7 piyasalar\u0131 ve yat\u0131r\u0131mc\u0131lar\u0131n COVID-19 sonras\u0131 T\u00fcrkiye&#8217;ye kar\u015f\u0131 duyarl\u0131l\u0131\u011f\u0131.<\/div>\n<div><\/div>\n<div><strong>2. G\u00dcN \/ 18 Eyl\u00fcl<\/strong><\/div>\n<div><strong>\u0130NG\u0130LTERE-T\u00dcRK\u0130YE YURTDI\u015eI YATIRIM SANAL FORUMU<\/strong><\/div>\n<div><\/div>\n<div>\u0130ngiltere&#8217;nin COVID-19 sonras\u0131 ekonomide yabanc\u0131 yat\u0131r\u0131mc\u0131lar i\u00e7in bir hedef olmaya devam edip etmeyece\u011fi, \u015fu anda kilit yat\u0131r\u0131m alanlar\u0131n\u0131n oldu\u011fu ve T\u00fcrkiye-\u0130ngiltere ikili ili\u015fkilerinin Brexit ve COVID aras\u0131nda nas\u0131l g\u00f6r\u00fcnece\u011fi \u00fczerine \u00e7e\u015fitli sorular \u00fczerinde tart\u0131\u015fmay\u0131 ama\u00e7layacak. Birle\u015fik Krall\u0131k&#8217;\u0131n perakende ve t\u00fcketim mallar\u0131 pazar\u0131na geni\u015fleme, T\u00fcrk yat\u0131r\u0131mc\u0131lar i\u00e7in Birle\u015fik Krall\u0131k&#8217;ta gayrimenkul, varl\u0131k y\u00f6netimi ve teknoloji yat\u0131r\u0131m f\u0131rsatlar\u0131.<\/div>\n<div><\/div>\n<div><strong> KONU\u015eMACILAR<\/strong><\/div>\n<div>\n<ul>\n<li>Elchin Ebadov, CFO,\u00a0<strong>SOCAR<\/strong><\/li>\n<li>Sue Barrett, Director Head of Infrastructure for Turkey, MEA,<strong>\u00a0EBRD<\/strong><\/li>\n<li>Murat Ozdemir, Country Advisor\/UK, Presidency of the Republic of Turkey Investment Office<\/li>\n<li>Hasan Demirhan, Vice President of Banking,\u00a0<strong>BSTDB<\/strong><\/li>\n<li>Ozlem Kildir, CEO, Founder,\u00a0<strong>Profinstance Advisory &amp; Training Inc<\/strong><\/li>\n<li>Bilgitay Saybasili, Managing Director,\u00a0<strong>\u00dcNL\u00dc &amp; Co<\/strong><\/li>\n<li>Ceren Tak,\u00a0 Director, EM Structured Credit,\u00a0<strong>Deutsche Bank<\/strong><\/li>\n<li>Kaan T\u00fcrker, Vice Chairman of the Board of Directors,\u00a0<strong>Turkerler Holding<\/strong><\/li>\n<li>Dilara Yardimci, Country Director, UK,\u00a0<strong>Turkish Trade Center<\/strong><\/li>\n<li>Kazim Koseoglu, Chairman,\u00a0<strong>Esas Properties<\/strong><\/li>\n<li>Hassan Farran, Partner, Head of Middle East Capital Markets,\u00a0<strong>Cushman &amp; Wakefield<\/strong><\/li>\n<li>Axel Kalinowski, Head of Central and Southern Europe,\u00a0<strong>London Stock Exchange<\/strong><\/li>\n<li>Edouard Lechere, President, Healthcare Equipment Finance,\u00a0<strong>GE Healthcare<\/strong><\/li>\n<li>Oguz Engiz, Chairman,\u00a0<strong>Ankara Healthcare Organizations Association<\/strong><\/li>\n<li>Pietro Crescini, Director, Global Structured Finance, EMEA,<strong>\u00a0SMBC<\/strong><\/li>\n<li>Ekrem Utku, Founder,\u00a0<strong>World Brands Consulting\u00a0<\/strong>\/ f. Secretary Gen of Turkish Retailers Assn.<\/li>\n<li>Ozlem Tuskan, Founder,\u00a0<strong>BrandSeers<\/strong><\/li>\n<li>Kemal Sidar, CEO,\u00a0<strong>London Bridge Project<\/strong><\/li>\n<li>Yasemin Kuytak, Director,\u00a0<strong>KfW IPEX, Turkey<\/strong><\/li>\n<\/ul>\n<\/div>\n<h4>Etkinlik Sponsorlar\u0131<\/h4>\n<p>CADWALADER, Hidayetoglu Avukatl\u0131k Ortakl\u0131\u011f\u0131, A.\u015e. OTOYOL YATIRIM VE \u0130\u015eLETME BTY, Yaz\u0131c\u0131 Avukatl\u0131k Ortakl\u0131\u011f\u0131, NAZALI Avukatl\u0131k Ortakl\u0131\u011f\u0131, Bretz, Turkish British Magazine, Brit-\u0130\u015f Ya\u015fam TV<br \/>\nT\u00fcrkiye \u0130ngiliz Ticaret Odas\u0131 (BCCT) ve Uluslararas\u0131 Ticaret Bakanl\u0131\u011f\u0131 (DIT) ortak ev sahipleri.<\/p>\n<p>TBBCI, GUYAD, JESDER London Bridge Project ile de i\u015fbirli\u011finde ger\u00e7ekle\u015fiyor.<\/p><div id=\"briti-3981750933\" class=\"briti-icerik\" style=\"margin-top: 5px;margin-bottom: 5px;\"><a href=\"https:\/\/piaryum.com\/services\/\" aria-label=\"piaryum banner\"><img loading=\"lazy\" decoding=\"async\" src=\"https:\/\/by-tv.co.uk\/wp-content\/uploads\/2025\/12\/Gemini_Generated_Image_g5yqr1g5yqr1g5yq.jpg\" alt=\"\"  width=\"2064\" height=\"1152\"   \/><\/a><\/div>\n<div id=\"briti-2365383875\" class=\"briti-icerikten-sonra_2\" style=\"margin-top: 25px;margin-bottom: 25px;\"><a href=\"https:\/\/wa.me\/message\/NDZLLIOQT4H3O1\" aria-label=\"bytv reklam banner\"><img loading=\"lazy\" decoding=\"async\" src=\"https:\/\/by-tv.co.uk\/wp-content\/uploads\/2025\/12\/bytv-reklam-banner.jpg\" alt=\"\"  width=\"2376\" height=\"1008\"   \/><\/a><\/div>","protected":false},"excerpt":{"rendered":"<p>Invest in Turkey &amp; UK-Turkey Overseas Investment Digital Forum 2020 8. T\u00fcrkiye\u2019de Yat\u0131r\u0131m Forumu ve 3. \u00a0\u0130ngiltere T\u00fcrkiye Yurt d\u0131\u015f\u0131 Yat\u0131r\u0131m Forumu; koronavir\u00fcs \u00f6nlemleri nedeniyle\u00a0 17-18 Eyl\u00fcl&#8217;de online olarak yap\u0131lacak. EEL Events taraf\u0131ndan d\u00fczenlenen ve Brit-i\u015f Ya\u015fam Tv&#8217;nin medya sponsoru oldu\u011fu etkinlik 2 g\u00fcn s\u00fcrecek. Forum T\u00fcrkiye&#8217;deki yat\u0131r\u0131m f\u0131rsatlar\u0131 ve T\u00fcrk i\u015f insanlar\u0131n\u0131n yurt d\u0131\u015f\u0131ndaki yat\u0131r\u0131m f\u0131rsatlar\u0131n\u0131 g\u00f6zden ge\u00e7irmenin yan\u0131 s\u0131ra Covid-19 salg\u0131n\u0131 s\u0131ras\u0131nda kar\u015f\u0131la\u015f\u0131lan zorluklar\u0131 ve gelecekteki durumu tart\u0131\u015fmak ve gelecek i\u00e7in bir plan haz\u0131rlamak i\u00e7in \u00e7e\u015fitli sekt\u00f6rlerden temsilcileri bir araya getiriyor. 17-18 Eyl\u00fcl tarihlerinde d\u00fczenlenecek Invest in Turkey &amp; UK-Turkey Overseas Investment Virtual Forum\u2019a kat\u0131lmak i\u00e7in yerinizi \u00dcCRETS\u0130Z [&hellip;]<\/p>\n","protected":false},"author":1,"featured_media":5349,"comment_status":"open","ping_status":"open","sticky":false,"template":"","format":"standard","meta":{"ngg_post_thumbnail":0,"footnotes":""},"categories":[1272],"tags":[1585,1589,1592,1588,892,1595,1586,1590,1587,1593,1594,1591],"class_list":["post-5343","post","type-post","status-publish","format-standard","has-post-thumbnail","hentry","category-ekonomi","tag-8-turkiyede-yatirim-forumu","tag-bstdb","tag-deutsche-bank","tag-ebrd","tag-ergin-balabeyoglu","tag-london-bridge-project","tag-nvest-in-turkey-uk-turkey-overseas-investment-virtual-forum","tag-profinstance-advisory-training-inc","tag-socar","tag-turkerler-holding","tag-turkish-trade-center","tag-unlu-co"],"_links":{"self":[{"href":"https:\/\/by-tv.co.uk\/en\/wp-json\/wp\/v2\/posts\/5343","targetHints":{"allow":["GET"]}}],"collection":[{"href":"https:\/\/by-tv.co.uk\/en\/wp-json\/wp\/v2\/posts"}],"about":[{"href":"https:\/\/by-tv.co.uk\/en\/wp-json\/wp\/v2\/types\/post"}],"author":[{"embeddable":true,"href":"https:\/\/by-tv.co.uk\/en\/wp-json\/wp\/v2\/users\/1"}],"replies":[{"embeddable":true,"href":"https:\/\/by-tv.co.uk\/en\/wp-json\/wp\/v2\/comments?post=5343"}],"version-history":[{"count":0,"href":"https:\/\/by-tv.co.uk\/en\/wp-json\/wp\/v2\/posts\/5343\/revisions"}],"wp:featuredmedia":[{"embeddable":true,"href":"https:\/\/by-tv.co.uk\/en\/wp-json\/wp\/v2\/media\/5349"}],"wp:attachment":[{"href":"https:\/\/by-tv.co.uk\/en\/wp-json\/wp\/v2\/media?parent=5343"}],"wp:term":[{"taxonomy":"category","embeddable":true,"href":"https:\/\/by-tv.co.uk\/en\/wp-json\/wp\/v2\/categories?post=5343"},{"taxonomy":"post_tag","embeddable":true,"href":"https:\/\/by-tv.co.uk\/en\/wp-json\/wp\/v2\/tags?post=5343"}],"curies":[{"name":"wp","href":"https:\/\/api.w.org\/{rel}","templated":true}]}}