{"id":5340,"date":"2020-08-26T19:12:38","date_gmt":"2020-08-26T16:12:38","guid":{"rendered":"https:\/\/by-tv.co.uk\/?p=5340"},"modified":"2020-08-26T19:51:55","modified_gmt":"2020-08-26T16:51:55","slug":"ingiltere-basbakani-boris-johnsonun-bir-yili-nasil-gecti","status":"publish","type":"post","link":"https:\/\/by-tv.co.uk\/en\/ingiltere-basbakani-boris-johnsonun-bir-yili-nasil-gecti\/","title":{"rendered":"\u0130ngiltere Ba\u015fbakan\u0131 Boris Johnson&#8217;un bir y\u0131l\u0131 nas\u0131l ge\u00e7ti?"},"content":{"rendered":"<p><strong>Ba\u015fbakan\u0131 Johnson 1 y\u0131lda, Brexit, ekonomik adalet ve pandemi ile m\u00fccadele gibi konularda pek ba\u015far\u0131l\u0131 olamad\u0131<\/strong><\/p>\n<p>\u201cBoris, ba\u015far\u0131 s\u0131k\u0131 \u00e7al\u0131\u015fmadan de\u011fil de saf zek\u00e2dan geldi\u011finde, onu kucaklayabiliyor. (\u2026) Ba\u015far\u0131n\u0131n ve onunla gelen gururun ans\u0131z\u0131n kuca\u011f\u0131na d\u00fc\u015fmesini bekliyor; ama yapmas\u0131 gereken, onlar i\u00e7in \u00e7al\u0131\u015fmakt\u0131r.\u2019\u2019 Derslere ge\u00e7 kalan, m\u00fcnazaralara haz\u0131rlanmadan \u00e7\u0131kan, kendine g\u00fcvenen ama \u00f6zg\u00fcvenin b\u00fct\u00fcn sorunlar\u0131na \u00e7\u00f6z\u00fcm olabilece\u011fini de zanneden \u2018zeki ama tembel\u2019 bir liseli gencin, ailesine giden mektupta okul m\u00fcd\u00fcr\u00fc b\u00f6yle s\u00f6yl\u00fcyordu. O gen\u00e7, daha bebekken \u2018D\u00fcnya Kral\u0131\u2019 olmak istedi\u011fini s\u00f6yleyerek siyasi h\u0131rslar\u0131n\u0131 a\u00e7\u0131\u011fa vurmu\u015ftu. \u2018Kral\u2019 olamad\u0131 ama Boris Johnson, tam bir y\u0131ld\u0131r Birle\u015fik Krall\u0131k\u2019\u0131n Ba\u015fbakan\u0131.<\/p>\n<p>O bir y\u0131l\u0131n i\u00e7ine onlarca ki\u015finin \u00f6mr\u00fcnde ya\u015fand\u0131\u011f\u0131ndan fazlas\u0131 s\u0131\u011fd\u0131: Johnson hem modern Britanya siyasetinin en g\u00f6rkemli se\u00e7im zaferlerinden birini kazand\u0131; hem \u00e7ocu\u011fu oldu; ekonomi, son 40 y\u0131l\u0131n en b\u00fcy\u00fck darbesini ald\u0131; \u0130ngiltere, Avrupa\u2019n\u0131n COVID-19 salg\u0131n\u0131na en fazla vatanda\u015f\u0131n\u0131 kaybeden \u00fclkesi pozisyonuna d\u00fc\u015ft\u00fc; hem de Ba\u015fbakan, az kals\u0131n salg\u0131nda hayat\u0131n\u0131 kaybediyordu\u2026<\/p><div id=\"briti-3922925924\" class=\"briti-icerik\" style=\"margin-top: 5px;margin-bottom: 5px;\"><a href=\"https:\/\/piaryum.com\/services\/\" aria-label=\"piaryum banner\"><img loading=\"lazy\" decoding=\"async\" src=\"https:\/\/by-tv.co.uk\/wp-content\/uploads\/2025\/12\/Gemini_Generated_Image_g5yqr1g5yqr1g5yq.jpg\" alt=\"\"  width=\"2064\" height=\"1152\"   \/><\/a><\/div>\n<p><iframe loading=\"lazy\" src=\"https:\/\/www.youtube.com\/embed\/OnIoP3He9HI\" width=\"1280\" height=\"720\" frameborder=\"0\" allowfullscreen=\"allowfullscreen\"><\/iframe><br \/>\nFakat, b\u00fct\u00fcn bunlara ra\u011fmen Johnson, rakibi \u0130\u015f\u00e7i Partisi lideri Keir Starmer\u2019dan h\u00e2l\u00e2 daha pop\u00fcler; partisi, son 7 ayda yap\u0131lan anketlerde y\u00fczde 40\u2019\u0131n alt\u0131na d\u00fc\u015fmedi. \u0130\u015f\u00e7i Partisi, b\u00fct\u00fcn bu \u00e7\u0131lg\u0131nl\u0131k ya\u015fan\u0131rken, hi\u00e7bir ankette Muhafazak\u00e2rlar\u0131n \u00f6n\u00fcne 2 puandan fazla \u00e7\u0131kamad\u0131. Bu, \u0130kinci D\u00fcnya Sava\u015f\u0131\u2019ndan beri hi\u00e7bir Britanya h\u00fck\u00fcmetinin yakalayamad\u0131\u011f\u0131 bir istikrar.<\/p>\n<p>Bu noktada, asl\u0131nda Johnson\u2019\u0131n s\u0131n\u0131fsal ve k\u00fclt\u00fcrel ayr\u0131\u015fmalar aras\u0131nda kurdu\u011fu se\u00e7men koalisyonu \u00f6nemli bir rol oynuyor \u2013 ve ba\u015fbakana 80 sandalyelik mutlak \u00e7o\u011funlu\u011fu getiren bu koalisyon bozulmad\u0131\u011f\u0131 s\u00fcrece Johnson ve partisinin pop\u00fclaritesi k\u0131r\u0131lamayacak gibi duruyor. Zira ba\u015fbakan\u0131n, Avrupa Birli\u011fi ile yapt\u0131\u011f\u0131 \u2018\u00e7\u0131k\u0131\u015f anla\u015fmas\u0131\u2019 Meclis\u2019ten ge\u00e7meyince \u2018Brexit\u2019i Halledelim\u2019 slogan\u0131yla girdi\u011fi erken se\u00e7imde, bir\u00e7o\u011fu on y\u0131llard\u0131r \u0130\u015f\u00e7i Partisi\u2019ne oy veren 47 se\u00e7im b\u00f6lgesinde, Muhafazak\u00e2r \u00e7o\u011funluk \u00e7\u0131kt\u0131. \u00dclkenin end\u00fcstri kentlerinin olu\u015fturdu\u011fu ve hem \u0130\u015f\u00e7i Partisi\u2019ne hem de Brexit\u2019e oy veren \u2018K\u0131z\u0131l Duvar\u2019, y\u0131k\u0131ld\u0131.<\/p>\n<p>Bu duvar\u0131 y\u0131kan da asl\u0131nda Johnson\u2019\u0131n ekonomide sol (ve siyasetin uzun zamand\u0131r g\u00f6rmezden geldi\u011fi bu \u2018Londra-d\u0131\u015f\u0131\u2019 b\u00f6lgelere yat\u0131r\u0131m vaat eden) k\u00fclt\u00fcrel meselelerde ise sa\u011f bir s\u00f6ylemi sahiplenebilmesi oldu. Brexit\u2019in \u00e7atla\u011f\u0131, bir k\u00fclt\u00fcr sava\u015f\u0131na sebebiyet verdi; \u00fcstelik her ne kadar referandum sonucu nerdeyse yar\u0131 yar\u0131ya \u00e7\u0131km\u0131\u015f olsa da, parlamentoda kendine temsil bulan se\u00e7im b\u00f6lgelerinin y\u00fczde 60\u2019\u0131 \u2018\u00e7\u0131kal\u0131m\u2019 demi\u015fti. Hem Brexit art\u0131k bitsin hem de h\u00fck\u00fcmet nezdinde g\u00f6r\u00fcn\u00fcr olmak isteyen kitleler, Muhafazak\u00e2rlar\u2019a oy verdi. Brexit koalisyonu Johnson\u2019\u0131n liderli\u011finde kuruldu. (Tabii \u0130\u015f\u00e7i Partisi\u2019nin o d\u00f6nemki lideri Jeremy Corbyn\u2019in tarihi anti-pop\u00fclaritesi ve Brexit konusunda ne dedi\u011finin belli olmamas\u0131 da Johnson\u2019\u0131n i\u015fine yarad\u0131.)<\/p>\n<p>***<\/p>\n<p>Siyaset Bilimci Matthew Goodwin, bu k\u00fclt\u00fcrel ayr\u0131\u015fmay\u0131 \u2018umutlular\u2019 ve \u2018y\u0131k\u0131m-sevici\u2019lerin \u00e7at\u0131\u015fmas\u0131 olarak kodluyor. Zira \u015fehirli, iyi e\u011fitimli, sola meyilli Guardian okurlar\u0131, \u00fclkelerinin Avrupa Birli\u011fi\u2019nin bir par\u00e7as\u0131 olmad\u0131\u011f\u0131 takdirde gelecek \u2018felaket\u2019ten, \u2018eski \u015fa\u015fal\u0131 g\u00fcnlerin geride kald\u0131\u011f\u0131\u2019ndan bahsederken; \u00fclkenin geri kalan\u0131 Johnson\u2019\u0131n da\u011f\u0131n\u0131k sar\u0131 sa\u00e7lar\u0131 ve \u2018\u00fclkenin potansiyelini a\u00e7\u0131\u011fa \u00e7\u0131kartaca\u011f\u0131\u2019na y\u00f6nelik s\u00f6yleminden etkilendi. Benzer \u015fekilde Johnson\u2019a e\u015f de\u011fer derecede pop\u00fcler bir \u015fekilde se\u00e7ilen Margaret Thatcher da \u2018umutsuz\u2019 ve \u2018kendi tarihinden utanan\u2019 bir radikal sola kar\u015f\u0131, Johnson\u2019\u0131nki kadar b\u00fcy\u00fck bir zafer kazanm\u0131\u015f, K\u0131z\u0131l Duvar\u0131 o da y\u0131km\u0131\u015ft\u0131. S\u0131n\u0131fsal \u00e7\u0131karlar ile k\u00fclt\u00fcrel de\u011ferler aras\u0131ndaki sava\u015f\u0131n kazanan\u0131, \u00e7\u0131karlar olmad\u0131.<\/p>\n<p>\u0130\u015f\u00e7i Partisi\u2019nin Starmer liderli\u011finde Corbyn ba\u011f\u0131ndan h\u0131zl\u0131 bir \u015fekilde kurtulmaya ba\u015flamas\u0131 da -her ne kadar lideri, Johnson\u2019a yak\u0131n bir pop\u00fclariteye getirmi\u015f olsa da- parti, h\u00e2l\u00e2 Muhafazak\u00e2rlar\u0131n ortalama 7 puan gerisinde g\u00f6z\u00fck\u00fcyor. K\u0131z\u0131l Duvar\u2019\u0131n i\u015f\u00e7i s\u0131n\u0131f\u0131 ve \u015fehirli olmayan n\u00fcfus da ba\u015fbakan\u0131n liderli\u011fini \u2018iyi\u2019 buluyor. Kom\u015fular\u0131na nazaran salg\u0131n\u0131 en a\u011f\u0131r ge\u00e7iren \u00fclkenin y\u00fczde 43\u2019\u00fc, Johnson\u2019\u0131n pandemi s\u00fcrecini de iyi y\u00f6netti\u011fini d\u00fc\u015f\u00fcn\u00fcyor.<\/p>\n<p>Ancak Johnson\u2019\u0131n pop\u00fclaritesini her \u015feye ra\u011fmen koruyabilmesi, Birle\u015fik Krall\u0131k\u2019taki k\u00fclt\u00fcrel b\u00f6l\u00fcnmenin ne kadar derine indi\u011fini g\u00f6steriyor; her \u015feyin iyiye gitti\u011fini g\u00f6stermiyor. Zira bir zamanlar\u0131n \u2018zeki ama tembel\u2019 genci, elini att\u0131\u011f\u0131 hemen her soruna kolunu kapt\u0131rd\u0131; verdi\u011fi s\u00f6zlerin \u00f6nemli bir k\u0131sm\u0131n\u0131 -hen\u00fcz- tutamad\u0131.<\/p>\n<p>***<\/p>\n<p>Johnson\u2019\u0131n h\u00fck\u00fcmete gelirken verdi\u011fi s\u00f6zler de son 1 y\u0131lda kar\u015f\u0131s\u0131na \u00e7\u0131kan ana meseleler de belli: Brexit, ekonomik adalet ve pandemi. Brexit\u2019i her ne kadar Ekim 2019\u2019da bitirece\u011fini s\u00f6ylemi\u015f olsa da, Parlamento\u2019nun onay\u0131n\u0131 alamay\u0131nca i\u015f, erken se\u00e7ime kalm\u0131\u015ft\u0131. Fakat se\u00e7im zaferi de y\u0131lan hikayesine d\u00f6nen bu s\u00fcreci tamamlamaya yeten bir kazan\u0131m de\u011fil. Zira Birle\u015fik Krall\u0131k her ne kadar AB\u2019nin karar verme a\u015famalar\u0131nda art\u0131k s\u00f6z sahibi olmasa da h\u00e2l\u00e2 Avrupa hukukuna ba\u011fl\u0131 bir \u015fekilde i\u015fliyor; en erken ge\u00e7i\u015f s\u00fcrecinin bitece\u011fi 31 Aral\u0131k\u2019a kadar da bu b\u00f6yle olacak. Ayr\u0131ca h\u00fck\u00fcmetin AB ile ekonomik ili\u015fkilerine temel olacak bir ticaret anla\u015fmas\u0131 da imzalamas\u0131 gerekiyor ama bu anla\u015fmalar, normalde, y\u0131llar s\u00fcren pazarl\u0131klar sonucu imzalan\u0131yor. Bir de \u00fczerine pandemi eklendi, tabii. Johnson ise, o tan\u0131d\u0131k g\u00fcl\u00fcmsemesi ve nerden geldi\u011fi \u00e7o\u011funlukla belli olmayan iyimserli\u011fiyle, 31 Aral\u0131k\u2019a kadar bu i\u015fin de bitece\u011fini iddia ediyor. Yani, \u201cBrexit\u2019i halledelim\u201d bir slogan; y\u0131lan hik\u00e2yesi s\u00fcr\u00fcyor.<\/p>\n<p>***<\/p>\n<p>\u00dclkenin uzun y\u0131llard\u0131r \u2018geride b\u0131rak\u0131lan\u2019, devletten destek alamayan, kamu harcamalar\u0131 azald\u0131k\u00e7a artan e\u015fitsizlikten negatif anlamda etkilenen k\u0131s\u0131mlar\u0131n\u0131n beklentisiyse -Brexit\u2019in yan\u0131 s\u0131ra- Johnson\u2019\u0131n ekonomik adaleti sa\u011flamas\u0131yd\u0131. D\u00fcr\u00fcst olmak gerekirse, h\u00fck\u00fcmetin eli, en \u00e7ok burada g\u00fc\u00e7l\u00fc. Zira Johnson, kendinden \u00f6nceki kemer s\u0131kma sevdal\u0131s\u0131 Muhafazak\u00e2r h\u00fck\u00fcmetlerin miras\u0131n\u0131 a\u00e7\u0131k\u00e7a reddetti ve -ge\u00e7mi\u015f 10 y\u0131la k\u0131yasla- kamu harcamalar\u0131nda devletin cebini millete a\u00e7t\u0131. Fakat geldikleri nokta, geli\u015fmi\u015f \u00fclkelerin kamu harcamalar\u0131ndaki ortalama. Bir ad\u0131m fazlas\u0131 de\u011fil. Ayr\u0131ca \u00fclkenin d\u00f6rt bir yan\u0131na gidecek yat\u0131r\u0131mlar\u0131 da tamamen Londra\u2019dan y\u00f6netiyorlar; yerel y\u00f6netimlerin yetkilerini geni\u015fletmiyorlar. Yani, Johnson\u2019\u0131 bir working class hero (i\u015f\u00e7i s\u0131n\u0131f\u0131 kahraman\u0131) olarak g\u00f6rmek de do\u011fru de\u011fil.<\/p>\n<p>***<\/p>\n<p>Pandemiyse, tabii ki Johnson\u2019\u0131n ajandas\u0131na olan bir mesele de\u011fildi. Ancak ajandas\u0131na da, bir\u00e7ok \u00fclkeye nazaran epeyi ge\u00e7 girdi. Zira devletin a\u00e7\u0131k kaynak bilgilerine g\u00f6re Johnson, Avrupa alarm vermeye ba\u015flad\u0131\u011f\u0131 h\u00e2lde h\u00fck\u00fcmetin \u2018acil\u2019 toplant\u0131lar\u0131na kat\u0131lm\u0131yor, bir tanesi s\u0131ras\u0131nda yazl\u0131k evinde \u2018hafta sonu tatili\u2019 yap\u0131yordu. Uyand\u0131klar\u0131ndaysa \u00f6nce \u2018s\u00fcr\u00fc ba\u011f\u0131\u015f\u0131kl\u0131\u011f\u0131\u2019ndan (bir h\u00fck\u00fcmet politikas\u0131 olarak de\u011ferlendirilmemesine ra\u011fmen) bahsettiler; karantina uygulay\u0131p uygulamamakta teredd\u00fct ettiler; h\u00e2l\u00e2 kimin, nerede, ne zaman maske takmas\u0131 gerekti\u011finde fikir birli\u011fine varabilmi\u015f de\u011filler. Ba\u015fta, Churchillmi\u015fcesine, \u201cBir\u00e7o\u011fumuz, b\u00fcy\u00fcklerimizi, vakitlerinden \u00f6nce kaybedece\u011fiz\u201d diyen Johnson, ge\u00e7ti\u011fimiz g\u00fcnlerde \u201cVir\u00fcs\u00fc \u00e7ok ge\u00e7 anlad\u0131k\u201d dedi. Zaten Parlamento da h\u00fck\u00fcmetin kriz y\u00f6netimini incelemeye de yak\u0131nda ba\u015fl\u0131yor. Ama \u00f6l\u00fcm\u00fc engellenebilecek \u2018bir\u00e7ok b\u00fcy\u00fck\u2019, vaktini dolduramadan gitti.<\/p>\n<p>Johnson, her ne kadar y\u00fcz\u00fc oldu\u011fu se\u00e7men koalisyonunun deste\u011fini h\u00e2l\u00e2 s\u0131rtlasa da kar\u015f\u0131s\u0131nda hemen hemen hi\u00e7 kimsenin sevmedi\u011fi Corbyn de yok; sadece laf \u00fcretme l\u00fcks\u00fcn\u00fc de yitirdi. Lise m\u00fcd\u00fcr\u00fcn\u00fcn dedi\u011fi gibi \u2018\u00e7ok \u00e7al\u0131\u015fmas\u0131 gerekiyor\u2019 ama sonu\u00e7lar, pek parlak g\u00f6z\u00fckm\u00fcyor. Zira baz\u0131 sorunlar\u0131n \u00fcstesinden gelmek i\u00e7in sadece zeka yetmiyor. Ba\u015far\u0131, o gen\u00e7 o\u011flan\u0131n zannetti\u011fi gibi, kimsenin kuca\u011f\u0131na ans\u0131z\u0131n d\u00fc\u015fm\u00fcyor.<\/p>\n<p>Yaz\u0131 Kaynak: Karar Gazetesi<\/p>\n<p>Video: Brit-\u0130\u015f Ya\u015fam TV<\/p>\n<div id=\"briti-3501793303\" class=\"briti-icerikten-sonra_2\" style=\"margin-top: 25px;margin-bottom: 25px;\"><a href=\"https:\/\/wa.me\/message\/NDZLLIOQT4H3O1\" aria-label=\"bytv reklam banner\"><img loading=\"lazy\" decoding=\"async\" src=\"https:\/\/by-tv.co.uk\/wp-content\/uploads\/2025\/12\/bytv-reklam-banner.jpg\" alt=\"\"  width=\"2376\" height=\"1008\"   \/><\/a><\/div>","protected":false},"excerpt":{"rendered":"<p>Ba\u015fbakan\u0131 Johnson 1 y\u0131lda, Brexit, ekonomik adalet ve pandemi ile m\u00fccadele gibi konularda pek ba\u015far\u0131l\u0131 olamad\u0131 \u201cBoris, ba\u015far\u0131 s\u0131k\u0131 \u00e7al\u0131\u015fmadan de\u011fil de saf zek\u00e2dan geldi\u011finde, onu kucaklayabiliyor. (\u2026) Ba\u015far\u0131n\u0131n ve onunla gelen gururun ans\u0131z\u0131n kuca\u011f\u0131na d\u00fc\u015fmesini bekliyor; ama yapmas\u0131 gereken, onlar i\u00e7in \u00e7al\u0131\u015fmakt\u0131r.\u2019\u2019 Derslere ge\u00e7 kalan, m\u00fcnazaralara haz\u0131rlanmadan \u00e7\u0131kan, kendine g\u00fcvenen ama \u00f6zg\u00fcvenin b\u00fct\u00fcn sorunlar\u0131na \u00e7\u00f6z\u00fcm olabilece\u011fini de zanneden \u2018zeki ama tembel\u2019 bir liseli gencin, ailesine giden mektupta okul m\u00fcd\u00fcr\u00fc b\u00f6yle s\u00f6yl\u00fcyordu. O gen\u00e7, daha bebekken \u2018D\u00fcnya Kral\u0131\u2019 olmak istedi\u011fini s\u00f6yleyerek siyasi h\u0131rslar\u0131n\u0131 a\u00e7\u0131\u011fa vurmu\u015ftu. \u2018Kral\u2019 olamad\u0131 ama Boris Johnson, tam bir y\u0131ld\u0131r Birle\u015fik Krall\u0131k\u2019\u0131n Ba\u015fbakan\u0131. O bir y\u0131l\u0131n i\u00e7ine [&hellip;]<\/p>\n","protected":false},"author":1,"featured_media":0,"comment_status":"open","ping_status":"open","sticky":false,"template":"","format":"standard","meta":{"ngg_post_thumbnail":0,"footnotes":""},"categories":[15],"tags":[172,149,766,815,1550,968],"class_list":["post-5340","post","type-post","status-publish","format-standard","hentry","category-ingiltere","tag-brexit","tag-ingiltere","tag-jeremy-corbyn","tag-johnson","tag-pandemi","tag-starmer"],"_links":{"self":[{"href":"https:\/\/by-tv.co.uk\/en\/wp-json\/wp\/v2\/posts\/5340","targetHints":{"allow":["GET"]}}],"collection":[{"href":"https:\/\/by-tv.co.uk\/en\/wp-json\/wp\/v2\/posts"}],"about":[{"href":"https:\/\/by-tv.co.uk\/en\/wp-json\/wp\/v2\/types\/post"}],"author":[{"embeddable":true,"href":"https:\/\/by-tv.co.uk\/en\/wp-json\/wp\/v2\/users\/1"}],"replies":[{"embeddable":true,"href":"https:\/\/by-tv.co.uk\/en\/wp-json\/wp\/v2\/comments?post=5340"}],"version-history":[{"count":0,"href":"https:\/\/by-tv.co.uk\/en\/wp-json\/wp\/v2\/posts\/5340\/revisions"}],"wp:attachment":[{"href":"https:\/\/by-tv.co.uk\/en\/wp-json\/wp\/v2\/media?parent=5340"}],"wp:term":[{"taxonomy":"category","embeddable":true,"href":"https:\/\/by-tv.co.uk\/en\/wp-json\/wp\/v2\/categories?post=5340"},{"taxonomy":"post_tag","embeddable":true,"href":"https:\/\/by-tv.co.uk\/en\/wp-json\/wp\/v2\/tags?post=5340"}],"curies":[{"name":"wp","href":"https:\/\/api.w.org\/{rel}","templated":true}]}}